{"id":2543,"date":"2025-04-10T18:22:26","date_gmt":"2025-04-10T18:22:26","guid":{"rendered":"https:\/\/radioecoutefm.com\/?p=2543"},"modified":"2025-04-10T18:22:26","modified_gmt":"2025-04-10T18:22:26","slug":"elon-musk-voulait-couper-laide-la-justice-americaine-sauve-haiti-in-extremis","status":"publish","type":"post","link":"https:\/\/radioecoutefm.com\/index.php\/2025\/04\/10\/elon-musk-voulait-couper-laide-la-justice-americaine-sauve-haiti-in-extremis\/","title":{"rendered":"Elon Musk voulait couper l\u2019aide : la justice am\u00e9ricaine sauve Ha\u00efti in extremis"},"content":{"rendered":"<p>Alors qu\u2019Ha\u00efti traverse une crise multidimensionnelle marqu\u00e9e par la violence des gangs, l\u2019ins\u00e9curit\u00e9 alimentaire et l\u2019effondrement des institutions, une rare bonne nouvelle est venue d\u2019un tribunal f\u00e9d\u00e9ral \u00e0 Washington. La <em>Inter-American Foundation<\/em> (IAF), une agence am\u00e9ricaine qui finan\u00e7ait des projets de d\u00e9veloppement communautaire dans le pays, a \u00e9t\u00e9 sauv\u00e9e in extremis par une d\u00e9cision de justice. La juge Loren L. Alikhan a annul\u00e9 les mesures du <em>Department of Government Efficiency<\/em> (DOGE), qui avait abruptement licenci\u00e9 la direction de l\u2019agence, r\u00e9sili\u00e9 tous ses contrats et tent\u00e9 de la d\u00e9manteler.<\/p>\n<p>Cette d\u00e9cision judiciaire offre un r\u00e9pit crucial pour des milliers d\u2019Ha\u00eftiens qui b\u00e9n\u00e9ficiaient directement des programmes de l\u2019IAF. Avant son interruption, l\u2019agence soutenait des projets touchant plus de 81 000 personnes, dont 14 500 petits agriculteurs qui recevaient des semences, outils et formations, ainsi que 15 000 Ha\u00eftiens qui d\u00e9pendaient de soins m\u00e9dicaux financ\u00e9s par ses subventions. Le d\u00e9mant\u00e8lement aurait port\u00e9 un coup fatal \u00e0 ces initiatives locales, men\u00e9es par les Ha\u00eftiens eux-m\u00eames dans un contexte o\u00f9 peu d\u2019aides internationales arrivent jusqu\u2019aux communaut\u00e9s vuln\u00e9rables.<\/p>\n<p>Ce sursis donne \u00e0 Ha\u00efti une opportunit\u00e9, aussi fragile soit-elle, de continuer \u00e0 b\u00e2tir des solutions durables de l\u2019int\u00e9rieur, gr\u00e2ce \u00e0 des partenariats ancr\u00e9s dans les besoins r\u00e9els du terrain. Alors que la communaut\u00e9 internationale peine \u00e0 r\u00e9pondre efficacement \u00e0 la crise ha\u00eftienne, la survie de l\u2019IAF symbolise l\u2019importance de soutenir les efforts de d\u00e9veloppement locaux, plut\u00f4t que d\u2019imposer des solutions \u00e0 distance. Mais cette victoire reste pr\u00e9caire : le gouvernement am\u00e9ricain a d\u00e9j\u00e0 annonc\u00e9 son intention de faire appel, ce qui laisse planer l\u2019incertitude sur l\u2019avenir de cette aide essentielle.<\/p>\n","protected":false},"excerpt":{"rendered":"<p>Alors qu\u2019Ha\u00efti traverse une crise multidimensionnelle marqu\u00e9e par la violence des gangs, l\u2019ins\u00e9curit\u00e9 alimentaire et l\u2019effondrement des institutions, une rare bonne nouvelle est venue d\u2019un tribunal f\u00e9d\u00e9ral \u00e0 Washington. La Inter-American Foundation (IAF), une agence am\u00e9ricaine qui finan\u00e7ait des projets de d\u00e9veloppement communautaire dans le pays, a \u00e9t\u00e9 sauv\u00e9e in extremis par une d\u00e9cision de [&hellip;]<\/p>\n","protected":false},"author":1,"featured_media":2544,"comment_status":"open","ping_status":"open","sticky":false,"template":"","format":"standard","meta":{"_uag_custom_page_level_css":"","jetpack_post_was_ever_published":false,"_jetpack_newsletter_access":"","_jetpack_dont_email_post_to_subs":false,"_jetpack_newsletter_tier_id":0,"_jetpack_memberships_contains_paywalled_content":false,"_jetpack_memberships_contains_paid_content":false,"footnotes":"","jetpack_publicize_message":"","jetpack_publicize_feature_enabled":true,"jetpack_social_post_already_shared":true,"jetpack_social_options":{"image_generator_settings":{"template":"highway","default_image_id":0,"font":"","enabled":false},"version":2}},"categories":[46],"tags":[],"ppma_author":[15],"class_list":["post-2543","post","type-post","status-publish","format-standard","has-post-thumbnail","hentry","category-international"],"aioseo_notices":[],"jetpack_publicize_connections":[],"jetpack_featured_media_url":"https:\/\/i0.wp.com\/radioecoutefm.com\/wp-content\/uploads\/2025\/04\/Untitled.jpg?fit=429%2C117&ssl=1","uagb_featured_image_src":{"full":["https:\/\/i0.wp.com\/radioecoutefm.com\/wp-content\/uploads\/2025\/04\/Untitled.jpg?fit=429%2C117&ssl=1",429,117,false],"thumbnail":["https:\/\/i0.wp.com\/radioecoutefm.com\/wp-content\/uploads\/2025\/04\/Untitled.jpg?resize=150%2C117&ssl=1",150,117,true],"medium":["https:\/\/i0.wp.com\/radioecoutefm.com\/wp-content\/uploads\/2025\/04\/Untitled.jpg?fit=300%2C82&ssl=1",300,82,true],"medium_large":["https:\/\/i0.wp.com\/radioecoutefm.com\/wp-content\/uploads\/2025\/04\/Untitled.jpg?fit=429%2C117&ssl=1",429,117,true],"large":["https:\/\/i0.wp.com\/radioecoutefm.com\/wp-content\/uploads\/2025\/04\/Untitled.jpg?fit=429%2C117&ssl=1",429,117,true],"1536x1536":["https:\/\/i0.wp.com\/radioecoutefm.com\/wp-content\/uploads\/2025\/04\/Untitled.jpg?fit=429%2C117&ssl=1",429,117,true],"2048x2048":["https:\/\/i0.wp.com\/radioecoutefm.com\/wp-content\/uploads\/2025\/04\/Untitled.jpg?fit=429%2C117&ssl=1",429,117,true],"newsair-slider-full":["https:\/\/i0.wp.com\/radioecoutefm.com\/wp-content\/uploads\/2025\/04\/Untitled.jpg?resize=429%2C117&ssl=1",429,117,true],"newsair-featured":["https:\/\/i0.wp.com\/radioecoutefm.com\/wp-content\/uploads\/2025\/04\/Untitled.jpg?fit=429%2C117&ssl=1",429,117,true],"newsair-medium":["https:\/\/i0.wp.com\/radioecoutefm.com\/wp-content\/uploads\/2025\/04\/Untitled.jpg?resize=429%2C117&ssl=1",429,117,true]},"uagb_author_info":{"display_name":"Ecoute FM","author_link":"https:\/\/radioecoutefm.com\/index.php\/author\/borgellaattis\/"},"uagb_comment_info":0,"uagb_excerpt":"Alors qu\u2019Ha\u00efti traverse une crise multidimensionnelle marqu\u00e9e par la violence des gangs, l\u2019ins\u00e9curit\u00e9 alimentaire et l\u2019effondrement des institutions, une rare bonne nouvelle est venue d\u2019un tribunal f\u00e9d\u00e9ral \u00e0 Washington. La Inter-American Foundation (IAF), une agence am\u00e9ricaine qui finan\u00e7ait des projets de d\u00e9veloppement communautaire dans le pays, a \u00e9t\u00e9 sauv\u00e9e in extremis par une d\u00e9cision de&hellip;","jetpack_sharing_enabled":true,"jetpack_shortlink":"https:\/\/wp.me\/pgoyna-F1","jetpack-related-posts":[{"id":1301,"url":"https:\/\/radioecoutefm.com\/index.php\/2025\/03\/05\/etats-unis-la-cour-supreme-somme-ladministration-trump-de-payer-une-partie-de-laide-internationale-gelee\/","url_meta":{"origin":2543,"position":0},"title":"\u00c9tats-Unis: la Cour supr\u00eame somme l&#8217;administration Trump de payer une partie de l&#8217;aide internationale gel\u00e9e","author":"Ecoute FM","date":"05.03.2025","format":false,"excerpt":"La Cour supr\u00eame am\u00e9ricaine, \u00e0 majorit\u00e9 conservatrice, a r\u00e9tabli mercredi une d\u00e9cision de justice sommant l'administration Trump de reprendre les versements dus \u00e0 des organisations d'aide internationale, d'un montant estim\u00e9 \u00e0 quelque 1,5 \u00e0 2 milliards de dollars. Deux milliards de financements gel\u00e9s d\u00e8s le premier jour du mandat de\u2026","rel":"","context":"In &quot;INTERNATIONAL&quot;","block_context":{"text":"INTERNATIONAL","link":"https:\/\/radioecoutefm.com\/index.php\/category\/international\/"},"img":{"alt_text":"","src":"https:\/\/i0.wp.com\/radioecoutefm.com\/wp-content\/uploads\/2025\/03\/TRUMP.jpg?fit=1000%2C500&ssl=1&resize=350%2C200","width":350,"height":200,"srcset":"https:\/\/i0.wp.com\/radioecoutefm.com\/wp-content\/uploads\/2025\/03\/TRUMP.jpg?fit=1000%2C500&ssl=1&resize=350%2C200 1x, https:\/\/i0.wp.com\/radioecoutefm.com\/wp-content\/uploads\/2025\/03\/TRUMP.jpg?fit=1000%2C500&ssl=1&resize=525%2C300 1.5x, https:\/\/i0.wp.com\/radioecoutefm.com\/wp-content\/uploads\/2025\/03\/TRUMP.jpg?fit=1000%2C500&ssl=1&resize=700%2C400 2x"},"classes":[]},{"id":4128,"url":"https:\/\/radioecoutefm.com\/index.php\/2025\/05\/10\/onze-soldats-equatoriens-tues-par-une-dissidence-des-ex-farc-lors-dune-operation-en-amazonie\/","url_meta":{"origin":2543,"position":1},"title":"Onze soldats \u00e9quatoriens tu\u00e9s par une dissidence des ex-FARC lors d\u2019une op\u00e9ration en Amazonie","author":"Ecoute FM","date":"10.05.2025","format":false,"excerpt":"Onze militaires \u00e9quatoriens ont \u00e9t\u00e9 tu\u00e9s vendredi dans la r\u00e9gion amazonienne d\u2019Alto Punino, pr\u00e8s de la fronti\u00e8re avec le P\u00e9rou, lors d\u2019une op\u00e9ration contre une mine ill\u00e9gale. Selon le parquet \u00e9quatorien, l\u2019attaque a \u00e9t\u00e9 perp\u00e9tr\u00e9e par les \u00ab\u00a0Commandos de la Fronti\u00e8re\u00a0\u00bb, une faction dissidente de la gu\u00e9rilla colombienne des ex-FARC,\u2026","rel":"","context":"In &quot;INTERNATIONAL&quot;","block_context":{"text":"INTERNATIONAL","link":"https:\/\/radioecoutefm.com\/index.php\/category\/international\/"},"img":{"alt_text":"","src":"https:\/\/i0.wp.com\/radioecoutefm.com\/wp-content\/uploads\/2025\/05\/IMG_1994.jpeg?fit=1024%2C580&ssl=1&resize=350%2C200","width":350,"height":200,"srcset":"https:\/\/i0.wp.com\/radioecoutefm.com\/wp-content\/uploads\/2025\/05\/IMG_1994.jpeg?fit=1024%2C580&ssl=1&resize=350%2C200 1x, https:\/\/i0.wp.com\/radioecoutefm.com\/wp-content\/uploads\/2025\/05\/IMG_1994.jpeg?fit=1024%2C580&ssl=1&resize=525%2C300 1.5x, https:\/\/i0.wp.com\/radioecoutefm.com\/wp-content\/uploads\/2025\/05\/IMG_1994.jpeg?fit=1024%2C580&ssl=1&resize=700%2C400 2x"},"classes":[]},{"id":5426,"url":"https:\/\/radioecoutefm.com\/index.php\/2025\/06\/27\/la-republique-dominicaine-fait-appel-a-une-firme-americaine-pour-redorer-son-image\/","url_meta":{"origin":2543,"position":2},"title":"La R\u00e9publique dominicaine fait appel \u00e0 une firme am\u00e9ricaine pour redorer son image","author":"Ecoute FM","date":"27.06.2025","format":false,"excerpt":"Face \u00e0 une crise humanitaire et s\u00e9curitaire qui ne cesse de s\u2019aggraver, Ha\u00efti voit chaque jour des milliers de ses citoyens fuir l\u2019instabilit\u00e9 politique, la violence des gangs. La R\u00e9publique dominicaine, voisine imm\u00e9diate, est devenue une terre de transit pour de nombreux Ha\u00eftiens, mais \u00e9galement le th\u00e9\u00e2tre de tensions croissantes,\u2026","rel":"","context":"In &quot;INTERNATIONAL&quot;","block_context":{"text":"INTERNATIONAL","link":"https:\/\/radioecoutefm.com\/index.php\/category\/international\/"},"img":{"alt_text":"","src":"https:\/\/i0.wp.com\/radioecoutefm.com\/wp-content\/uploads\/2025\/06\/Palace.png?fit=836%2C560&ssl=1&resize=350%2C200","width":350,"height":200,"srcset":"https:\/\/i0.wp.com\/radioecoutefm.com\/wp-content\/uploads\/2025\/06\/Palace.png?fit=836%2C560&ssl=1&resize=350%2C200 1x, https:\/\/i0.wp.com\/radioecoutefm.com\/wp-content\/uploads\/2025\/06\/Palace.png?fit=836%2C560&ssl=1&resize=525%2C300 1.5x, https:\/\/i0.wp.com\/radioecoutefm.com\/wp-content\/uploads\/2025\/06\/Palace.png?fit=836%2C560&ssl=1&resize=700%2C400 2x"},"classes":[]},{"id":3040,"url":"https:\/\/radioecoutefm.com\/index.php\/2025\/04\/17\/cloture-de-lenquete-americaine-sur-digicel-washington-tourne-la-page-haiti-reste-sceptique\/","url_meta":{"origin":2543,"position":3},"title":"Washington tourne la page de Digicel, Ha\u00efti reste sceptique","author":"Ecoute FM","date":"17.04.2025","format":false,"excerpt":"Selon un communiqu\u00e9 rapport\u00e9 par FCPA Professor, une publication sp\u00e9cialis\u00e9e sur l'application de la loi am\u00e9ricaine sur les pratiques de corruption \u00e0 l\u2019\u00e9tranger (FCPA), le d\u00e9partement de la Justice des \u00c9tats-Unis (DOJ) a officiellement clos son enqu\u00eate sur la soci\u00e9t\u00e9 de t\u00e9l\u00e9communications Digicel. L\u2019investigation, entam\u00e9e en novembre 2024, portait sur\u2026","rel":"","context":"In &quot;BUSINESS&quot;","block_context":{"text":"BUSINESS","link":"https:\/\/radioecoutefm.com\/index.php\/category\/business\/"},"img":{"alt_text":"","src":"https:\/\/i0.wp.com\/radioecoutefm.com\/wp-content\/uploads\/2025\/04\/digicel-logo-png_seeklogo-242395.png?fit=600%2C600&ssl=1&resize=350%2C200","width":350,"height":200,"srcset":"https:\/\/i0.wp.com\/radioecoutefm.com\/wp-content\/uploads\/2025\/04\/digicel-logo-png_seeklogo-242395.png?fit=600%2C600&ssl=1&resize=350%2C200 1x, https:\/\/i0.wp.com\/radioecoutefm.com\/wp-content\/uploads\/2025\/04\/digicel-logo-png_seeklogo-242395.png?fit=600%2C600&ssl=1&resize=525%2C300 1.5x"},"classes":[]},{"id":1972,"url":"https:\/\/radioecoutefm.com\/index.php\/2025\/03\/24\/mia-love-premiere-femme-haitiano-americaine-elue-au-congres-seteint-a-49-ans\/","url_meta":{"origin":2543,"position":4},"title":"Mia Love, premi\u00e8re femme ha\u00eftiano-am\u00e9ricaine \u00e9lue au Congr\u00e8s, s\u2019\u00e9teint \u00e0 49 ans","author":"Ecoute FM","date":"24.03.2025","format":false,"excerpt":"Mia Love, premi\u00e8re femme ha\u00eftiano-am\u00e9ricaine et premi\u00e8re femme noire r\u00e9publicaine \u00e9lue au Congr\u00e8s am\u00e9ricain, est d\u00e9c\u00e9d\u00e9e \u00e0 l\u2019\u00e2ge de 49 ans des suites d\u2019un combat contre le cancer. L\u2019ancienne \u00e9lue r\u00e9publicaine de l\u2019Utah, qui a si\u00e9g\u00e9 pendant deux mandats \u00e0 la Chambre des repr\u00e9sentants, s\u2019est \u00e9teinte ce dimanche \u00e0 son\u2026","rel":"","context":"In &quot;SOCIETE&quot;","block_context":{"text":"SOCIETE","link":"https:\/\/radioecoutefm.com\/index.php\/category\/societe\/"},"img":{"alt_text":"","src":"https:\/\/i0.wp.com\/radioecoutefm.com\/wp-content\/uploads\/2025\/03\/IMG_1471.jpeg?fit=1200%2C798&ssl=1&resize=350%2C200","width":350,"height":200,"srcset":"https:\/\/i0.wp.com\/radioecoutefm.com\/wp-content\/uploads\/2025\/03\/IMG_1471.jpeg?fit=1200%2C798&ssl=1&resize=350%2C200 1x, https:\/\/i0.wp.com\/radioecoutefm.com\/wp-content\/uploads\/2025\/03\/IMG_1471.jpeg?fit=1200%2C798&ssl=1&resize=525%2C300 1.5x, https:\/\/i0.wp.com\/radioecoutefm.com\/wp-content\/uploads\/2025\/03\/IMG_1471.jpeg?fit=1200%2C798&ssl=1&resize=700%2C400 2x, https:\/\/i0.wp.com\/radioecoutefm.com\/wp-content\/uploads\/2025\/03\/IMG_1471.jpeg?fit=1200%2C798&ssl=1&resize=1050%2C600 3x"},"classes":[]},{"id":2829,"url":"https:\/\/radioecoutefm.com\/index.php\/2025\/04\/15\/insecurite-lambassade-americaine-demande-aux-americains-de-quitter-haiti\/","url_meta":{"origin":2543,"position":5},"title":"Ins\u00e9curit\u00e9 : L&#8217;Ambassade am\u00e9ricaine demande aux Am\u00e9ricains de quitter Ha\u00efti","author":"Ecoute FM","date":"15.04.2025","format":false,"excerpt":"Port-au-Prince, 14 avril 2025: L' Ambassade am\u00e9ricaine \u00e0 Port-au-Prince, a exhort\u00e9 les citoyens am\u00e9ricains, \u00e0 travers un communiqu\u00e9,de ne pas se rendre en Ha\u00efti ou de quitter le pays au plus vite, \u00e0 partir de ce lundi 14 avril 2025, s'ils s\u00e9journent actuellement dans l'une des villes ha\u00eftiennes. Cette d\u00e9cision\u2026","rel":"","context":"In &quot;INSECURITE&quot;","block_context":{"text":"INSECURITE","link":"https:\/\/radioecoutefm.com\/index.php\/category\/securite\/"},"img":{"alt_text":"","src":"https:\/\/i0.wp.com\/radioecoutefm.com\/wp-content\/uploads\/2025\/04\/9AC210BF-D3C3-440D-B6C8-6C4986125B3C.jpeg?fit=980%2C551&ssl=1&resize=350%2C200","width":350,"height":200,"srcset":"https:\/\/i0.wp.com\/radioecoutefm.com\/wp-content\/uploads\/2025\/04\/9AC210BF-D3C3-440D-B6C8-6C4986125B3C.jpeg?fit=980%2C551&ssl=1&resize=350%2C200 1x, https:\/\/i0.wp.com\/radioecoutefm.com\/wp-content\/uploads\/2025\/04\/9AC210BF-D3C3-440D-B6C8-6C4986125B3C.jpeg?fit=980%2C551&ssl=1&resize=525%2C300 1.5x, https:\/\/i0.wp.com\/radioecoutefm.com\/wp-content\/uploads\/2025\/04\/9AC210BF-D3C3-440D-B6C8-6C4986125B3C.jpeg?fit=980%2C551&ssl=1&resize=700%2C400 2x"},"classes":[]}],"authors":[{"term_id":15,"user_id":1,"is_guest":0,"slug":"borgellaattis","display_name":"Ecoute FM","avatar_url":"https:\/\/secure.gravatar.com\/avatar\/a5369629745bf29c5deb65198d5e38aed1dc2c880c04b3b630ab3f6e8c623b70?s=96&d=mm&r=g","0":null,"1":"","2":"","3":"","4":"","5":"","6":"","7":"","8":""}],"_links":{"self":[{"href":"https:\/\/radioecoutefm.com\/index.php\/wp-json\/wp\/v2\/posts\/2543","targetHints":{"allow":["GET"]}}],"collection":[{"href":"https:\/\/radioecoutefm.com\/index.php\/wp-json\/wp\/v2\/posts"}],"about":[{"href":"https:\/\/radioecoutefm.com\/index.php\/wp-json\/wp\/v2\/types\/post"}],"author":[{"embeddable":true,"href":"https:\/\/radioecoutefm.com\/index.php\/wp-json\/wp\/v2\/users\/1"}],"replies":[{"embeddable":true,"href":"https:\/\/radioecoutefm.com\/index.php\/wp-json\/wp\/v2\/comments?post=2543"}],"version-history":[{"count":1,"href":"https:\/\/radioecoutefm.com\/index.php\/wp-json\/wp\/v2\/posts\/2543\/revisions"}],"predecessor-version":[{"id":2548,"href":"https:\/\/radioecoutefm.com\/index.php\/wp-json\/wp\/v2\/posts\/2543\/revisions\/2548"}],"wp:featuredmedia":[{"embeddable":true,"href":"https:\/\/radioecoutefm.com\/index.php\/wp-json\/wp\/v2\/media\/2544"}],"wp:attachment":[{"href":"https:\/\/radioecoutefm.com\/index.php\/wp-json\/wp\/v2\/media?parent=2543"}],"wp:term":[{"taxonomy":"category","embeddable":true,"href":"https:\/\/radioecoutefm.com\/index.php\/wp-json\/wp\/v2\/categories?post=2543"},{"taxonomy":"post_tag","embeddable":true,"href":"https:\/\/radioecoutefm.com\/index.php\/wp-json\/wp\/v2\/tags?post=2543"},{"taxonomy":"author","embeddable":true,"href":"https:\/\/radioecoutefm.com\/index.php\/wp-json\/wp\/v2\/ppma_author?post=2543"}],"curies":[{"name":"wp","href":"https:\/\/api.w.org\/{rel}","templated":true}]}}