{"id":2530,"date":"2025-04-09T19:35:16","date_gmt":"2025-04-09T19:35:16","guid":{"rendered":"https:\/\/radioecoutefm.com\/?p=2530"},"modified":"2025-04-09T19:35:16","modified_gmt":"2025-04-09T19:35:16","slug":"deux-autres-victimes-dans-les-rangs-de-la-pnh","status":"publish","type":"post","link":"https:\/\/radioecoutefm.com\/index.php\/2025\/04\/09\/deux-autres-victimes-dans-les-rangs-de-la-pnh\/","title":{"rendered":"Deux autres victimes dans les rangs de la PNH"},"content":{"rendered":"<p>Des Bandits ont ouvert le feu sur des policiers pr\u00e8s de la DHL, sur la route de l\u2019a\u00e9roport, ce mercredi 9 avril 2025. Les deux victimes, les inspecteurs divisionnaires Rony Jose issu de la 10e promotion et Dilmon Job, 11e promotion, ont rendu l&#8217;\u00e2me \u00e0 la suite de leurs blessures. C&#8217;est le troisi\u00e8me policier tu\u00e9 en deux jours par les gangs.<\/p>\n<p>La Police nationale d&#8217;Ha\u00efti continue de compter les victimes. Vingt-quatre heures apr\u00e8s l&#8217;assassinat du policier Gary Luma \u00e0 Mirebalais, c&#8217;est au tour de deux inspecteurs divisionnaires dans la capitale. Rony Jose, 10e promotion et Dilmon Job,11e promotion, ont \u00e9t\u00e9 touch\u00e9s par balle au moment o\u00f9 ils se rendaient \u00e0 une banque commerciale dans la zone. C\u2019est \u00e0 ce moment que l\u2019attaque a \u00e9t\u00e9 perp\u00e9tr\u00e9e. L\u2019un d\u2019entre eux est mort sur place et l\u2019autre \u00e0 l\u2019h\u00f4pital.<\/p>\n<p>La PNH qui a pour mission de r\u00e9tablir l&#8217;ordre et la s\u00e9curit\u00e9 dans le pays est devenue la cible principale des bandits qui ne cessent de faire des victimes dans le pays. La population attend impatiemment que des actions concr\u00e8tes soient men\u00e9es pour stopper ce bain de sang dans le pays.<\/p>\n","protected":false},"excerpt":{"rendered":"<p>Des Bandits ont ouvert le feu sur des policiers pr\u00e8s de la DHL, sur la route de l\u2019a\u00e9roport, ce mercredi 9 avril 2025. Les deux victimes, les inspecteurs divisionnaires Rony Jose issu de la 10e promotion et Dilmon Job, 11e promotion, ont rendu l&#8217;\u00e2me \u00e0 la suite de leurs blessures. C&#8217;est le troisi\u00e8me policier tu\u00e9 [&hellip;]<\/p>\n","protected":false},"author":1,"featured_media":2531,"comment_status":"open","ping_status":"open","sticky":false,"template":"","format":"standard","meta":{"_uag_custom_page_level_css":"","jetpack_post_was_ever_published":false,"_jetpack_newsletter_access":"","_jetpack_dont_email_post_to_subs":false,"_jetpack_newsletter_tier_id":0,"_jetpack_memberships_contains_paywalled_content":false,"_jetpack_memberships_contains_paid_content":false,"footnotes":"","jetpack_publicize_message":"","jetpack_publicize_feature_enabled":true,"jetpack_social_post_already_shared":true,"jetpack_social_options":{"image_generator_settings":{"template":"highway","default_image_id":0,"font":"","enabled":false},"version":2}},"categories":[57],"tags":[],"ppma_author":[15],"class_list":["post-2530","post","type-post","status-publish","format-standard","has-post-thumbnail","hentry","category-securite"],"aioseo_notices":[],"jetpack_publicize_connections":[],"jetpack_featured_media_url":"https:\/\/i0.wp.com\/radioecoutefm.com\/wp-content\/uploads\/2025\/04\/F683FB82-B8B0-49C9-A264-0A5E4042CD84.jpeg?fit=1200%2C800&ssl=1","uagb_featured_image_src":{"full":["https:\/\/i0.wp.com\/radioecoutefm.com\/wp-content\/uploads\/2025\/04\/F683FB82-B8B0-49C9-A264-0A5E4042CD84.jpeg?fit=1200%2C800&ssl=1",1200,800,false],"thumbnail":["https:\/\/i0.wp.com\/radioecoutefm.com\/wp-content\/uploads\/2025\/04\/F683FB82-B8B0-49C9-A264-0A5E4042CD84.jpeg?resize=150%2C150&ssl=1",150,150,true],"medium":["https:\/\/i0.wp.com\/radioecoutefm.com\/wp-content\/uploads\/2025\/04\/F683FB82-B8B0-49C9-A264-0A5E4042CD84.jpeg?fit=300%2C200&ssl=1",300,200,true],"medium_large":["https:\/\/i0.wp.com\/radioecoutefm.com\/wp-content\/uploads\/2025\/04\/F683FB82-B8B0-49C9-A264-0A5E4042CD84.jpeg?fit=640%2C427&ssl=1",640,427,true],"large":["https:\/\/i0.wp.com\/radioecoutefm.com\/wp-content\/uploads\/2025\/04\/F683FB82-B8B0-49C9-A264-0A5E4042CD84.jpeg?fit=640%2C427&ssl=1",640,427,true],"1536x1536":["https:\/\/i0.wp.com\/radioecoutefm.com\/wp-content\/uploads\/2025\/04\/F683FB82-B8B0-49C9-A264-0A5E4042CD84.jpeg?fit=1200%2C800&ssl=1",1200,800,true],"2048x2048":["https:\/\/i0.wp.com\/radioecoutefm.com\/wp-content\/uploads\/2025\/04\/F683FB82-B8B0-49C9-A264-0A5E4042CD84.jpeg?fit=1200%2C800&ssl=1",1200,800,true],"newsair-slider-full":["https:\/\/i0.wp.com\/radioecoutefm.com\/wp-content\/uploads\/2025\/04\/F683FB82-B8B0-49C9-A264-0A5E4042CD84.jpeg?resize=1200%2C720&ssl=1",1200,720,true],"newsair-featured":["https:\/\/i0.wp.com\/radioecoutefm.com\/wp-content\/uploads\/2025\/04\/F683FB82-B8B0-49C9-A264-0A5E4042CD84.jpeg?fit=1024%2C683&ssl=1",1024,683,true],"newsair-medium":["https:\/\/i0.wp.com\/radioecoutefm.com\/wp-content\/uploads\/2025\/04\/F683FB82-B8B0-49C9-A264-0A5E4042CD84.jpeg?resize=720%2C380&ssl=1",720,380,true]},"uagb_author_info":{"display_name":"Ecoute FM","author_link":"https:\/\/radioecoutefm.com\/index.php\/author\/borgellaattis\/"},"uagb_comment_info":0,"uagb_excerpt":"Des Bandits ont ouvert le feu sur des policiers pr\u00e8s de la DHL, sur la route de l\u2019a\u00e9roport, ce mercredi 9 avril 2025. Les deux victimes, les inspecteurs divisionnaires Rony Jose issu de la 10e promotion et Dilmon Job, 11e promotion, ont rendu l&#8217;\u00e2me \u00e0 la suite de leurs blessures. C&#8217;est le troisi\u00e8me policier tu\u00e9&hellip;","jetpack_sharing_enabled":true,"jetpack_shortlink":"https:\/\/wp.me\/pgoyna-EO","jetpack-related-posts":[{"id":4857,"url":"https:\/\/radioecoutefm.com\/index.php\/2025\/06\/05\/violences-a-port-au-prince-un-agent-de-la-pnh-abattu-a-pacot-en-pleine-mission\/","url_meta":{"origin":2530,"position":0},"title":"Violences \u00e0 Port-au-Prince : un agent de la PNH abattu \u00e0 Pacot en pleine mission","author":"Ecoute FM","date":"05.06.2025","format":false,"excerpt":"La violence continue de d\u00e9cimer les rangs de la Police nationale d\u2019Ha\u00efti (PNH). Ce mercredi 4 juin, l\u2019agent Esdras Hilaire, membre du SWAT, a \u00e9t\u00e9 mortellement bless\u00e9 par balle lors d\u2019une op\u00e9ration contre des gangs arm\u00e9s \u00e0 Pacot, quartier de Port-au-Prince. Atteint au cou par un projectile, le policier n\u2019a\u2026","rel":"","context":"In &quot;INSECURITE&quot;","block_context":{"text":"INSECURITE","link":"https:\/\/radioecoutefm.com\/index.php\/category\/securite\/"},"img":{"alt_text":"","src":"https:\/\/i0.wp.com\/radioecoutefm.com\/wp-content\/uploads\/2025\/06\/edras-Hilaire-718x375-1.jpeg?fit=718%2C375&ssl=1&resize=350%2C200","width":350,"height":200,"srcset":"https:\/\/i0.wp.com\/radioecoutefm.com\/wp-content\/uploads\/2025\/06\/edras-Hilaire-718x375-1.jpeg?fit=718%2C375&ssl=1&resize=350%2C200 1x, https:\/\/i0.wp.com\/radioecoutefm.com\/wp-content\/uploads\/2025\/06\/edras-Hilaire-718x375-1.jpeg?fit=718%2C375&ssl=1&resize=525%2C300 1.5x, https:\/\/i0.wp.com\/radioecoutefm.com\/wp-content\/uploads\/2025\/06\/edras-Hilaire-718x375-1.jpeg?fit=718%2C375&ssl=1&resize=700%2C400 2x"},"classes":[]},{"id":2269,"url":"https:\/\/radioecoutefm.com\/index.php\/2025\/04\/02\/deux-nouvelles-victimes-des-gangs-armes-a-mirebalais\/","url_meta":{"origin":2530,"position":1},"title":"Deux nouvelles victimes des gangs arm\u00e9s \u00e0 Mirebalais","author":"Ecoute FM","date":"02.04.2025","format":false,"excerpt":"La liste des victimes des gangs qui ont envahi la ville de Mirebalais dans la matin\u00e9e du 31 mars 2025 continue de s'allonger. Deux religieuses de la communaut\u00e9 Sainte-Th\u00e9r\u00e8se ont \u00e9t\u00e9 tu\u00e9es par des membres des groupes criminels. Il s\u2019agit de la S\u0153ur Evanette Onezaire et de la S\u0153ur Jeanne\u2026","rel":"","context":"In &quot;INSECURITE&quot;","block_context":{"text":"INSECURITE","link":"https:\/\/radioecoutefm.com\/index.php\/category\/securite\/"},"img":{"alt_text":"","src":"https:\/\/i0.wp.com\/radioecoutefm.com\/wp-content\/uploads\/2025\/04\/gangs.jpeg?fit=1200%2C800&ssl=1&resize=350%2C200","width":350,"height":200,"srcset":"https:\/\/i0.wp.com\/radioecoutefm.com\/wp-content\/uploads\/2025\/04\/gangs.jpeg?fit=1200%2C800&ssl=1&resize=350%2C200 1x, https:\/\/i0.wp.com\/radioecoutefm.com\/wp-content\/uploads\/2025\/04\/gangs.jpeg?fit=1200%2C800&ssl=1&resize=525%2C300 1.5x, https:\/\/i0.wp.com\/radioecoutefm.com\/wp-content\/uploads\/2025\/04\/gangs.jpeg?fit=1200%2C800&ssl=1&resize=700%2C400 2x, https:\/\/i0.wp.com\/radioecoutefm.com\/wp-content\/uploads\/2025\/04\/gangs.jpeg?fit=1200%2C800&ssl=1&resize=1050%2C600 3x"},"classes":[]},{"id":2724,"url":"https:\/\/radioecoutefm.com\/index.php\/2025\/04\/12\/armes-et-munitions-de-la-pnh-saisies-par-les-bandits-lionel-lazarre-denonce-des-fautes-administratives-graves\/","url_meta":{"origin":2530,"position":2},"title":"Armes et munitions de la PNH saisies par les bandits, Lionel Lazarre d\u00e9nonce des fautes administratives graves","author":"Ecoute FM","date":"12.04.2025","format":false,"excerpt":"Dans la nuit du 10 au 11 avril 2025, \u00e0 Kenscoff, des bandits arm\u00e9s ont saisi plusieurs armes automatiques, plusieurs chargeurs et autres munitions de la PNH. Ces derniers ont \u00e9t\u00e9 pi\u00e9g\u00e9s par des femmes. Le porte-parole de la PNH , Lionel Lazarre d\u00e9nonce l'attitude des argents de l'ordre qui\u2026","rel":"","context":"In &quot;INSECURITE&quot;","block_context":{"text":"INSECURITE","link":"https:\/\/radioecoutefm.com\/index.php\/category\/securite\/"},"img":{"alt_text":"","src":"https:\/\/i0.wp.com\/radioecoutefm.com\/wp-content\/uploads\/2025\/04\/Minution.jpeg?fit=1080%2C720&ssl=1&resize=350%2C200","width":350,"height":200,"srcset":"https:\/\/i0.wp.com\/radioecoutefm.com\/wp-content\/uploads\/2025\/04\/Minution.jpeg?fit=1080%2C720&ssl=1&resize=350%2C200 1x, https:\/\/i0.wp.com\/radioecoutefm.com\/wp-content\/uploads\/2025\/04\/Minution.jpeg?fit=1080%2C720&ssl=1&resize=525%2C300 1.5x, https:\/\/i0.wp.com\/radioecoutefm.com\/wp-content\/uploads\/2025\/04\/Minution.jpeg?fit=1080%2C720&ssl=1&resize=700%2C400 2x, https:\/\/i0.wp.com\/radioecoutefm.com\/wp-content\/uploads\/2025\/04\/Minution.jpeg?fit=1080%2C720&ssl=1&resize=1050%2C600 3x"},"classes":[]},{"id":5591,"url":"https:\/\/radioecoutefm.com\/index.php\/2025\/07\/10\/un-policier-du-swat-tue-dans-une-attaque-armee-a-kenscoff-la-commune-en-etat-dalerte\/","url_meta":{"origin":2530,"position":3},"title":"Un policier du SWAT tu\u00e9 dans une attaque arm\u00e9e \u00e0 Kenscoff, la commune en \u00e9tat d\u2019alerte","author":"Ecoute FM","date":"10.07.2025","format":false,"excerpt":"Olrich Joseph, agent de l\u2019unit\u00e9 d\u2019\u00e9lite SWAT de la PNH a \u00e9t\u00e9 tu\u00e9, ce dimanche 6 juillet, au cours d\u2019une attaque arm\u00e9e men\u00e9e \u00e0 l\u2019aube dans la localit\u00e9 de Viard, \u00e0 Kenscoff. \u00c2g\u00e9 de 32 ans, le policier a \u00e9t\u00e9 atteint d'une bal. Transport\u00e9 d\u2019urgence dans un centre hospitalier \u00e0\u2026","rel":"","context":"In &quot;INSECURITE&quot;","block_context":{"text":"INSECURITE","link":"https:\/\/radioecoutefm.com\/index.php\/category\/securite\/"},"img":{"alt_text":"","src":"https:\/\/i0.wp.com\/radioecoutefm.com\/wp-content\/uploads\/2025\/07\/3473C279-97EC-4274-9A1A-967FE54E03E6.jpeg?fit=609%2C440&ssl=1&resize=350%2C200","width":350,"height":200,"srcset":"https:\/\/i0.wp.com\/radioecoutefm.com\/wp-content\/uploads\/2025\/07\/3473C279-97EC-4274-9A1A-967FE54E03E6.jpeg?fit=609%2C440&ssl=1&resize=350%2C200 1x, https:\/\/i0.wp.com\/radioecoutefm.com\/wp-content\/uploads\/2025\/07\/3473C279-97EC-4274-9A1A-967FE54E03E6.jpeg?fit=609%2C440&ssl=1&resize=525%2C300 1.5x"},"classes":[]},{"id":6302,"url":"https:\/\/radioecoutefm.com\/index.php\/2026\/03\/18\/inquietude-grandissante-apres-le-rapt-de-deux-journalistes-a-port-au-prince\/","url_meta":{"origin":2530,"position":4},"title":"Inqui\u00e9tude grandissante apr\u00e8s le rapt de deux journalistes \u00e0 Port-au-Prince","author":"Ecoute FM","date":"18.03.2026","format":false,"excerpt":"L\u2019\u00e9motion et la col\u00e8re \u00e9taient vives ce lundi lors d\u2019une conf\u00e9rence de presse conjointe organis\u00e9e par la Radio-T\u00e9l\u00e9 Uni et la Radio-T\u00e9l\u00e9 Megastar, aux c\u00f4t\u00e9s des familles des journalistes Osnel Esp\u00e9rance et Junior C\u00e9lestin. Les proches et confr\u00e8res des victimes ont exprim\u00e9 leur profonde inqui\u00e9tude apr\u00e8s l\u2019enl\u00e8vement des deux professionnels\u2026","rel":"","context":"In &quot;MEDIA&quot;","block_context":{"text":"MEDIA","link":"https:\/\/radioecoutefm.com\/index.php\/category\/media\/"},"img":{"alt_text":"","src":"https:\/\/i0.wp.com\/radioecoutefm.com\/wp-content\/uploads\/2026\/03\/2-journalistes.jpeg?fit=720%2C424&ssl=1&resize=350%2C200","width":350,"height":200,"srcset":"https:\/\/i0.wp.com\/radioecoutefm.com\/wp-content\/uploads\/2026\/03\/2-journalistes.jpeg?fit=720%2C424&ssl=1&resize=350%2C200 1x, https:\/\/i0.wp.com\/radioecoutefm.com\/wp-content\/uploads\/2026\/03\/2-journalistes.jpeg?fit=720%2C424&ssl=1&resize=525%2C300 1.5x, https:\/\/i0.wp.com\/radioecoutefm.com\/wp-content\/uploads\/2026\/03\/2-journalistes.jpeg?fit=720%2C424&ssl=1&resize=700%2C400 2x"},"classes":[]},{"id":3574,"url":"https:\/\/radioecoutefm.com\/index.php\/2025\/04\/29\/rony-timothee-et-biron-odige-portent-plainte-contre-le-chef-de-la-pnh\/","url_meta":{"origin":2530,"position":5},"title":"Rony Timoth\u00e9e et Biron Odig\u00e9 portent plainte contre le chef de la PNH","author":"Ecoute FM","date":"29.04.2025","format":false,"excerpt":"Les dirigeants du parti politique Viv Ayiti, Rony Timoth\u00e9e et Biron Odig\u00e9, ont saisi ce lundi le Parquet de Port-au-Prince pour d\u00e9poser une double plainte. La premi\u00e8re vise le directeur g\u00e9n\u00e9ral de la Police nationale d\u2019Ha\u00efti (PNH), Rameau Normil, accus\u00e9 de non-assistance \u00e0 personne en danger. Selon eux, le chef\u2026","rel":"","context":"In &quot;INSECURITE&quot;","block_context":{"text":"INSECURITE","link":"https:\/\/radioecoutefm.com\/index.php\/category\/securite\/"},"img":{"alt_text":"","src":"https:\/\/i0.wp.com\/radioecoutefm.com\/wp-content\/uploads\/2025\/04\/IMG_1850.jpeg?fit=1170%2C994&ssl=1&resize=350%2C200","width":350,"height":200,"srcset":"https:\/\/i0.wp.com\/radioecoutefm.com\/wp-content\/uploads\/2025\/04\/IMG_1850.jpeg?fit=1170%2C994&ssl=1&resize=350%2C200 1x, https:\/\/i0.wp.com\/radioecoutefm.com\/wp-content\/uploads\/2025\/04\/IMG_1850.jpeg?fit=1170%2C994&ssl=1&resize=525%2C300 1.5x, https:\/\/i0.wp.com\/radioecoutefm.com\/wp-content\/uploads\/2025\/04\/IMG_1850.jpeg?fit=1170%2C994&ssl=1&resize=700%2C400 2x, https:\/\/i0.wp.com\/radioecoutefm.com\/wp-content\/uploads\/2025\/04\/IMG_1850.jpeg?fit=1170%2C994&ssl=1&resize=1050%2C600 3x"},"classes":[]}],"authors":[{"term_id":15,"user_id":1,"is_guest":0,"slug":"borgellaattis","display_name":"Ecoute FM","avatar_url":"https:\/\/secure.gravatar.com\/avatar\/a5369629745bf29c5deb65198d5e38aed1dc2c880c04b3b630ab3f6e8c623b70?s=96&d=mm&r=g","0":null,"1":"","2":"","3":"","4":"","5":"","6":"","7":"","8":""}],"_links":{"self":[{"href":"https:\/\/radioecoutefm.com\/index.php\/wp-json\/wp\/v2\/posts\/2530","targetHints":{"allow":["GET"]}}],"collection":[{"href":"https:\/\/radioecoutefm.com\/index.php\/wp-json\/wp\/v2\/posts"}],"about":[{"href":"https:\/\/radioecoutefm.com\/index.php\/wp-json\/wp\/v2\/types\/post"}],"author":[{"embeddable":true,"href":"https:\/\/radioecoutefm.com\/index.php\/wp-json\/wp\/v2\/users\/1"}],"replies":[{"embeddable":true,"href":"https:\/\/radioecoutefm.com\/index.php\/wp-json\/wp\/v2\/comments?post=2530"}],"version-history":[{"count":1,"href":"https:\/\/radioecoutefm.com\/index.php\/wp-json\/wp\/v2\/posts\/2530\/revisions"}],"predecessor-version":[{"id":2535,"href":"https:\/\/radioecoutefm.com\/index.php\/wp-json\/wp\/v2\/posts\/2530\/revisions\/2535"}],"wp:featuredmedia":[{"embeddable":true,"href":"https:\/\/radioecoutefm.com\/index.php\/wp-json\/wp\/v2\/media\/2531"}],"wp:attachment":[{"href":"https:\/\/radioecoutefm.com\/index.php\/wp-json\/wp\/v2\/media?parent=2530"}],"wp:term":[{"taxonomy":"category","embeddable":true,"href":"https:\/\/radioecoutefm.com\/index.php\/wp-json\/wp\/v2\/categories?post=2530"},{"taxonomy":"post_tag","embeddable":true,"href":"https:\/\/radioecoutefm.com\/index.php\/wp-json\/wp\/v2\/tags?post=2530"},{"taxonomy":"author","embeddable":true,"href":"https:\/\/radioecoutefm.com\/index.php\/wp-json\/wp\/v2\/ppma_author?post=2530"}],"curies":[{"name":"wp","href":"https:\/\/api.w.org\/{rel}","templated":true}]}}