{"id":2487,"date":"2025-04-08T18:54:42","date_gmt":"2025-04-08T18:54:42","guid":{"rendered":"https:\/\/radioecoutefm.com\/?p=2487"},"modified":"2025-04-08T18:54:42","modified_gmt":"2025-04-08T18:54:42","slug":"benchy-couloute-ancien-policier-haitien-arrete-pour-meurtre-aux-etats-unis","status":"publish","type":"post","link":"https:\/\/radioecoutefm.com\/index.php\/2025\/04\/08\/benchy-couloute-ancien-policier-haitien-arrete-pour-meurtre-aux-etats-unis\/","title":{"rendered":"Benchy Couloute, ancien policier ha\u00eftien, arr\u00eat\u00e9 pour meurtre aux \u00c9tats-Unis"},"content":{"rendered":"<p>Benchy Couloute, 45 ans, ancien policier ha\u00eftien r\u00e9sidant \u00e0 Jacksonville, a \u00e9t\u00e9 arr\u00eat\u00e9 jeudi 4 avril dans l\u2019\u00c9tat de l\u2019Indiana. Il est accus\u00e9 de meurtre au premier degr\u00e9 dans le cadre de l\u2019homicide de Junior Ngoyi Kalonji, 37 ans, \u00e0 Beardstown, dans l\u2019Illinois.<\/p>\n<p>La police a retrouv\u00e9 Kalonji inconscient \u00e0 son domicile le soir du 24 mars. Il a \u00e9t\u00e9 d\u00e9clar\u00e9 mort sur place. La cause exacte de son d\u00e9c\u00e8s n\u2019a pas \u00e9t\u00e9 communiqu\u00e9e pour le moment.<\/p>\n<p>Selon les autorit\u00e9s am\u00e9ricaines, Couloute a quitt\u00e9 l\u2019Illinois apr\u00e8s les faits pour se r\u00e9fugier dans le centre de l\u2019Indiana, o\u00f9 il a \u00e9t\u00e9 arr\u00eat\u00e9. Il est actuellement d\u00e9tenu dans le comt\u00e9 de Marion, en attendant son extradition.<\/p>\n<p>Dans l\u2019\u00c9tat de l\u2019Illinois, le meurtre au premier degr\u00e9 est un crime de classe M, puni de 20 \u00e0 60 ans de prison, voire la prison \u00e0 vie en fonction des circonstances.<\/p>\n","protected":false},"excerpt":{"rendered":"<p>Benchy Couloute, 45 ans, ancien policier ha\u00eftien r\u00e9sidant \u00e0 Jacksonville, a \u00e9t\u00e9 arr\u00eat\u00e9 jeudi 4 avril dans l\u2019\u00c9tat de l\u2019Indiana. Il est accus\u00e9 de meurtre au premier degr\u00e9 dans le cadre de l\u2019homicide de Junior Ngoyi Kalonji, 37 ans, \u00e0 Beardstown, dans l\u2019Illinois. La police a retrouv\u00e9 Kalonji inconscient \u00e0 son domicile le soir du [&hellip;]<\/p>\n","protected":false},"author":1,"featured_media":2488,"comment_status":"open","ping_status":"open","sticky":false,"template":"","format":"standard","meta":{"_uag_custom_page_level_css":"","jetpack_post_was_ever_published":false,"_jetpack_newsletter_access":"","_jetpack_dont_email_post_to_subs":false,"_jetpack_newsletter_tier_id":0,"_jetpack_memberships_contains_paywalled_content":false,"_jetpack_memberships_contains_paid_content":false,"footnotes":"","jetpack_publicize_message":"","jetpack_publicize_feature_enabled":true,"jetpack_social_post_already_shared":true,"jetpack_social_options":{"image_generator_settings":{"template":"highway","default_image_id":0,"font":"","enabled":false},"version":2}},"categories":[46],"tags":[],"ppma_author":[15],"class_list":["post-2487","post","type-post","status-publish","format-standard","has-post-thumbnail","hentry","category-international"],"aioseo_notices":[],"jetpack_publicize_connections":[],"jetpack_featured_media_url":"https:\/\/i0.wp.com\/radioecoutefm.com\/wp-content\/uploads\/2025\/04\/IMG_1614.jpeg?fit=1170%2C1150&ssl=1","uagb_featured_image_src":{"full":["https:\/\/i0.wp.com\/radioecoutefm.com\/wp-content\/uploads\/2025\/04\/IMG_1614.jpeg?fit=1170%2C1150&ssl=1",1170,1150,false],"thumbnail":["https:\/\/i0.wp.com\/radioecoutefm.com\/wp-content\/uploads\/2025\/04\/IMG_1614.jpeg?resize=150%2C150&ssl=1",150,150,true],"medium":["https:\/\/i0.wp.com\/radioecoutefm.com\/wp-content\/uploads\/2025\/04\/IMG_1614.jpeg?fit=300%2C295&ssl=1",300,295,true],"medium_large":["https:\/\/i0.wp.com\/radioecoutefm.com\/wp-content\/uploads\/2025\/04\/IMG_1614.jpeg?fit=640%2C629&ssl=1",640,629,true],"large":["https:\/\/i0.wp.com\/radioecoutefm.com\/wp-content\/uploads\/2025\/04\/IMG_1614.jpeg?fit=640%2C629&ssl=1",640,629,true],"1536x1536":["https:\/\/i0.wp.com\/radioecoutefm.com\/wp-content\/uploads\/2025\/04\/IMG_1614.jpeg?fit=1170%2C1150&ssl=1",1170,1150,true],"2048x2048":["https:\/\/i0.wp.com\/radioecoutefm.com\/wp-content\/uploads\/2025\/04\/IMG_1614.jpeg?fit=1170%2C1150&ssl=1",1170,1150,true],"newsair-slider-full":["https:\/\/i0.wp.com\/radioecoutefm.com\/wp-content\/uploads\/2025\/04\/IMG_1614.jpeg?resize=1170%2C720&ssl=1",1170,720,true],"newsair-featured":["https:\/\/i0.wp.com\/radioecoutefm.com\/wp-content\/uploads\/2025\/04\/IMG_1614.jpeg?fit=1024%2C1006&ssl=1",1024,1006,true],"newsair-medium":["https:\/\/i0.wp.com\/radioecoutefm.com\/wp-content\/uploads\/2025\/04\/IMG_1614.jpeg?resize=720%2C380&ssl=1",720,380,true]},"uagb_author_info":{"display_name":"Ecoute FM","author_link":"https:\/\/radioecoutefm.com\/index.php\/author\/borgellaattis\/"},"uagb_comment_info":0,"uagb_excerpt":"Benchy Couloute, 45 ans, ancien policier ha\u00eftien r\u00e9sidant \u00e0 Jacksonville, a \u00e9t\u00e9 arr\u00eat\u00e9 jeudi 4 avril dans l\u2019\u00c9tat de l\u2019Indiana. Il est accus\u00e9 de meurtre au premier degr\u00e9 dans le cadre de l\u2019homicide de Junior Ngoyi Kalonji, 37 ans, \u00e0 Beardstown, dans l\u2019Illinois. La police a retrouv\u00e9 Kalonji inconscient \u00e0 son domicile le soir du&hellip;","jetpack_sharing_enabled":true,"jetpack_shortlink":"https:\/\/wp.me\/pgoyna-E7","jetpack-related-posts":[{"id":1346,"url":"https:\/\/radioecoutefm.com\/index.php\/2025\/03\/06\/arrestation-dun-presume-criminel-a-jacmel\/","url_meta":{"origin":2487,"position":0},"title":"Arrestation d&#8217;un pr\u00e9sum\u00e9 criminel \u00e0 Jacmel","author":"Claude DIEUPHENE","date":"06.03.2025","format":false,"excerpt":"Le nomm\u00e9 Ren\u00e9 Felito, alias Kesnel, \u00e2g\u00e9 de 40 ans, a \u00e9t\u00e9 arr\u00eat\u00e9 le samedi 1er mars 2025 par la Police Nationale d\u2019Ha\u00efti (PNH), plus pr\u00e9cis\u00e9ment par le Service D\u00e9partemental de la Police Judiciaire du Sud-Est (SDPJ-SE), pour le meurtre d\u2019un citoyen dans la section communale de \"Coq Chante\", commune\u2026","rel":"","context":"In &quot;INSECURITE&quot;","block_context":{"text":"INSECURITE","link":"https:\/\/radioecoutefm.com\/index.php\/category\/securite\/"},"img":{"alt_text":"","src":"https:\/\/i0.wp.com\/radioecoutefm.com\/wp-content\/uploads\/2025\/03\/avion.jpeg?fit=512%2C350&ssl=1&resize=350%2C200","width":350,"height":200},"classes":[]},{"id":5979,"url":"https:\/\/radioecoutefm.com\/index.php\/2025\/09\/24\/arrestation-de-dimitri-vorbe-aux-etats-unis\/","url_meta":{"origin":2487,"position":1},"title":"Arrestation de Dimitri Vorbe aux \u00c9tats-Unis","author":"Ecoute FM","date":"24.09.2025","format":false,"excerpt":"L\u2019homme d\u2019affaires ha\u00eftien Dimitri Vorbe, ancien directeur ex\u00e9cutif de la Soci\u00e9t\u00e9 G\u00e9n\u00e9rale d\u2019\u00c9nergie S.A. (SOGENER), a \u00e9t\u00e9 arr\u00eat\u00e9 ce mardi par les autorit\u00e9s am\u00e9ricaines. Selon des sources, il a \u00e9t\u00e9 interpell\u00e9 \u00e0 son domicile en Floride par les agents de l\u2019Immigration and Customs Enforcement (ICE). Figure influente du secteur priv\u00e9\u2026","rel":"","context":"In &quot;ARRESTATION&quot;","block_context":{"text":"ARRESTATION","link":"https:\/\/radioecoutefm.com\/index.php\/category\/arrestation\/"},"img":{"alt_text":"","src":"https:\/\/i0.wp.com\/radioecoutefm.com\/wp-content\/uploads\/2025\/09\/EABB055A-520D-4B8A-97FF-ED24D78506AC.jpeg?fit=554%2C554&ssl=1&resize=350%2C200","width":350,"height":200,"srcset":"https:\/\/i0.wp.com\/radioecoutefm.com\/wp-content\/uploads\/2025\/09\/EABB055A-520D-4B8A-97FF-ED24D78506AC.jpeg?fit=554%2C554&ssl=1&resize=350%2C200 1x, https:\/\/i0.wp.com\/radioecoutefm.com\/wp-content\/uploads\/2025\/09\/EABB055A-520D-4B8A-97FF-ED24D78506AC.jpeg?fit=554%2C554&ssl=1&resize=525%2C300 1.5x"},"classes":[]},{"id":4923,"url":"https:\/\/radioecoutefm.com\/index.php\/2025\/06\/06\/un-ressortissant-haitien-arrete-apres-fraude-a-limmigration-aux-etats-unis\/","url_meta":{"origin":2487,"position":2},"title":"Un ressortissant ha\u00eftien arr\u00eat\u00e9 apr\u00e8s fraude \u00e0 l\u2019immigration aux \u00c9tats-Unis","author":"Ecoute FM","date":"06.06.2025","format":false,"excerpt":"Les autorit\u00e9s am\u00e9ricaines ont r\u00e9cemment confirm\u00e9 l\u2019arrestation d\u2019un ressortissant ha\u00eftien ayant menti dans sa demande de carte verte. Apr\u00e8s une enqu\u00eate men\u00e9e par les Services de Citoyennet\u00e9 et d\u2019Immigration (USCIS), il a \u00e9t\u00e9 \u00e9tabli que l\u2019individu avait fourni de fausses informations dans le but d\u2019obtenir un statut l\u00e9gal aux \u00c9tats-Unis.\u2026","rel":"","context":"In &quot;MIGRATION&quot;","block_context":{"text":"MIGRATION","link":"https:\/\/radioecoutefm.com\/index.php\/category\/migration\/"},"img":{"alt_text":"","src":"https:\/\/i0.wp.com\/radioecoutefm.com\/wp-content\/uploads\/2025\/06\/IMG_2191.jpeg?fit=924%2C615&ssl=1&resize=350%2C200","width":350,"height":200,"srcset":"https:\/\/i0.wp.com\/radioecoutefm.com\/wp-content\/uploads\/2025\/06\/IMG_2191.jpeg?fit=924%2C615&ssl=1&resize=350%2C200 1x, https:\/\/i0.wp.com\/radioecoutefm.com\/wp-content\/uploads\/2025\/06\/IMG_2191.jpeg?fit=924%2C615&ssl=1&resize=525%2C300 1.5x, https:\/\/i0.wp.com\/radioecoutefm.com\/wp-content\/uploads\/2025\/06\/IMG_2191.jpeg?fit=924%2C615&ssl=1&resize=700%2C400 2x"},"classes":[]},{"id":5591,"url":"https:\/\/radioecoutefm.com\/index.php\/2025\/07\/10\/un-policier-du-swat-tue-dans-une-attaque-armee-a-kenscoff-la-commune-en-etat-dalerte\/","url_meta":{"origin":2487,"position":3},"title":"Un policier du SWAT tu\u00e9 dans une attaque arm\u00e9e \u00e0 Kenscoff, la commune en \u00e9tat d\u2019alerte","author":"Ecoute FM","date":"10.07.2025","format":false,"excerpt":"Olrich Joseph, agent de l\u2019unit\u00e9 d\u2019\u00e9lite SWAT de la PNH a \u00e9t\u00e9 tu\u00e9, ce dimanche 6 juillet, au cours d\u2019une attaque arm\u00e9e men\u00e9e \u00e0 l\u2019aube dans la localit\u00e9 de Viard, \u00e0 Kenscoff. \u00c2g\u00e9 de 32 ans, le policier a \u00e9t\u00e9 atteint d'une bal. Transport\u00e9 d\u2019urgence dans un centre hospitalier \u00e0\u2026","rel":"","context":"In &quot;INSECURITE&quot;","block_context":{"text":"INSECURITE","link":"https:\/\/radioecoutefm.com\/index.php\/category\/securite\/"},"img":{"alt_text":"","src":"https:\/\/i0.wp.com\/radioecoutefm.com\/wp-content\/uploads\/2025\/07\/3473C279-97EC-4274-9A1A-967FE54E03E6.jpeg?fit=609%2C440&ssl=1&resize=350%2C200","width":350,"height":200,"srcset":"https:\/\/i0.wp.com\/radioecoutefm.com\/wp-content\/uploads\/2025\/07\/3473C279-97EC-4274-9A1A-967FE54E03E6.jpeg?fit=609%2C440&ssl=1&resize=350%2C200 1x, https:\/\/i0.wp.com\/radioecoutefm.com\/wp-content\/uploads\/2025\/07\/3473C279-97EC-4274-9A1A-967FE54E03E6.jpeg?fit=609%2C440&ssl=1&resize=525%2C300 1.5x"},"classes":[]},{"id":2356,"url":"https:\/\/radioecoutefm.com\/index.php\/2025\/04\/04\/lancien-depute-alfredo-antoine-jr-arrete-par-la-police-nationale-dhaiti\/","url_meta":{"origin":2487,"position":4},"title":"L\u2019ancien d\u00e9put\u00e9 Alfredo Antoine Jr arr\u00eat\u00e9 par la DCPJ","author":"Ecoute FM","date":"04.04.2025","format":false,"excerpt":"Alfredo Antoine Jr, ancien d\u00e9put\u00e9 de la circonscription de Kenscoff, a \u00e9t\u00e9 arr\u00eat\u00e9 ce vendredi par des agents de la Direction Centrale de la Police Judiciaire (DCPJ) \u00e0 Morne-Calvaire. Il faisait l\u2019objet d\u2019un avis de recherche pour ses pr\u00e9sum\u00e9es collaborations avec des gangs arm\u00e9s, selon les autorit\u00e9s polici\u00e8res. L\u2019ancien parlementaire\u2026","rel":"","context":"In &quot;POLITIQUE&quot;","block_context":{"text":"POLITIQUE","link":"https:\/\/radioecoutefm.com\/index.php\/category\/politique\/"},"img":{"alt_text":"","src":"https:\/\/i0.wp.com\/radioecoutefm.com\/wp-content\/uploads\/2025\/04\/Alfredo.png?fit=621%2C276&ssl=1&resize=350%2C200","width":350,"height":200,"srcset":"https:\/\/i0.wp.com\/radioecoutefm.com\/wp-content\/uploads\/2025\/04\/Alfredo.png?fit=621%2C276&ssl=1&resize=350%2C200 1x, https:\/\/i0.wp.com\/radioecoutefm.com\/wp-content\/uploads\/2025\/04\/Alfredo.png?fit=621%2C276&ssl=1&resize=525%2C300 1.5x"},"classes":[]},{"id":4814,"url":"https:\/\/radioecoutefm.com\/index.php\/2025\/06\/03\/arrestation-dun-presume-membre-de-gang-a-marigot-il-avoue-un-meurtre-familial\/","url_meta":{"origin":2487,"position":5},"title":"Arrestation d\u2019un pr\u00e9sum\u00e9 membre de gang \u00e0 Marigot : il avoue un meurtre familial","author":"Ecoute FM","date":"03.06.2025","format":false,"excerpt":"Ce lundi 2 juin 2025, la police du Sud-Est, appuy\u00e9e par des membres de la population locale, a proc\u00e9d\u00e9 \u00e0 l\u2019arrestation de Widner Merilus, 22 ans, dans la zone de K-Jack, localit\u00e9 de Segen, commune de Marigot. Selon les autorit\u00e9s, le jeune homme serait un membre actif du gang \u00ab\u2026","rel":"","context":"In &quot;SECURITE&quot;","block_context":{"text":"SECURITE","link":"https:\/\/radioecoutefm.com\/index.php\/category\/insecurite\/"},"img":{"alt_text":"","src":"https:\/\/i0.wp.com\/radioecoutefm.com\/wp-content\/uploads\/2025\/06\/3473D968-9AA7-480A-B2AD-759CFFCEF387.jpeg?fit=828%2C871&ssl=1&resize=350%2C200","width":350,"height":200,"srcset":"https:\/\/i0.wp.com\/radioecoutefm.com\/wp-content\/uploads\/2025\/06\/3473D968-9AA7-480A-B2AD-759CFFCEF387.jpeg?fit=828%2C871&ssl=1&resize=350%2C200 1x, https:\/\/i0.wp.com\/radioecoutefm.com\/wp-content\/uploads\/2025\/06\/3473D968-9AA7-480A-B2AD-759CFFCEF387.jpeg?fit=828%2C871&ssl=1&resize=525%2C300 1.5x, https:\/\/i0.wp.com\/radioecoutefm.com\/wp-content\/uploads\/2025\/06\/3473D968-9AA7-480A-B2AD-759CFFCEF387.jpeg?fit=828%2C871&ssl=1&resize=700%2C400 2x"},"classes":[]}],"authors":[{"term_id":15,"user_id":1,"is_guest":0,"slug":"borgellaattis","display_name":"Ecoute FM","avatar_url":"https:\/\/secure.gravatar.com\/avatar\/a5369629745bf29c5deb65198d5e38aed1dc2c880c04b3b630ab3f6e8c623b70?s=96&d=mm&r=g","0":null,"1":"","2":"","3":"","4":"","5":"","6":"","7":"","8":""}],"_links":{"self":[{"href":"https:\/\/radioecoutefm.com\/index.php\/wp-json\/wp\/v2\/posts\/2487","targetHints":{"allow":["GET"]}}],"collection":[{"href":"https:\/\/radioecoutefm.com\/index.php\/wp-json\/wp\/v2\/posts"}],"about":[{"href":"https:\/\/radioecoutefm.com\/index.php\/wp-json\/wp\/v2\/types\/post"}],"author":[{"embeddable":true,"href":"https:\/\/radioecoutefm.com\/index.php\/wp-json\/wp\/v2\/users\/1"}],"replies":[{"embeddable":true,"href":"https:\/\/radioecoutefm.com\/index.php\/wp-json\/wp\/v2\/comments?post=2487"}],"version-history":[{"count":1,"href":"https:\/\/radioecoutefm.com\/index.php\/wp-json\/wp\/v2\/posts\/2487\/revisions"}],"predecessor-version":[{"id":2492,"href":"https:\/\/radioecoutefm.com\/index.php\/wp-json\/wp\/v2\/posts\/2487\/revisions\/2492"}],"wp:featuredmedia":[{"embeddable":true,"href":"https:\/\/radioecoutefm.com\/index.php\/wp-json\/wp\/v2\/media\/2488"}],"wp:attachment":[{"href":"https:\/\/radioecoutefm.com\/index.php\/wp-json\/wp\/v2\/media?parent=2487"}],"wp:term":[{"taxonomy":"category","embeddable":true,"href":"https:\/\/radioecoutefm.com\/index.php\/wp-json\/wp\/v2\/categories?post=2487"},{"taxonomy":"post_tag","embeddable":true,"href":"https:\/\/radioecoutefm.com\/index.php\/wp-json\/wp\/v2\/tags?post=2487"},{"taxonomy":"author","embeddable":true,"href":"https:\/\/radioecoutefm.com\/index.php\/wp-json\/wp\/v2\/ppma_author?post=2487"}],"curies":[{"name":"wp","href":"https:\/\/api.w.org\/{rel}","templated":true}]}}