{"id":2462,"date":"2025-04-08T02:49:44","date_gmt":"2025-04-08T02:49:44","guid":{"rendered":"https:\/\/radioecoutefm.com\/?p=2462"},"modified":"2025-04-08T02:49:44","modified_gmt":"2025-04-08T02:49:44","slug":"le-gouvernement-decrete-letat-durgence-sur-lensemble-du-territoire-national","status":"publish","type":"post","link":"https:\/\/radioecoutefm.com\/index.php\/2025\/04\/08\/le-gouvernement-decrete-letat-durgence-sur-lensemble-du-territoire-national\/","title":{"rendered":"Le gouvernement d\u00e9cr\u00e8te l&#8217;\u00e9tat d&#8217;urgence sur l&#8217;ensemble du territoire national"},"content":{"rendered":"<p>Au terme d&#8217;un Conseil des ministres organis\u00e9, ce lundi 7 avril 2025, le gouvernement dirig\u00e9 par Alix Didier Fils Aim\u00e9 a instaur\u00e9 l&#8217;\u00e9tat d&#8217;urgence s\u00e9curitaire et humanitaire sur toute l&#8217;\u00e9tendue du territoire national. Cette mesure permettra au gouvernement d&#8217;avoir un outil l\u00e9gal pour combattre les gangs qui s\u00e8ment la terreur dans le pays. Un arr\u00eat\u00e9 sera publi\u00e9 sous peu pour officialiser la d\u00e9cision.<\/p>\n<p>Le gouvernement ha\u00eftien tente d&#8217;utiliser tous outils mis \u00e0 sa disposition pour combattre le d\u00e9ferlement de violence orchestr\u00e9e par la coalition des criminels baptis\u00e9 \u00ab Viv Ansanm\u00bb. La derni\u00e8re en date est l&#8217;\u00e9tat d&#8217;urgence sur le territoire national. Cette mesure fait suite \u00e0 toute une s\u00e9rie mesure de ce genre adopt\u00e9 qui n&#8217;a jamais apport\u00e9 de solution concr\u00e8te au calvaire du peuple ha\u00eftien.<\/p>\n<p>Le 3 mars 2024, le gouvernement d&#8217;Ha\u00efti avait d\u00e9cr\u00e9t\u00e9 l&#8217;\u00e9tat d&#8217;urgence dans le d\u00e9partement de l&#8217;Ouest, y compris \u00e0 Port-au-Prince, en r\u00e9ponse \u00e0 la violence li\u00e9e aux gangs et \u00e0 la d\u00e9t\u00e9rioration de la situation en mati\u00e8re de s\u00e9curit\u00e9. Depuis, il est renouvel\u00e9 tous les mois pendant que la situation continue de s&#8217;aggraver. Cette mesure s&#8217;etend sur tous les d\u00e9partements. Car, apr\u00e8s Port-au-Prince, d&#8217;autres villes de province comme Mirebalais et Saut-D&#8217;eau sont sous le contr\u00f4le des gangs et ces derniers envisagent d&#8217;attaquer d&#8217;autres r\u00e9gions du pays.<\/p>\n<p>Il faut dire que le gouvernement a essay\u00e9 les drones explosifs, l&#8217;int\u00e9gration du corps des Brigades de surveillance des airs prot\u00e9g\u00e9s (BSAP) pour tenter en vain de r\u00e9soudre la crise s\u00e9curitaire et humanitaire qui ronge la capitale. En outre, on annonce qu&#8217;un \u00e9ventuel remaniement minist\u00e9riel est aussi sur la table pour tenter d&#8217; inverser la tendance dans la lutte contre les gangs.<\/p>\n","protected":false},"excerpt":{"rendered":"<p>Au terme d&#8217;un Conseil des ministres organis\u00e9, ce lundi 7 avril 2025, le gouvernement dirig\u00e9 par Alix Didier Fils Aim\u00e9 a instaur\u00e9 l&#8217;\u00e9tat d&#8217;urgence s\u00e9curitaire et humanitaire sur toute l&#8217;\u00e9tendue du territoire national. Cette mesure permettra au gouvernement d&#8217;avoir un outil l\u00e9gal pour combattre les gangs qui s\u00e8ment la terreur dans le pays. Un arr\u00eat\u00e9 [&hellip;]<\/p>\n","protected":false},"author":1,"featured_media":2463,"comment_status":"open","ping_status":"open","sticky":false,"template":"","format":"standard","meta":{"_uag_custom_page_level_css":"","jetpack_post_was_ever_published":false,"_jetpack_newsletter_access":"","_jetpack_dont_email_post_to_subs":false,"_jetpack_newsletter_tier_id":0,"_jetpack_memberships_contains_paywalled_content":false,"_jetpack_memberships_contains_paid_content":false,"footnotes":"","jetpack_publicize_message":"","jetpack_publicize_feature_enabled":true,"jetpack_social_post_already_shared":true,"jetpack_social_options":{"image_generator_settings":{"template":"highway","default_image_id":0,"font":"","enabled":false},"version":2}},"categories":[8],"tags":[],"ppma_author":[15],"class_list":["post-2462","post","type-post","status-publish","format-standard","has-post-thumbnail","hentry","category-politique"],"aioseo_notices":[],"jetpack_publicize_connections":[],"jetpack_featured_media_url":"https:\/\/i0.wp.com\/radioecoutefm.com\/wp-content\/uploads\/2025\/04\/97593B33-FF7C-4F89-ABB0-9A205A0100D1.webp?fit=930%2C620&ssl=1","uagb_featured_image_src":{"full":["https:\/\/i0.wp.com\/radioecoutefm.com\/wp-content\/uploads\/2025\/04\/97593B33-FF7C-4F89-ABB0-9A205A0100D1.webp?fit=930%2C620&ssl=1",930,620,false],"thumbnail":["https:\/\/i0.wp.com\/radioecoutefm.com\/wp-content\/uploads\/2025\/04\/97593B33-FF7C-4F89-ABB0-9A205A0100D1.webp?resize=150%2C150&ssl=1",150,150,true],"medium":["https:\/\/i0.wp.com\/radioecoutefm.com\/wp-content\/uploads\/2025\/04\/97593B33-FF7C-4F89-ABB0-9A205A0100D1.webp?fit=300%2C200&ssl=1",300,200,true],"medium_large":["https:\/\/i0.wp.com\/radioecoutefm.com\/wp-content\/uploads\/2025\/04\/97593B33-FF7C-4F89-ABB0-9A205A0100D1.webp?fit=640%2C427&ssl=1",640,427,true],"large":["https:\/\/i0.wp.com\/radioecoutefm.com\/wp-content\/uploads\/2025\/04\/97593B33-FF7C-4F89-ABB0-9A205A0100D1.webp?fit=640%2C427&ssl=1",640,427,true],"1536x1536":["https:\/\/i0.wp.com\/radioecoutefm.com\/wp-content\/uploads\/2025\/04\/97593B33-FF7C-4F89-ABB0-9A205A0100D1.webp?fit=930%2C620&ssl=1",930,620,true],"2048x2048":["https:\/\/i0.wp.com\/radioecoutefm.com\/wp-content\/uploads\/2025\/04\/97593B33-FF7C-4F89-ABB0-9A205A0100D1.webp?fit=930%2C620&ssl=1",930,620,true],"newsair-slider-full":["https:\/\/i0.wp.com\/radioecoutefm.com\/wp-content\/uploads\/2025\/04\/97593B33-FF7C-4F89-ABB0-9A205A0100D1.webp?resize=930%2C620&ssl=1",930,620,true],"newsair-featured":["https:\/\/i0.wp.com\/radioecoutefm.com\/wp-content\/uploads\/2025\/04\/97593B33-FF7C-4F89-ABB0-9A205A0100D1.webp?fit=930%2C620&ssl=1",930,620,true],"newsair-medium":["https:\/\/i0.wp.com\/radioecoutefm.com\/wp-content\/uploads\/2025\/04\/97593B33-FF7C-4F89-ABB0-9A205A0100D1.webp?resize=720%2C380&ssl=1",720,380,true]},"uagb_author_info":{"display_name":"Ecoute FM","author_link":"https:\/\/radioecoutefm.com\/index.php\/author\/borgellaattis\/"},"uagb_comment_info":0,"uagb_excerpt":"Au terme d&#8217;un Conseil des ministres organis\u00e9, ce lundi 7 avril 2025, le gouvernement dirig\u00e9 par Alix Didier Fils Aim\u00e9 a instaur\u00e9 l&#8217;\u00e9tat d&#8217;urgence s\u00e9curitaire et humanitaire sur toute l&#8217;\u00e9tendue du territoire national. Cette mesure permettra au gouvernement d&#8217;avoir un outil l\u00e9gal pour combattre les gangs qui s\u00e8ment la terreur dans le pays. Un arr\u00eat\u00e9&hellip;","jetpack_sharing_enabled":true,"jetpack_shortlink":"https:\/\/wp.me\/pgoyna-DI","jetpack-related-posts":[{"id":2064,"url":"https:\/\/radioecoutefm.com\/index.php\/2025\/03\/26\/le-gouvernement-haitien-renforce-le-controle-des-echanges-commerciaux-avec-la-republique-dominicaine\/","url_meta":{"origin":2462,"position":0},"title":"Le gouvernement ha\u00eftien renforce le contr\u00f4le des \u00e9changes commerciaux avec la R\u00e9publique Dominicaine","author":"Ecoute FM","date":"26.03.2025","format":false,"excerpt":"Le gouvernement ha\u00eftien a pris une d\u00e9cision importante concernant les \u00e9changes commerciaux avec la R\u00e9publique Dominicaine. Dans une circulaire dat\u00e9e du 25 mars 2025, le Minist\u00e8re de l\u2019\u00c9conomie et des Finances (MEF) a annonc\u00e9 une interdiction temporaire, jusqu\u2019\u00e0 nouvel ordre, de l\u2019importation de marchandises \u00e9trang\u00e8res transitant par la fronti\u00e8re terrestre.\u2026","rel":"","context":"In &quot;POLITIQUE&quot;","block_context":{"text":"POLITIQUE","link":"https:\/\/radioecoutefm.com\/index.php\/category\/politique\/"},"img":{"alt_text":"","src":"https:\/\/i0.wp.com\/radioecoutefm.com\/wp-content\/uploads\/2025\/03\/download-1.png?fit=225%2C225&ssl=1&resize=350%2C200","width":350,"height":200},"classes":[]},{"id":4620,"url":"https:\/\/radioecoutefm.com\/index.php\/2025\/05\/28\/le-gouvernement-haitien-fait-appel-a-erik-prince-pour-combattre-les-gangs-selon-le-new-york-times\/","url_meta":{"origin":2462,"position":1},"title":"Le gouvernement ha\u00eftien fait appel \u00e0 Erik Prince pour combattre les gangs, selon le New York Times","author":"Ecoute FM","date":"28.05.2025","format":false,"excerpt":"Dans le cadre de la lutte contre les gangs, le gouvernement ha\u00eftien a discr\u00e8tement sign\u00e9 un contrat avec Erik Prince, fondateur de la soci\u00e9t\u00e9 militaire priv\u00e9e Blackwater, selon une enqu\u00eate du New York Times. Erik Prince, proche alli\u00e9 de Donald Trump, serait charg\u00e9 de mener des op\u00e9rations contre les gangs\u2026","rel":"","context":"In &quot;SECURITE&quot;","block_context":{"text":"SECURITE","link":"https:\/\/radioecoutefm.com\/index.php\/category\/insecurite\/"},"img":{"alt_text":"","src":"https:\/\/i0.wp.com\/radioecoutefm.com\/wp-content\/uploads\/2025\/05\/IMG_2129.webp?fit=600%2C601&ssl=1&resize=350%2C200","width":350,"height":200,"srcset":"https:\/\/i0.wp.com\/radioecoutefm.com\/wp-content\/uploads\/2025\/05\/IMG_2129.webp?fit=600%2C601&ssl=1&resize=350%2C200 1x, https:\/\/i0.wp.com\/radioecoutefm.com\/wp-content\/uploads\/2025\/05\/IMG_2129.webp?fit=600%2C601&ssl=1&resize=525%2C300 1.5x"},"classes":[]},{"id":2804,"url":"https:\/\/radioecoutefm.com\/index.php\/2025\/04\/15\/le-gouvernement-haitien-renforce-son-soutien-aux-deplaces-affectes-par-les-intemperies\/","url_meta":{"origin":2462,"position":2},"title":"Le gouvernement ha\u00eftien renforce son soutien aux d\u00e9plac\u00e9s affect\u00e9s par les intemp\u00e9ries","author":"Ecoute FM","date":"15.04.2025","format":false,"excerpt":"Port-au-Prince, 13 avril 2025 \u2014 Alors que de fortes pluies li\u00e9es au passage d\u2019un creux de surface s\u2019abattent sur Ha\u00efti, les autorit\u00e9s ha\u00eftiennes multiplient les initiatives pour venir en aide aux populations vuln\u00e9rables, particuli\u00e8rement touch\u00e9es dans les camps de d\u00e9plac\u00e9s de la capitale. Ce dimanche apr\u00e8s-midi, des \u00e9quipes gouvernementales ont\u2026","rel":"","context":"In &quot;SOCIETE&quot;","block_context":{"text":"SOCIETE","link":"https:\/\/radioecoutefm.com\/index.php\/category\/societe\/"},"img":{"alt_text":"","src":"https:\/\/i0.wp.com\/radioecoutefm.com\/wp-content\/uploads\/2025\/04\/Filsaime.jpg?fit=1200%2C799&ssl=1&resize=350%2C200","width":350,"height":200,"srcset":"https:\/\/i0.wp.com\/radioecoutefm.com\/wp-content\/uploads\/2025\/04\/Filsaime.jpg?fit=1200%2C799&ssl=1&resize=350%2C200 1x, https:\/\/i0.wp.com\/radioecoutefm.com\/wp-content\/uploads\/2025\/04\/Filsaime.jpg?fit=1200%2C799&ssl=1&resize=525%2C300 1.5x, https:\/\/i0.wp.com\/radioecoutefm.com\/wp-content\/uploads\/2025\/04\/Filsaime.jpg?fit=1200%2C799&ssl=1&resize=700%2C400 2x, https:\/\/i0.wp.com\/radioecoutefm.com\/wp-content\/uploads\/2025\/04\/Filsaime.jpg?fit=1200%2C799&ssl=1&resize=1050%2C600 3x"},"classes":[]},{"id":3689,"url":"https:\/\/radioecoutefm.com\/index.php\/2025\/05\/02\/haiti-le-gouvernement-decrete-letat-durgence-et-reforme-les-services-de-securite\/","url_meta":{"origin":2462,"position":3},"title":"Ha\u00efti : Le Gouvernement d\u00e9cr\u00e8te l\u2019\u00e9tat d\u2019urgence et r\u00e9forme les services de s\u00e9curit\u00e9","author":"Ecoute FM","date":"02.05.2025","format":false,"excerpt":"Lors d\u2019un Conseil des Ministres tenu en s\u00e9ance sp\u00e9ciale sous la pr\u00e9sidence de Monsieur Fritz Alphonse Jean, Pr\u00e9sident du Conseil Pr\u00e9sidentiel de Transition, et en pr\u00e9sence du Premier Ministre Alix Didier Fils-Aim\u00e9, plusieurs d\u00e9cisions majeures ont \u00e9t\u00e9 prises pour r\u00e9pondre aux d\u00e9fis actuels auxquels Ha\u00efti est confront\u00e9e. Parmi les mesures\u2026","rel":"","context":"In &quot;POLITIQUE&quot;","block_context":{"text":"POLITIQUE","link":"https:\/\/radioecoutefm.com\/index.php\/category\/politique\/"},"img":{"alt_text":"","src":"","width":0,"height":0},"classes":[]},{"id":3908,"url":"https:\/\/radioecoutefm.com\/index.php\/2025\/05\/06\/le-gouvernement-haitien-renforce-la-securite-et-lassistance-sociale-avec-un-budget-de-7-milliards-de-gourdes\/","url_meta":{"origin":2462,"position":4},"title":"Le gouvernement haitien alloue 7 milliards de gourdes pour la s\u00e9curit\u00e9 et l&#8217;aide humanitaire","author":"Ecoute FM","date":"06.05.2025","format":false,"excerpt":"Le gouvernement ha\u00eftien a annonc\u00e9 une s\u00e9rie de mesures visant \u00e0 renforcer la s\u00e9curit\u00e9 nationale et \u00e0 soutenir les populations vuln\u00e9rables, notamment les familles d\u00e9plac\u00e9es par l\u2019ins\u00e9curit\u00e9 croissante dans le pays. Lors d\u2019une conf\u00e9rence de presse, le Secr\u00e9taire d\u2019\u00c9tat \u00e0 la Communication, Bendjy Tilias, a r\u00e9v\u00e9l\u00e9 l\u2019allocation de 7 milliards\u2026","rel":"","context":"In &quot;POLITIQUE&quot;","block_context":{"text":"POLITIQUE","link":"https:\/\/radioecoutefm.com\/index.php\/category\/politique\/"},"img":{"alt_text":"","src":"https:\/\/i0.wp.com\/radioecoutefm.com\/wp-content\/uploads\/2025\/05\/HAITI.jpg?fit=720%2C485&ssl=1&resize=350%2C200","width":350,"height":200,"srcset":"https:\/\/i0.wp.com\/radioecoutefm.com\/wp-content\/uploads\/2025\/05\/HAITI.jpg?fit=720%2C485&ssl=1&resize=350%2C200 1x, https:\/\/i0.wp.com\/radioecoutefm.com\/wp-content\/uploads\/2025\/05\/HAITI.jpg?fit=720%2C485&ssl=1&resize=525%2C300 1.5x, https:\/\/i0.wp.com\/radioecoutefm.com\/wp-content\/uploads\/2025\/05\/HAITI.jpg?fit=720%2C485&ssl=1&resize=700%2C400 2x"},"classes":[]},{"id":2436,"url":"https:\/\/radioecoutefm.com\/index.php\/2025\/04\/07\/les-services-de-la-dgi-de-nouveau-operationnels-sur-toute-letendue-du-territoire-national\/","url_meta":{"origin":2462,"position":5},"title":"Les services de la DGI de nouveau op\u00e9rationnels sur toute l&#8217;\u00e9tendue du territoire national","author":"Ecoute FM","date":"07.04.2025","format":false,"excerpt":"\u00c0 l'arr\u00eat depuis le mardi 18 mars en raison de difficult\u00e9s techniques affectant son syst\u00e8me informatique, la Direction g\u00e9n\u00e9rale des imp\u00f4ts (DGI) informe le public, via une note, que ses services sont d\u00e9sormais op\u00e9rationnels sur toute l'\u00e9tendue du territoire national \u00e0 partir de ce lundi 7 avril 2025. La direction\u2026","rel":"","context":"In &quot;ECONOMIE&quot;","block_context":{"text":"ECONOMIE","link":"https:\/\/radioecoutefm.com\/index.php\/category\/economie\/"},"img":{"alt_text":"","src":"https:\/\/i0.wp.com\/radioecoutefm.com\/wp-content\/uploads\/2025\/04\/6271C2C7-2915-4D7D-A21B-232E2A0EE027.jpeg?fit=512%2C512&ssl=1&resize=350%2C200","width":350,"height":200},"classes":[]}],"authors":[{"term_id":15,"user_id":1,"is_guest":0,"slug":"borgellaattis","display_name":"Ecoute FM","avatar_url":"https:\/\/secure.gravatar.com\/avatar\/a5369629745bf29c5deb65198d5e38aed1dc2c880c04b3b630ab3f6e8c623b70?s=96&d=mm&r=g","0":null,"1":"","2":"","3":"","4":"","5":"","6":"","7":"","8":""}],"_links":{"self":[{"href":"https:\/\/radioecoutefm.com\/index.php\/wp-json\/wp\/v2\/posts\/2462","targetHints":{"allow":["GET"]}}],"collection":[{"href":"https:\/\/radioecoutefm.com\/index.php\/wp-json\/wp\/v2\/posts"}],"about":[{"href":"https:\/\/radioecoutefm.com\/index.php\/wp-json\/wp\/v2\/types\/post"}],"author":[{"embeddable":true,"href":"https:\/\/radioecoutefm.com\/index.php\/wp-json\/wp\/v2\/users\/1"}],"replies":[{"embeddable":true,"href":"https:\/\/radioecoutefm.com\/index.php\/wp-json\/wp\/v2\/comments?post=2462"}],"version-history":[{"count":1,"href":"https:\/\/radioecoutefm.com\/index.php\/wp-json\/wp\/v2\/posts\/2462\/revisions"}],"predecessor-version":[{"id":2467,"href":"https:\/\/radioecoutefm.com\/index.php\/wp-json\/wp\/v2\/posts\/2462\/revisions\/2467"}],"wp:featuredmedia":[{"embeddable":true,"href":"https:\/\/radioecoutefm.com\/index.php\/wp-json\/wp\/v2\/media\/2463"}],"wp:attachment":[{"href":"https:\/\/radioecoutefm.com\/index.php\/wp-json\/wp\/v2\/media?parent=2462"}],"wp:term":[{"taxonomy":"category","embeddable":true,"href":"https:\/\/radioecoutefm.com\/index.php\/wp-json\/wp\/v2\/categories?post=2462"},{"taxonomy":"post_tag","embeddable":true,"href":"https:\/\/radioecoutefm.com\/index.php\/wp-json\/wp\/v2\/tags?post=2462"},{"taxonomy":"author","embeddable":true,"href":"https:\/\/radioecoutefm.com\/index.php\/wp-json\/wp\/v2\/ppma_author?post=2462"}],"curies":[{"name":"wp","href":"https:\/\/api.w.org\/{rel}","templated":true}]}}