{"id":2392,"date":"2025-04-06T07:33:21","date_gmt":"2025-04-06T07:33:21","guid":{"rendered":"https:\/\/radioecoutefm.com\/?p=2392"},"modified":"2025-04-06T22:36:41","modified_gmt":"2025-04-06T22:36:41","slug":"vers-lorganisation-du-salon-du-livre-du-grand-nord","status":"publish","type":"post","link":"https:\/\/radioecoutefm.com\/index.php\/2025\/04\/06\/vers-lorganisation-du-salon-du-livre-du-grand-nord\/","title":{"rendered":"Vers l&#8217;organisation du Salon du livre du Grand Nord"},"content":{"rendered":"<p>Sous l&#8217;auspice de l\u2019Observatoire Patrimoine, la Ville de Port Margot va accueillir la deuxi\u00e8me \u00e9dition du Salon du Livre et des Arts du Grand Nord. L&#8217;\u00e9v\u00e8nement se d\u00e9roulera les 23, 24 et 25 avril 2025. Plus d&#8217;une soixantaine de peintres, \u00e9crivains, diseurs, rappeurs, conf\u00e9renciers, \u00a0dessinateurs, portraitistes, po\u00e8tes, photographes, musiciens, diplomates, professeurs et d\u2019universit\u00e9 sont attendus.<\/p>\n<p>Le Salon du Livre et des Arts du Grand Nord est l&#8217;une des plus grands \u00e9v\u00e8nements culturels du d\u00e9partement du Nord. Il vise \u00e0 mettre en avant la richesse du patrimoine culturel ha\u00eftien \u00e0 travers la promouvoir de la litt\u00e9rature, la peinture, l\u2019artisanat et tous les arts en g\u00e9n\u00e9ral. Environ une soixantaine d&#8217;acteurs sont attendus pour animer des conf\u00e9rences-d\u00e9bats, des discussions sur des sujets litt\u00e9raires, culturels et sociaux.<\/p>\n<p>\u00c0 travers cette activit\u00e9, l\u2019 Observatoire patrimoine veut rallier toute la population du Nord autour de ce projet commun Projet ambitieux. Les cr\u00e9ateurs de la r\u00e9gion n&#8217;ont pas besoin d&#8217;attendre une invitation formelle pour y participer. Le message est donc lanc\u00e9 aux cr\u00e9ateurs du Grand Nord et des r\u00e9gions avoisinantes pour se mettre \u00e0 la lumi\u00e8re dans cette vitrine annuelle.\u00a0De m\u00eame, les jeunes sont encourag\u00e9s \u00e0 y prendre part, car ils sont l&#8217;avenir du pays et ils ont besoin de se former \u00e0 travers les livres.<\/p>\n","protected":false},"excerpt":{"rendered":"<p>Sous l&#8217;auspice de l\u2019Observatoire Patrimoine, la Ville de Port Margot va accueillir la deuxi\u00e8me \u00e9dition du Salon du Livre et des Arts du Grand Nord. L&#8217;\u00e9v\u00e8nement se d\u00e9roulera les 23, 24 et 25 avril 2025. Plus d&#8217;une soixantaine de peintres, \u00e9crivains, diseurs, rappeurs, conf\u00e9renciers, \u00a0dessinateurs, portraitistes, po\u00e8tes, photographes, musiciens, diplomates, professeurs et d\u2019universit\u00e9 sont attendus. [&hellip;]<\/p>\n","protected":false},"author":1,"featured_media":2393,"comment_status":"open","ping_status":"open","sticky":false,"template":"","format":"standard","meta":{"_uag_custom_page_level_css":"","jetpack_post_was_ever_published":false,"_jetpack_newsletter_access":"","_jetpack_dont_email_post_to_subs":false,"_jetpack_newsletter_tier_id":0,"_jetpack_memberships_contains_paywalled_content":false,"_jetpack_memberships_contains_paid_content":false,"footnotes":"","jetpack_publicize_message":"","jetpack_publicize_feature_enabled":true,"jetpack_social_post_already_shared":true,"jetpack_social_options":{"image_generator_settings":{"template":"highway","default_image_id":0,"font":"","enabled":false},"version":2}},"categories":[9],"tags":[],"ppma_author":[15],"class_list":["post-2392","post","type-post","status-publish","format-standard","has-post-thumbnail","hentry","category-culture"],"aioseo_notices":[],"jetpack_publicize_connections":[],"jetpack_featured_media_url":"https:\/\/i0.wp.com\/radioecoutefm.com\/wp-content\/uploads\/2025\/04\/79CA0047-4D92-4A7A-A19B-978F10472DC0.jpeg?fit=224%2C225&ssl=1","uagb_featured_image_src":{"full":["https:\/\/i0.wp.com\/radioecoutefm.com\/wp-content\/uploads\/2025\/04\/79CA0047-4D92-4A7A-A19B-978F10472DC0.jpeg?fit=224%2C225&ssl=1",224,225,false],"thumbnail":["https:\/\/i0.wp.com\/radioecoutefm.com\/wp-content\/uploads\/2025\/04\/79CA0047-4D92-4A7A-A19B-978F10472DC0.jpeg?resize=150%2C150&ssl=1",150,150,true],"medium":["https:\/\/i0.wp.com\/radioecoutefm.com\/wp-content\/uploads\/2025\/04\/79CA0047-4D92-4A7A-A19B-978F10472DC0.jpeg?fit=224%2C225&ssl=1",224,225,true],"medium_large":["https:\/\/i0.wp.com\/radioecoutefm.com\/wp-content\/uploads\/2025\/04\/79CA0047-4D92-4A7A-A19B-978F10472DC0.jpeg?fit=224%2C225&ssl=1",224,225,true],"large":["https:\/\/i0.wp.com\/radioecoutefm.com\/wp-content\/uploads\/2025\/04\/79CA0047-4D92-4A7A-A19B-978F10472DC0.jpeg?fit=224%2C225&ssl=1",224,225,true],"1536x1536":["https:\/\/i0.wp.com\/radioecoutefm.com\/wp-content\/uploads\/2025\/04\/79CA0047-4D92-4A7A-A19B-978F10472DC0.jpeg?fit=224%2C225&ssl=1",224,225,true],"2048x2048":["https:\/\/i0.wp.com\/radioecoutefm.com\/wp-content\/uploads\/2025\/04\/79CA0047-4D92-4A7A-A19B-978F10472DC0.jpeg?fit=224%2C225&ssl=1",224,225,true],"newsair-slider-full":["https:\/\/i0.wp.com\/radioecoutefm.com\/wp-content\/uploads\/2025\/04\/79CA0047-4D92-4A7A-A19B-978F10472DC0.jpeg?resize=224%2C225&ssl=1",224,225,true],"newsair-featured":["https:\/\/i0.wp.com\/radioecoutefm.com\/wp-content\/uploads\/2025\/04\/79CA0047-4D92-4A7A-A19B-978F10472DC0.jpeg?fit=224%2C225&ssl=1",224,225,true],"newsair-medium":["https:\/\/i0.wp.com\/radioecoutefm.com\/wp-content\/uploads\/2025\/04\/79CA0047-4D92-4A7A-A19B-978F10472DC0.jpeg?resize=224%2C225&ssl=1",224,225,true]},"uagb_author_info":{"display_name":"Ecoute FM","author_link":"https:\/\/radioecoutefm.com\/index.php\/author\/borgellaattis\/"},"uagb_comment_info":0,"uagb_excerpt":"Sous l&#8217;auspice de l\u2019Observatoire Patrimoine, la Ville de Port Margot va accueillir la deuxi\u00e8me \u00e9dition du Salon du Livre et des Arts du Grand Nord. L&#8217;\u00e9v\u00e8nement se d\u00e9roulera les 23, 24 et 25 avril 2025. Plus d&#8217;une soixantaine de peintres, \u00e9crivains, diseurs, rappeurs, conf\u00e9renciers, \u00a0dessinateurs, portraitistes, po\u00e8tes, photographes, musiciens, diplomates, professeurs et d\u2019universit\u00e9 sont attendus.&hellip;","jetpack_sharing_enabled":true,"jetpack_shortlink":"https:\/\/wp.me\/pgoyna-CA","jetpack-related-posts":[{"id":4751,"url":"https:\/\/radioecoutefm.com\/index.php\/2025\/06\/01\/le-cap-haitien-accueille-le-festival-du-film-europeen\/","url_meta":{"origin":2392,"position":0},"title":"Le Cap-Ha\u00eftien accueille le Festival du Film Europ\u00e9en","author":"Ecoute FM","date":"01.06.2025","format":false,"excerpt":"Du 3 au 5 juin 2025, la ville du Cap-Ha\u00eftien vibrera au rythme du cin\u00e9ma europ\u00e9en. La D\u00e9l\u00e9gation de l'Union europ\u00e9enne en Ha\u00efti organise pour la premi\u00e8re fois le Festival du Film Europ\u00e9en dans le d\u00e9partement du Nord. L'\u00e9v\u00e9nement mettra \u00e0 l'affiche trois productions cin\u00e9matographiques qui seront projet\u00e9es sur le\u2026","rel":"","context":"In &quot;CULTURE&quot;","block_context":{"text":"CULTURE","link":"https:\/\/radioecoutefm.com\/index.php\/category\/culture\/"},"img":{"alt_text":"","src":"https:\/\/i0.wp.com\/radioecoutefm.com\/wp-content\/uploads\/2025\/06\/Eurofilm-fest.jpeg?fit=926%2C1200&ssl=1&resize=350%2C200","width":350,"height":200,"srcset":"https:\/\/i0.wp.com\/radioecoutefm.com\/wp-content\/uploads\/2025\/06\/Eurofilm-fest.jpeg?fit=926%2C1200&ssl=1&resize=350%2C200 1x, https:\/\/i0.wp.com\/radioecoutefm.com\/wp-content\/uploads\/2025\/06\/Eurofilm-fest.jpeg?fit=926%2C1200&ssl=1&resize=525%2C300 1.5x, https:\/\/i0.wp.com\/radioecoutefm.com\/wp-content\/uploads\/2025\/06\/Eurofilm-fest.jpeg?fit=926%2C1200&ssl=1&resize=700%2C400 2x"},"classes":[]},{"id":6225,"url":"https:\/\/radioecoutefm.com\/index.php\/2025\/10\/29\/ouragan-melissa-atteint-la-categorie-5-haiti-sous-haute-vigilance\/","url_meta":{"origin":2392,"position":1},"title":"Ouragan Melissa atteint la cat\u00e9gorie 5 : Ha\u00efti sous haute vigilance","author":"Ecoute FM","date":"29.10.2025","format":false,"excerpt":"Dans son dernier bulletin, la National Oceanic and Atmospheric Administration (NOAA) a confirm\u00e9 que Melissa est devenu un ouragan de cat\u00e9gorie 5, le niveau le plus \u00e9lev\u00e9 sur l\u2019\u00e9chelle Saffir-Simpson. Les vents maximums soutenus atteignent d\u00e9sormais 260 km\/h, avec une pression centrale minimale de 917 millibars. Le centre du cyclone\u2026","rel":"","context":"In &quot;SOCIETE&quot;","block_context":{"text":"SOCIETE","link":"https:\/\/radioecoutefm.com\/index.php\/category\/societe\/"},"img":{"alt_text":"","src":"https:\/\/i0.wp.com\/radioecoutefm.com\/wp-content\/uploads\/2025\/10\/C87F86EE-7B7C-4593-A554-824DB504AEA7.jpeg?fit=550%2C380&ssl=1&resize=350%2C200","width":350,"height":200,"srcset":"https:\/\/i0.wp.com\/radioecoutefm.com\/wp-content\/uploads\/2025\/10\/C87F86EE-7B7C-4593-A554-824DB504AEA7.jpeg?fit=550%2C380&ssl=1&resize=350%2C200 1x, https:\/\/i0.wp.com\/radioecoutefm.com\/wp-content\/uploads\/2025\/10\/C87F86EE-7B7C-4593-A554-824DB504AEA7.jpeg?fit=550%2C380&ssl=1&resize=525%2C300 1.5x"},"classes":[]},{"id":2991,"url":"https:\/\/radioecoutefm.com\/index.php\/2025\/04\/16\/les-funerailles-de-lancien-dg-de-lanap-bsap-du-nord-gerald-joseph-celebrees-au-cap-haitien\/","url_meta":{"origin":2392,"position":2},"title":"Les fun\u00e9railles de l\u2019ancien DG de l\u2019ANAP\/BSAP du nord , G\u00e9rald Joseph, c\u00e9l\u00e9br\u00e9es au Cap-Ha\u00eftien","author":"Ecoute FM","date":"16.04.2025","format":false,"excerpt":"Ce mercredi 16 avril 2025, la ville du Cap-Ha\u00eftien a accueilli les fun\u00e9railles de G\u00e9rald Joseph, ancien directeur g\u00e9n\u00e9ral de l\u2019ANAP\/BSAP dans le d\u00e9partement du Nord, assassin\u00e9 le 27 f\u00e9vrier dernier. Famille, proches, coll\u00e8gues et membres de la population locale se sont r\u00e9unis en grand nombre pour rendre un dernier\u2026","rel":"","context":"In &quot;NECROLOGIE&quot;","block_context":{"text":"NECROLOGIE","link":"https:\/\/radioecoutefm.com\/index.php\/category\/necrologie\/"},"img":{"alt_text":"","src":"https:\/\/i0.wp.com\/radioecoutefm.com\/wp-content\/uploads\/2025\/04\/IMG_1712.jpeg?fit=960%2C640&ssl=1&resize=350%2C200","width":350,"height":200,"srcset":"https:\/\/i0.wp.com\/radioecoutefm.com\/wp-content\/uploads\/2025\/04\/IMG_1712.jpeg?fit=960%2C640&ssl=1&resize=350%2C200 1x, https:\/\/i0.wp.com\/radioecoutefm.com\/wp-content\/uploads\/2025\/04\/IMG_1712.jpeg?fit=960%2C640&ssl=1&resize=525%2C300 1.5x, https:\/\/i0.wp.com\/radioecoutefm.com\/wp-content\/uploads\/2025\/04\/IMG_1712.jpeg?fit=960%2C640&ssl=1&resize=700%2C400 2x"},"classes":[]},{"id":4950,"url":"https:\/\/radioecoutefm.com\/index.php\/2025\/06\/07\/62-policiers-formes-a-linvestigation-des-violences-sexuelles-dans-le-grand-nord-et-le-grand-sud\/","url_meta":{"origin":2392,"position":3},"title":"62 policiers form\u00e9s \u00e0 l\u2019investigation des violences sexuelles dans le Grand Nord et le Grand Sud","author":"Ecoute FM","date":"07.06.2025","format":false,"excerpt":"Dans un contexte marqu\u00e9 par l\u2019augmentation inqui\u00e9tante des violences sexuelles, notamment celles li\u00e9es aux gangs arm\u00e9s, 62 policiers, dont 37 femmes, ont \u00e9t\u00e9 form\u00e9s aux techniques d\u2019investigation des violences sexuelles, annonce le service de presse de la PNH, le 6 juin. Cette initiative, port\u00e9e par le Haut-Commissariat des Nations Unies\u2026","rel":"","context":"In &quot;SECURITE&quot;","block_context":{"text":"SECURITE","link":"https:\/\/radioecoutefm.com\/index.php\/category\/insecurite\/"},"img":{"alt_text":"","src":"https:\/\/i0.wp.com\/radioecoutefm.com\/wp-content\/uploads\/2025\/06\/A2D0142E-8ED0-40EC-AC1E-5658600380C1.jpeg?fit=956%2C683&ssl=1&resize=350%2C200","width":350,"height":200,"srcset":"https:\/\/i0.wp.com\/radioecoutefm.com\/wp-content\/uploads\/2025\/06\/A2D0142E-8ED0-40EC-AC1E-5658600380C1.jpeg?fit=956%2C683&ssl=1&resize=350%2C200 1x, https:\/\/i0.wp.com\/radioecoutefm.com\/wp-content\/uploads\/2025\/06\/A2D0142E-8ED0-40EC-AC1E-5658600380C1.jpeg?fit=956%2C683&ssl=1&resize=525%2C300 1.5x, https:\/\/i0.wp.com\/radioecoutefm.com\/wp-content\/uploads\/2025\/06\/A2D0142E-8ED0-40EC-AC1E-5658600380C1.jpeg?fit=956%2C683&ssl=1&resize=700%2C400 2x"},"classes":[]},{"id":3796,"url":"https:\/\/radioecoutefm.com\/index.php\/2025\/05\/04\/ddn-operations-policieres-cinq-bandits-tues-une-femme-arretee-des-armes-et-des-munitions-saisies-dans-le-nord\/","url_meta":{"origin":2392,"position":4},"title":"DDN \/ Op\u00e9rations Polici\u00e8res : Cinq bandits tu\u00e9s, une femme arr\u00eat\u00e9e, des armes et des munitions saisies dans le Nord","author":"Ecoute FM","date":"04.05.2025","format":false,"excerpt":"Une op\u00e9ration muscl\u00e9e men\u00e9e par la Police du D\u00e9partement du Nord (DDN), ce samedi 3 mai 2025, s\u2019est sold\u00e9e par la mort de cinq individus identifi\u00e9s comme des bandits notoires. Une femme a \u00e9galement \u00e9t\u00e9 arr\u00eat\u00e9e au cours de cette intervention. Cette op\u00e9ration rentre dans le cadre de la lutte\u2026","rel":"","context":"In &quot;SECURITE&quot;","block_context":{"text":"SECURITE","link":"https:\/\/radioecoutefm.com\/index.php\/category\/insecurite\/"},"img":{"alt_text":"","src":"https:\/\/i0.wp.com\/radioecoutefm.com\/wp-content\/uploads\/2025\/05\/police.jpeg?fit=750%2C422&ssl=1&resize=350%2C200","width":350,"height":200,"srcset":"https:\/\/i0.wp.com\/radioecoutefm.com\/wp-content\/uploads\/2025\/05\/police.jpeg?fit=750%2C422&ssl=1&resize=350%2C200 1x, https:\/\/i0.wp.com\/radioecoutefm.com\/wp-content\/uploads\/2025\/05\/police.jpeg?fit=750%2C422&ssl=1&resize=525%2C300 1.5x, https:\/\/i0.wp.com\/radioecoutefm.com\/wp-content\/uploads\/2025\/05\/police.jpeg?fit=750%2C422&ssl=1&resize=700%2C400 2x"},"classes":[]},{"id":6128,"url":"https:\/\/radioecoutefm.com\/index.php\/2025\/10\/12\/la-bid-accorde-100-millions-de-dollars-a-haiti-pour-renforcer-le-systeme-de-sante-dans-le-grand-nord\/","url_meta":{"origin":2392,"position":5},"title":"La BID accorde 100 millions de dollars \u00e0 Ha\u00efti pour renforcer le syst\u00e8me de sant\u00e9 dans le Grand Nord","author":"Ecoute FM","date":"12.10.2025","format":false,"excerpt":"La Banque interam\u00e9ricaine de d\u00e9veloppement (BID) a annonc\u00e9, ce jeudi, un don de 100 millions de dollars en faveur d\u2019Ha\u00efti, afin de renforcer les services sanitaires dans le Grand Nord du pays. Ce financement, pr\u00e9sent\u00e9 comme une r\u00e9ponse directe \u00e0 la crise humanitaire et aux d\u00e9fis structurels du syst\u00e8me de\u2026","rel":"","context":"In &quot;SANTE&quot;","block_context":{"text":"SANTE","link":"https:\/\/radioecoutefm.com\/index.php\/category\/sante\/"},"img":{"alt_text":"","src":"https:\/\/i0.wp.com\/radioecoutefm.com\/wp-content\/uploads\/2025\/10\/36DDAA32-6955-49EE-8B85-B489A498A94A.jpeg?fit=576%2C336&ssl=1&resize=350%2C200","width":350,"height":200,"srcset":"https:\/\/i0.wp.com\/radioecoutefm.com\/wp-content\/uploads\/2025\/10\/36DDAA32-6955-49EE-8B85-B489A498A94A.jpeg?fit=576%2C336&ssl=1&resize=350%2C200 1x, https:\/\/i0.wp.com\/radioecoutefm.com\/wp-content\/uploads\/2025\/10\/36DDAA32-6955-49EE-8B85-B489A498A94A.jpeg?fit=576%2C336&ssl=1&resize=525%2C300 1.5x"},"classes":[]}],"authors":[{"term_id":15,"user_id":1,"is_guest":0,"slug":"borgellaattis","display_name":"Ecoute FM","avatar_url":"https:\/\/secure.gravatar.com\/avatar\/a5369629745bf29c5deb65198d5e38aed1dc2c880c04b3b630ab3f6e8c623b70?s=96&d=mm&r=g","0":null,"1":"","2":"","3":"","4":"","5":"","6":"","7":"","8":""}],"_links":{"self":[{"href":"https:\/\/radioecoutefm.com\/index.php\/wp-json\/wp\/v2\/posts\/2392","targetHints":{"allow":["GET"]}}],"collection":[{"href":"https:\/\/radioecoutefm.com\/index.php\/wp-json\/wp\/v2\/posts"}],"about":[{"href":"https:\/\/radioecoutefm.com\/index.php\/wp-json\/wp\/v2\/types\/post"}],"author":[{"embeddable":true,"href":"https:\/\/radioecoutefm.com\/index.php\/wp-json\/wp\/v2\/users\/1"}],"replies":[{"embeddable":true,"href":"https:\/\/radioecoutefm.com\/index.php\/wp-json\/wp\/v2\/comments?post=2392"}],"version-history":[{"count":3,"href":"https:\/\/radioecoutefm.com\/index.php\/wp-json\/wp\/v2\/posts\/2392\/revisions"}],"predecessor-version":[{"id":2415,"href":"https:\/\/radioecoutefm.com\/index.php\/wp-json\/wp\/v2\/posts\/2392\/revisions\/2415"}],"wp:featuredmedia":[{"embeddable":true,"href":"https:\/\/radioecoutefm.com\/index.php\/wp-json\/wp\/v2\/media\/2393"}],"wp:attachment":[{"href":"https:\/\/radioecoutefm.com\/index.php\/wp-json\/wp\/v2\/media?parent=2392"}],"wp:term":[{"taxonomy":"category","embeddable":true,"href":"https:\/\/radioecoutefm.com\/index.php\/wp-json\/wp\/v2\/categories?post=2392"},{"taxonomy":"post_tag","embeddable":true,"href":"https:\/\/radioecoutefm.com\/index.php\/wp-json\/wp\/v2\/tags?post=2392"},{"taxonomy":"author","embeddable":true,"href":"https:\/\/radioecoutefm.com\/index.php\/wp-json\/wp\/v2\/ppma_author?post=2392"}],"curies":[{"name":"wp","href":"https:\/\/api.w.org\/{rel}","templated":true}]}}