{"id":2288,"date":"2025-04-03T03:14:13","date_gmt":"2025-04-03T03:14:13","guid":{"rendered":"https:\/\/radioecoutefm.com\/?p=2288"},"modified":"2025-04-03T03:13:16","modified_gmt":"2025-04-03T03:13:16","slug":"haiti-des-gangs-armes-auraient-attaque-clercine-et-tabarre-semant-la-panique","status":"publish","type":"post","link":"https:\/\/radioecoutefm.com\/index.php\/2025\/04\/03\/haiti-des-gangs-armes-auraient-attaque-clercine-et-tabarre-semant-la-panique\/","title":{"rendered":"Ha\u00efti : Des gangs arm\u00e9s auraient attaqu\u00e9 Clercine et Tabarre, semant la panique"},"content":{"rendered":"<p>La capitale ha\u00eftienne aurait v\u00e9cu une nouvelle nuit de terreur alors que des gangs lourdement arm\u00e9s auraient men\u00e9 une attaque dans plusieurs quartiers, notamment Clercine 22, Tabarre 27 et 28. Selon des t\u00e9moins, les assaillants se seraient introduits dans plusieurs maisons et auraient pris des otages, tandis que des tirs nourris auraient retenti dans la zone.<\/p>\n<p>L\u2019attaque aurait vis\u00e9 en particulier la base du Corps de la Brigade d\u2019Intervention Motoris\u00e9e (BIM), une unit\u00e9 de la police nationale. Malgr\u00e9 la pr\u00e9sence des forces de l\u2019ordre, les habitants, livr\u00e9s \u00e0 eux-m\u00eames, auraient tent\u00e9 de fuir ou de se barricader chez eux par crainte d\u2019\u00eatre pris pour cible.<\/p>\n<p>Cet assaut surviendrait quelques heures seulement apr\u00e8s la grande mobilisation \u00ab Mercredi Noir \u00bb, durant laquelle des milliers de manifestants auraient d\u00e9nonc\u00e9 l\u2019inaction des autorit\u00e9s face aux actes criminels du regroupement \u00ab Viv Ansanm \u00bb.<\/p>\n<p>Si aucun bilan officiel n\u2019a encore \u00e9t\u00e9 communiqu\u00e9, plusieurs sources locales rapporteraient d\u2019incendies criminels dans certains secteurs, la capitale dans l\u2019incertitude et la peur<\/p>\n","protected":false},"excerpt":{"rendered":"<p>La capitale ha\u00eftienne aurait v\u00e9cu une nouvelle nuit de terreur alors que des gangs lourdement arm\u00e9s auraient men\u00e9 une attaque dans plusieurs quartiers, notamment Clercine 22, Tabarre 27 et 28. Selon des t\u00e9moins, les assaillants se seraient introduits dans plusieurs maisons et auraient pris des otages, tandis que des tirs nourris auraient retenti dans la [&hellip;]<\/p>\n","protected":false},"author":1,"featured_media":2289,"comment_status":"open","ping_status":"open","sticky":false,"template":"","format":"standard","meta":{"_uag_custom_page_level_css":"","jetpack_post_was_ever_published":false,"_jetpack_newsletter_access":"","_jetpack_dont_email_post_to_subs":false,"_jetpack_newsletter_tier_id":0,"_jetpack_memberships_contains_paywalled_content":false,"_jetpack_memberships_contains_paid_content":false,"footnotes":"","jetpack_publicize_message":"","jetpack_publicize_feature_enabled":true,"jetpack_social_post_already_shared":true,"jetpack_social_options":{"image_generator_settings":{"template":"highway","default_image_id":0,"font":"","enabled":false},"version":2}},"categories":[57,51],"tags":[],"ppma_author":[15],"class_list":["post-2288","post","type-post","status-publish","format-standard","has-post-thumbnail","hentry","category-securite","category-societe"],"aioseo_notices":[],"jetpack_publicize_connections":[],"jetpack_featured_media_url":"https:\/\/i0.wp.com\/radioecoutefm.com\/wp-content\/uploads\/2025\/04\/feu.jpeg?fit=474%2C316&ssl=1","uagb_featured_image_src":{"full":["https:\/\/i0.wp.com\/radioecoutefm.com\/wp-content\/uploads\/2025\/04\/feu.jpeg?fit=474%2C316&ssl=1",474,316,false],"thumbnail":["https:\/\/i0.wp.com\/radioecoutefm.com\/wp-content\/uploads\/2025\/04\/feu.jpeg?resize=150%2C150&ssl=1",150,150,true],"medium":["https:\/\/i0.wp.com\/radioecoutefm.com\/wp-content\/uploads\/2025\/04\/feu.jpeg?fit=300%2C200&ssl=1",300,200,true],"medium_large":["https:\/\/i0.wp.com\/radioecoutefm.com\/wp-content\/uploads\/2025\/04\/feu.jpeg?fit=474%2C316&ssl=1",474,316,true],"large":["https:\/\/i0.wp.com\/radioecoutefm.com\/wp-content\/uploads\/2025\/04\/feu.jpeg?fit=474%2C316&ssl=1",474,316,true],"1536x1536":["https:\/\/i0.wp.com\/radioecoutefm.com\/wp-content\/uploads\/2025\/04\/feu.jpeg?fit=474%2C316&ssl=1",474,316,true],"2048x2048":["https:\/\/i0.wp.com\/radioecoutefm.com\/wp-content\/uploads\/2025\/04\/feu.jpeg?fit=474%2C316&ssl=1",474,316,true],"newsair-slider-full":["https:\/\/i0.wp.com\/radioecoutefm.com\/wp-content\/uploads\/2025\/04\/feu.jpeg?resize=474%2C316&ssl=1",474,316,true],"newsair-featured":["https:\/\/i0.wp.com\/radioecoutefm.com\/wp-content\/uploads\/2025\/04\/feu.jpeg?fit=474%2C316&ssl=1",474,316,true],"newsair-medium":["https:\/\/i0.wp.com\/radioecoutefm.com\/wp-content\/uploads\/2025\/04\/feu.jpeg?resize=474%2C316&ssl=1",474,316,true]},"uagb_author_info":{"display_name":"Ecoute FM","author_link":"https:\/\/radioecoutefm.com\/index.php\/author\/borgellaattis\/"},"uagb_comment_info":0,"uagb_excerpt":"La capitale ha\u00eftienne aurait v\u00e9cu une nouvelle nuit de terreur alors que des gangs lourdement arm\u00e9s auraient men\u00e9 une attaque dans plusieurs quartiers, notamment Clercine 22, Tabarre 27 et 28. Selon des t\u00e9moins, les assaillants se seraient introduits dans plusieurs maisons et auraient pris des otages, tandis que des tirs nourris auraient retenti dans la&hellip;","jetpack_sharing_enabled":true,"jetpack_shortlink":"https:\/\/wp.me\/pgoyna-AU","jetpack-related-posts":[{"id":4675,"url":"https:\/\/radioecoutefm.com\/index.php\/2025\/05\/29\/attaque-armee-a-vivy-mitchell-le-gang-kraze-barye-seme-la-terreur\/","url_meta":{"origin":2288,"position":0},"title":"Attaque arm\u00e9e \u00e0 Vivy Mitchell : \u201cKraze Bary\u00e8\u201d s\u00e8me la terreur","author":"Ecoute FM","date":"29.05.2025","format":false,"excerpt":"Une nouvelle attaque arm\u00e9e a secou\u00e9 le quartier paisible de Vivy Mitchell dans la matin\u00e9e du jeudi 29 mai. Selon plusieurs sources s\u00e9curitaires, des individus lourdement arm\u00e9s issus de la base \u201cKraze Bary\u00e8\u201d, op\u00e9rant \u00e0 Tabarre sous la direction de Vitelhomme Innocent, ont tent\u00e9 de p\u00e9n\u00e9trer violemment dans la zone\u2026","rel":"","context":"In &quot;INSECURITE&quot;","block_context":{"text":"INSECURITE","link":"https:\/\/radioecoutefm.com\/index.php\/category\/securite\/"},"img":{"alt_text":"","src":"https:\/\/i0.wp.com\/radioecoutefm.com\/wp-content\/uploads\/2025\/05\/vitel.jpg?fit=1200%2C800&ssl=1&resize=350%2C200","width":350,"height":200,"srcset":"https:\/\/i0.wp.com\/radioecoutefm.com\/wp-content\/uploads\/2025\/05\/vitel.jpg?fit=1200%2C800&ssl=1&resize=350%2C200 1x, https:\/\/i0.wp.com\/radioecoutefm.com\/wp-content\/uploads\/2025\/05\/vitel.jpg?fit=1200%2C800&ssl=1&resize=525%2C300 1.5x, https:\/\/i0.wp.com\/radioecoutefm.com\/wp-content\/uploads\/2025\/05\/vitel.jpg?fit=1200%2C800&ssl=1&resize=700%2C400 2x, https:\/\/i0.wp.com\/radioecoutefm.com\/wp-content\/uploads\/2025\/05\/vitel.jpg?fit=1200%2C800&ssl=1&resize=1050%2C600 3x"},"classes":[]},{"id":4481,"url":"https:\/\/radioecoutefm.com\/index.php\/2025\/05\/23\/torcel-sous-tension-la-pnh-frappe-fort-avec-des-drones-kamikazes\/","url_meta":{"origin":2288,"position":1},"title":"Torcel sous tension : la PNH frappe fort avec des drones kamikazes","author":"Ecoute FM","date":"23.05.2025","format":false,"excerpt":"La Police nationale d\u2019Ha\u00efti (PNH) a lanc\u00e9, ce jeudi, une op\u00e9ration de grande envergure contre le redoutable gang Kraze Bary\u00e8, dirig\u00e9 par Vitelhomme Innocent. Selon des sources locales, plusieurs drones kamikazes ont \u00e9t\u00e9 d\u00e9ploy\u00e9s dans la zone de Torcel, \u00e0 Tabarre 53. Au moins cinq d\u2019entre eux auraient explos\u00e9, visant\u2026","rel":"","context":"In &quot;SECURITE&quot;","block_context":{"text":"SECURITE","link":"https:\/\/radioecoutefm.com\/index.php\/category\/insecurite\/"},"img":{"alt_text":"","src":"https:\/\/i0.wp.com\/radioecoutefm.com\/wp-content\/uploads\/2025\/05\/torcelo.jpg?fit=675%2C450&ssl=1&resize=350%2C200","width":350,"height":200,"srcset":"https:\/\/i0.wp.com\/radioecoutefm.com\/wp-content\/uploads\/2025\/05\/torcelo.jpg?fit=675%2C450&ssl=1&resize=350%2C200 1x, https:\/\/i0.wp.com\/radioecoutefm.com\/wp-content\/uploads\/2025\/05\/torcelo.jpg?fit=675%2C450&ssl=1&resize=525%2C300 1.5x"},"classes":[]},{"id":3461,"url":"https:\/\/radioecoutefm.com\/index.php\/2025\/04\/25\/tensions-a-kenscoff-quatre-personnes-tuees-par-un-gang-en-represailles-presumees-a-une-operation-policiere\/","url_meta":{"origin":2288,"position":2},"title":"Tensions \u00e0 Kenscoff : Quatre personnes tu\u00e9es par un gang en repr\u00e9sailles pr\u00e9sum\u00e9es \u00e0 une op\u00e9ration polici\u00e8re","author":"Ecoute FM","date":"25.04.2025","format":false,"excerpt":"Une vid\u00e9o circulant sur plusieurs forums de messagerie, dont WhatsApp et Telegram, a provoqu\u00e9 l\u2019indignation ce vendredi. Elle montre des membres pr\u00e9sum\u00e9s d\u2019un gang op\u00e9rant \u00e0 Kenscoff revendiquer l\u2019ex\u00e9cution de quatre personnes. Selon les d\u00e9clarations entendues dans la vid\u00e9o, ces meurtres auraient \u00e9t\u00e9 perp\u00e9tr\u00e9s en repr\u00e9sailles \u00e0 une suppos\u00e9e attaque\u2026","rel":"","context":"In &quot;INSECURITE&quot;","block_context":{"text":"INSECURITE","link":"https:\/\/radioecoutefm.com\/index.php\/category\/securite\/"},"img":{"alt_text":"","src":"https:\/\/i0.wp.com\/radioecoutefm.com\/wp-content\/uploads\/2025\/04\/att.hLIiqWKUstVB4-sdnLNV-bo6-yEMv2pCSqrkM_PATLA.jpeg?fit=828%2C903&ssl=1&resize=350%2C200","width":350,"height":200,"srcset":"https:\/\/i0.wp.com\/radioecoutefm.com\/wp-content\/uploads\/2025\/04\/att.hLIiqWKUstVB4-sdnLNV-bo6-yEMv2pCSqrkM_PATLA.jpeg?fit=828%2C903&ssl=1&resize=350%2C200 1x, https:\/\/i0.wp.com\/radioecoutefm.com\/wp-content\/uploads\/2025\/04\/att.hLIiqWKUstVB4-sdnLNV-bo6-yEMv2pCSqrkM_PATLA.jpeg?fit=828%2C903&ssl=1&resize=525%2C300 1.5x, https:\/\/i0.wp.com\/radioecoutefm.com\/wp-content\/uploads\/2025\/04\/att.hLIiqWKUstVB4-sdnLNV-bo6-yEMv2pCSqrkM_PATLA.jpeg?fit=828%2C903&ssl=1&resize=700%2C400 2x"},"classes":[]},{"id":1670,"url":"https:\/\/radioecoutefm.com\/index.php\/2025\/03\/16\/un-vehicule-blinde-de-la-pnh-incendie-par-des-bandits-a-kenscoff\/","url_meta":{"origin":2288,"position":3},"title":"Un v\u00e9hicule blind\u00e9 de la PNH incendi\u00e9 par des bandits \u00e0 Kenscoff","author":"Claude DIEUPHENE","date":"16.03.2025","format":false,"excerpt":"Des bandits arm\u00e9s de la coalition Viv ansanm ont incendi\u00e9 un v\u00e9hicule blind\u00e9 de la Police Nationale d\u2019Ha\u00efti (PNH) dans la commune de Kenscoff, ce dimanche 15 mars 2025, en milieu de journ\u00e9e. Le blind\u00e9 a \u00e9t\u00e9 pris pour cible par des membres de gangs op\u00e9rant dans la zone. Ces\u2026","rel":"","context":"In &quot;INSECURITE&quot;","block_context":{"text":"INSECURITE","link":"https:\/\/radioecoutefm.com\/index.php\/category\/securite\/"},"img":{"alt_text":"","src":"https:\/\/i0.wp.com\/radioecoutefm.com\/wp-content\/uploads\/2025\/03\/1E9F3677-9111-4B13-86B2-3104415E1747.webp?fit=1200%2C630&ssl=1&resize=350%2C200","width":350,"height":200,"srcset":"https:\/\/i0.wp.com\/radioecoutefm.com\/wp-content\/uploads\/2025\/03\/1E9F3677-9111-4B13-86B2-3104415E1747.webp?fit=1200%2C630&ssl=1&resize=350%2C200 1x, https:\/\/i0.wp.com\/radioecoutefm.com\/wp-content\/uploads\/2025\/03\/1E9F3677-9111-4B13-86B2-3104415E1747.webp?fit=1200%2C630&ssl=1&resize=525%2C300 1.5x, https:\/\/i0.wp.com\/radioecoutefm.com\/wp-content\/uploads\/2025\/03\/1E9F3677-9111-4B13-86B2-3104415E1747.webp?fit=1200%2C630&ssl=1&resize=700%2C400 2x, https:\/\/i0.wp.com\/radioecoutefm.com\/wp-content\/uploads\/2025\/03\/1E9F3677-9111-4B13-86B2-3104415E1747.webp?fit=1200%2C630&ssl=1&resize=1050%2C600 3x"},"classes":[]},{"id":5039,"url":"https:\/\/radioecoutefm.com\/index.php\/2025\/06\/11\/haiti-deux-jeunes-tues-par-balles-alors-quils-nettoyaient-leur-quartier\/","url_meta":{"origin":2288,"position":4},"title":"Ha\u00efti : deux jeunes tu\u00e9s par balles alors qu\u2019ils nettoyaient leur quartier","author":"Ecoute FM","date":"11.06.2025","format":false,"excerpt":"Deux jeunes hommes ont perdu la vie ce mardi 10 juin dans des circonstances tragiques alors qu\u2019ils prenaient part \u00e0 une activit\u00e9 communautaire de nettoyage entre Delmas 30 et Solino, \u00e0 Port-au-Prince. Selon plusieurs t\u00e9moins, ils auraient \u00e9t\u00e9 attaqu\u00e9s par des individus lourdement arm\u00e9s issus du groupe criminel \u201cViv Ansanm\u201d,\u2026","rel":"","context":"In &quot;INSECURITE&quot;","block_context":{"text":"INSECURITE","link":"https:\/\/radioecoutefm.com\/index.php\/category\/securite\/"},"img":{"alt_text":"","src":"https:\/\/i0.wp.com\/radioecoutefm.com\/wp-content\/uploads\/2025\/05\/IMG_1990.jpeg?fit=648%2C415&ssl=1&resize=350%2C200","width":350,"height":200,"srcset":"https:\/\/i0.wp.com\/radioecoutefm.com\/wp-content\/uploads\/2025\/05\/IMG_1990.jpeg?fit=648%2C415&ssl=1&resize=350%2C200 1x, https:\/\/i0.wp.com\/radioecoutefm.com\/wp-content\/uploads\/2025\/05\/IMG_1990.jpeg?fit=648%2C415&ssl=1&resize=525%2C300 1.5x"},"classes":[]},{"id":2294,"url":"https:\/\/radioecoutefm.com\/index.php\/2025\/04\/03\/haiti-deux-religieuses-tuees-lors-dune-attaque-de-gangs-armes-a-mirbalais\/","url_meta":{"origin":2288,"position":5},"title":"Haiti: Deux religieuses tu\u00e9es lors d\u2019une attaque de gangs arm\u00e9s \u00e0 Mirbalais","author":"Snaida Frederic","date":"03.04.2025","format":false,"excerpt":"Le climat d'ins\u00e9curit\u00e9 qui r\u00e8gne en Ha\u00efti a une nouvelle fois frapp\u00e9, \u00e0 Mirbalais, o\u00f9 deux s\u0153urs catholiques ont perdu la vie dans des circonstances tragiques. S\u0153urs Evanette Onezaire (JouJou) et Jeanne Voltaire (Djine), membres de la congr\u00e9gation Sainte-Th\u00e9r\u00e8se, ont \u00e9t\u00e9 tu\u00e9es par des assaillants arm\u00e9s lors d\u2019une invasion de\u2026","rel":"","context":"In &quot;INSECURITE&quot;","block_context":{"text":"INSECURITE","link":"https:\/\/radioecoutefm.com\/index.php\/category\/securite\/"},"img":{"alt_text":"","src":"https:\/\/i0.wp.com\/radioecoutefm.com\/wp-content\/uploads\/2025\/04\/Religion.jpg?fit=620%2C350&ssl=1&resize=350%2C200","width":350,"height":200,"srcset":"https:\/\/i0.wp.com\/radioecoutefm.com\/wp-content\/uploads\/2025\/04\/Religion.jpg?fit=620%2C350&ssl=1&resize=350%2C200 1x, https:\/\/i0.wp.com\/radioecoutefm.com\/wp-content\/uploads\/2025\/04\/Religion.jpg?fit=620%2C350&ssl=1&resize=525%2C300 1.5x"},"classes":[]}],"authors":[{"term_id":15,"user_id":1,"is_guest":0,"slug":"borgellaattis","display_name":"Ecoute FM","avatar_url":"https:\/\/secure.gravatar.com\/avatar\/a5369629745bf29c5deb65198d5e38aed1dc2c880c04b3b630ab3f6e8c623b70?s=96&d=mm&r=g","0":null,"1":"","2":"","3":"","4":"","5":"","6":"","7":"","8":""}],"_links":{"self":[{"href":"https:\/\/radioecoutefm.com\/index.php\/wp-json\/wp\/v2\/posts\/2288","targetHints":{"allow":["GET"]}}],"collection":[{"href":"https:\/\/radioecoutefm.com\/index.php\/wp-json\/wp\/v2\/posts"}],"about":[{"href":"https:\/\/radioecoutefm.com\/index.php\/wp-json\/wp\/v2\/types\/post"}],"author":[{"embeddable":true,"href":"https:\/\/radioecoutefm.com\/index.php\/wp-json\/wp\/v2\/users\/1"}],"replies":[{"embeddable":true,"href":"https:\/\/radioecoutefm.com\/index.php\/wp-json\/wp\/v2\/comments?post=2288"}],"version-history":[{"count":1,"href":"https:\/\/radioecoutefm.com\/index.php\/wp-json\/wp\/v2\/posts\/2288\/revisions"}],"predecessor-version":[{"id":2293,"href":"https:\/\/radioecoutefm.com\/index.php\/wp-json\/wp\/v2\/posts\/2288\/revisions\/2293"}],"wp:featuredmedia":[{"embeddable":true,"href":"https:\/\/radioecoutefm.com\/index.php\/wp-json\/wp\/v2\/media\/2289"}],"wp:attachment":[{"href":"https:\/\/radioecoutefm.com\/index.php\/wp-json\/wp\/v2\/media?parent=2288"}],"wp:term":[{"taxonomy":"category","embeddable":true,"href":"https:\/\/radioecoutefm.com\/index.php\/wp-json\/wp\/v2\/categories?post=2288"},{"taxonomy":"post_tag","embeddable":true,"href":"https:\/\/radioecoutefm.com\/index.php\/wp-json\/wp\/v2\/tags?post=2288"},{"taxonomy":"author","embeddable":true,"href":"https:\/\/radioecoutefm.com\/index.php\/wp-json\/wp\/v2\/ppma_author?post=2288"}],"curies":[{"name":"wp","href":"https:\/\/api.w.org\/{rel}","templated":true}]}}