{"id":2097,"date":"2025-03-26T23:54:01","date_gmt":"2025-03-26T23:54:01","guid":{"rendered":"https:\/\/radioecoutefm.com\/?p=2097"},"modified":"2025-03-26T23:56:55","modified_gmt":"2025-03-26T23:56:55","slug":"haiti-au-coeur-des-debats-pourquoi-marco-rubio-na-t-il-jamais-visite-le-pays-malgre-ses-voyages-dans-les-caraibes","status":"publish","type":"post","link":"https:\/\/radioecoutefm.com\/index.php\/2025\/03\/26\/haiti-au-coeur-des-debats-pourquoi-marco-rubio-na-t-il-jamais-visite-le-pays-malgre-ses-voyages-dans-les-caraibes\/","title":{"rendered":"Ha\u00efti au c\u0153ur des d\u00e9bats, pourquoi Marco Rubio n\u2019a-t-il jamais visit\u00e9 le pays malgr\u00e9 ses voyages dans les Cara\u00efbes ?"},"content":{"rendered":"<p>Marco Rubio, s\u00e9nateur am\u00e9ricain et figure importante en mati\u00e8re de politique \u00e9trang\u00e8re, a effectu\u00e9 deux voyages dans les Cara\u00efbes r\u00e9cemment, mais il n\u2019a toujours pas visit\u00e9 Ha\u00efti, malgr\u00e9 la situation critique qui y pr\u00e9vaut. Ces d\u00e9placements en r\u00e9gion ont principalement \u00e9t\u00e9 ax\u00e9s sur la consolidation des relations entre les \u00c9tats-Unis et les pays voisins d&#8217;Ha\u00efti, ainsi que sur la gestion de la crise s\u00e9curitaire, mais son absence en Ha\u00efti soul\u00e8ve plusieurs questions.<\/p>\n<p>Il y a plusieurs raisons possibles expliquant pourquoi Marco Rubio n&#8217;a pas encore mis les pieds en Ha\u00efti, bien que ce pays soit au centre des pr\u00e9occupations internationales :<\/p>\n<ol>\n<li><strong>Focus sur des initiatives r\u00e9gionales :<\/strong> Lors de ses visites dans les Cara\u00efbes, Rubio a surtout discut\u00e9 des initiatives de s\u00e9curit\u00e9 r\u00e9gionale, et son attention semble s\u2019\u00eatre davantage port\u00e9e sur des pays comme la R\u00e9publique Dominicaine, qui joue un r\u00f4le central dans la stabilit\u00e9 de la r\u00e9gion. La R\u00e9publique Dominicaine a un impact direct sur la situation ha\u00eftienne, \u00e9tant donn\u00e9 la proximit\u00e9 g\u00e9ographique et les liens \u00e9conomiques entre les deux nations. La stabilit\u00e9 de la r\u00e9gion est un objectif cl\u00e9 dans la diplomatie am\u00e9ricaine, ce qui pourrait expliquer ses visites dans des pays voisins d\u2019Ha\u00efti.<\/li>\n<li><strong>Complexit\u00e9 de la situation ha\u00eftienne :<\/strong> Ha\u00efti traverse une crise multidimensionnelle \u2013 \u00e9conomique, politique et s\u00e9curitaire \u2013 avec une forte pr\u00e9sence de gangs arm\u00e9s et des violences quotidiennes. Pour un homme politique comme Marco Rubio, il peut \u00eatre plus efficace d&#8217;agir depuis des pays voisins, en travaillant avec des alli\u00e9s r\u00e9gionaux, plut\u00f4t que de se rendre directement dans un pays o\u00f9 la situation est particuli\u00e8rement volatile et o\u00f9 des d\u00e9placements peuvent pr\u00e9senter des risques \u00e9lev\u00e9s.<\/li>\n<li><strong>Actions indirectes via la diplomatie et les partenaires :<\/strong> Au lieu de se rendre en Ha\u00efti, Rubio peut choisir d&#8217;agir en soutenant des initiatives via des partenaires comme la R\u00e9publique Dominicaine ou d\u2019autres organisations internationales. Cela permet aux \u00c9tats-Unis de maintenir une pression diplomatique sur les autorit\u00e9s ha\u00eftiennes et sur les acteurs internationaux sans s\u2019engager directement sur le terrain dans un contexte qui pourrait \u00eatre per\u00e7u comme un risque pour la stabilit\u00e9 politique interne des \u00c9tats-Unis.<\/li>\n<li><strong>Engagement indirect par le biais de l\u2019aide et de la diplomatie :<\/strong> Le s\u00e9nateur Rubio est impliqu\u00e9 dans les discussions sur l\u2019aide humanitaire et militaire \u00e0 Ha\u00efti, soutenant les missions de maintien de la paix et les efforts pour restaurer la s\u00e9curit\u00e9. Toutefois, ses efforts de soutien \u00e0 Ha\u00efti se font souvent \u00e0 travers des initiatives l\u00e9gislatives et des dialogues internationaux plut\u00f4t qu&#8217;\u00e0 travers des visites personnelles.<\/li>\n<\/ol>\n<p>Ainsi, bien que Ha\u00efti soit au centre des pr\u00e9occupations, les raisons pour lesquelles Marco Rubio n&#8217;a pas encore visit\u00e9 le pays semblent li\u00e9es \u00e0 des strat\u00e9gies diplomatiques plus larges et \u00e0 la gestion indirecte de la crise ha\u00eftienne.<\/p>\n","protected":false},"excerpt":{"rendered":"<p>Marco Rubio, s\u00e9nateur am\u00e9ricain et figure importante en mati\u00e8re de politique \u00e9trang\u00e8re, a effectu\u00e9 deux voyages dans les Cara\u00efbes r\u00e9cemment, mais il n\u2019a toujours pas visit\u00e9 Ha\u00efti, malgr\u00e9 la situation critique qui y pr\u00e9vaut. Ces d\u00e9placements en r\u00e9gion ont principalement \u00e9t\u00e9 ax\u00e9s sur la consolidation des relations entre les \u00c9tats-Unis et les pays voisins d&#8217;Ha\u00efti, [&hellip;]<\/p>\n","protected":false},"author":1,"featured_media":2098,"comment_status":"open","ping_status":"open","sticky":false,"template":"","format":"standard","meta":{"_uag_custom_page_level_css":"","jetpack_post_was_ever_published":false,"_jetpack_newsletter_access":"","_jetpack_dont_email_post_to_subs":false,"_jetpack_newsletter_tier_id":0,"_jetpack_memberships_contains_paywalled_content":false,"_jetpack_memberships_contains_paid_content":false,"footnotes":"","jetpack_publicize_message":"","jetpack_publicize_feature_enabled":true,"jetpack_social_post_already_shared":true,"jetpack_social_options":{"image_generator_settings":{"template":"highway","default_image_id":0,"font":"","enabled":false},"version":2}},"categories":[46],"tags":[],"ppma_author":[15],"class_list":["post-2097","post","type-post","status-publish","format-standard","has-post-thumbnail","hentry","category-international"],"aioseo_notices":[],"jetpack_publicize_connections":[],"jetpack_featured_media_url":"https:\/\/i0.wp.com\/radioecoutefm.com\/wp-content\/uploads\/2025\/03\/RUBIO.png?fit=515%2C322&ssl=1","uagb_featured_image_src":{"full":["https:\/\/i0.wp.com\/radioecoutefm.com\/wp-content\/uploads\/2025\/03\/RUBIO.png?fit=515%2C322&ssl=1",515,322,false],"thumbnail":["https:\/\/i0.wp.com\/radioecoutefm.com\/wp-content\/uploads\/2025\/03\/RUBIO.png?resize=150%2C150&ssl=1",150,150,true],"medium":["https:\/\/i0.wp.com\/radioecoutefm.com\/wp-content\/uploads\/2025\/03\/RUBIO.png?fit=300%2C188&ssl=1",300,188,true],"medium_large":["https:\/\/i0.wp.com\/radioecoutefm.com\/wp-content\/uploads\/2025\/03\/RUBIO.png?fit=515%2C322&ssl=1",515,322,true],"large":["https:\/\/i0.wp.com\/radioecoutefm.com\/wp-content\/uploads\/2025\/03\/RUBIO.png?fit=515%2C322&ssl=1",515,322,true],"1536x1536":["https:\/\/i0.wp.com\/radioecoutefm.com\/wp-content\/uploads\/2025\/03\/RUBIO.png?fit=515%2C322&ssl=1",515,322,true],"2048x2048":["https:\/\/i0.wp.com\/radioecoutefm.com\/wp-content\/uploads\/2025\/03\/RUBIO.png?fit=515%2C322&ssl=1",515,322,true],"newsair-slider-full":["https:\/\/i0.wp.com\/radioecoutefm.com\/wp-content\/uploads\/2025\/03\/RUBIO.png?resize=515%2C322&ssl=1",515,322,true],"newsair-featured":["https:\/\/i0.wp.com\/radioecoutefm.com\/wp-content\/uploads\/2025\/03\/RUBIO.png?fit=515%2C322&ssl=1",515,322,true],"newsair-medium":["https:\/\/i0.wp.com\/radioecoutefm.com\/wp-content\/uploads\/2025\/03\/RUBIO.png?resize=515%2C322&ssl=1",515,322,true]},"uagb_author_info":{"display_name":"Ecoute FM","author_link":"https:\/\/radioecoutefm.com\/index.php\/author\/borgellaattis\/"},"uagb_comment_info":0,"uagb_excerpt":"Marco Rubio, s\u00e9nateur am\u00e9ricain et figure importante en mati\u00e8re de politique \u00e9trang\u00e8re, a effectu\u00e9 deux voyages dans les Cara\u00efbes r\u00e9cemment, mais il n\u2019a toujours pas visit\u00e9 Ha\u00efti, malgr\u00e9 la situation critique qui y pr\u00e9vaut. Ces d\u00e9placements en r\u00e9gion ont principalement \u00e9t\u00e9 ax\u00e9s sur la consolidation des relations entre les \u00c9tats-Unis et les pays voisins d&#8217;Ha\u00efti,&hellip;","jetpack_sharing_enabled":true,"jetpack_shortlink":"https:\/\/wp.me\/pgoyna-xP","jetpack-related-posts":[{"id":1978,"url":"https:\/\/radioecoutefm.com\/index.php\/2025\/03\/24\/marco-rubio-en-tournee-dans-les-caraibes-haiti-au-centre-des-preoccupations\/","url_meta":{"origin":2097,"position":0},"title":"Marco Rubio en tourn\u00e9e dans les Cara\u00efbes : Ha\u00efti au centre des pr\u00e9occupations","author":"Ecoute FM","date":"24.03.2025","format":false,"excerpt":"Le secr\u00e9taire d\u2019\u00c9tat am\u00e9ricain Marco Rubio entame cette semaine sa premi\u00e8re tourn\u00e9e officielle dans les Cara\u00efbes, \u00e0 un moment o\u00f9 la situation en Ha\u00efti suscite de vives inqui\u00e9tudes parmi les dirigeants de la r\u00e9gion. Au cours de son voyage, Rubio se rendra en Jama\u00efque, o\u00f9 il sera re\u00e7u par le\u2026","rel":"","context":"In &quot;INSECURITE&quot;","block_context":{"text":"INSECURITE","link":"https:\/\/radioecoutefm.com\/index.php\/category\/securite\/"},"img":{"alt_text":"","src":"https:\/\/i0.wp.com\/radioecoutefm.com\/wp-content\/uploads\/2025\/03\/IMG_1473.png?fit=512%2C342&ssl=1&resize=350%2C200","width":350,"height":200},"classes":[]},{"id":2050,"url":"https:\/\/radioecoutefm.com\/index.php\/2025\/03\/26\/marco-rubio-en-jamaique-discussions-sur-la-securite-lenergie-linsecurite-et-les-tensions-avec-haiti\/","url_meta":{"origin":2097,"position":1},"title":"Marco Rubio en Jama\u00efque : discussions sur la s\u00e9curit\u00e9, l&#8217;\u00e9nergie, l&#8217;ins\u00e9curit\u00e9 et les tensions avec Ha\u00efti","author":"Ecoute FM","date":"26.03.2025","format":false,"excerpt":"Le s\u00e9nateur am\u00e9ricain Marco Rubio a effectu\u00e9 une visite officielle en Jama\u00efque ce mercredi pour discuter de questions cruciales telles que l'\u00e9nergie et l'immigration, lors d'une conf\u00e9rence conjointe avec le Premier ministre jama\u00efcain, Andrew Holness. Cette rencontre a mis en lumi\u00e8re les efforts de la Jama\u00efque et des \u00c9tats-Unis pour\u2026","rel":"","context":"In &quot;POLITIQUE&quot;","block_context":{"text":"POLITIQUE","link":"https:\/\/radioecoutefm.com\/index.php\/category\/politique\/"},"img":{"alt_text":"","src":"https:\/\/i0.wp.com\/radioecoutefm.com\/wp-content\/uploads\/2025\/03\/Rubio-Hoess.jpg?fit=500%2C375&ssl=1&resize=350%2C200","width":350,"height":200},"classes":[]},{"id":3936,"url":"https:\/\/radioecoutefm.com\/index.php\/2025\/05\/07\/marco-rubio-plaide-pour-une-cooperation-regionale-renforcee-dans-la-caraibe\/","url_meta":{"origin":2097,"position":2},"title":"Marco Rubio plaide pour une coop\u00e9ration r\u00e9gionale renforc\u00e9e dans la Cara\u00efbe","author":"Ecoute FM","date":"07.05.2025","format":false,"excerpt":"Le s\u00e9nateur am\u00e9ricain Marco Rubio a rencontr\u00e9 sept Premiers ministres de la Cara\u00efbe orientale et des Bahamas ce mardi \u00e0 Washington, afin d\u2019aborder la n\u00e9cessit\u00e9 urgente d\u2019une coop\u00e9ration accrue entre les nations de la r\u00e9gion. Les discussions ont principalement port\u00e9 sur les efforts \u00e0 intensifier dans la lutte contre le\u2026","rel":"","context":"In &quot;INTERNATIONAL&quot;","block_context":{"text":"INTERNATIONAL","link":"https:\/\/radioecoutefm.com\/index.php\/category\/international\/"},"img":{"alt_text":"","src":"https:\/\/i0.wp.com\/radioecoutefm.com\/wp-content\/uploads\/2025\/05\/IMG_1924.jpeg?fit=1200%2C895&ssl=1&resize=350%2C200","width":350,"height":200,"srcset":"https:\/\/i0.wp.com\/radioecoutefm.com\/wp-content\/uploads\/2025\/05\/IMG_1924.jpeg?fit=1200%2C895&ssl=1&resize=350%2C200 1x, https:\/\/i0.wp.com\/radioecoutefm.com\/wp-content\/uploads\/2025\/05\/IMG_1924.jpeg?fit=1200%2C895&ssl=1&resize=525%2C300 1.5x, https:\/\/i0.wp.com\/radioecoutefm.com\/wp-content\/uploads\/2025\/05\/IMG_1924.jpeg?fit=1200%2C895&ssl=1&resize=700%2C400 2x, https:\/\/i0.wp.com\/radioecoutefm.com\/wp-content\/uploads\/2025\/05\/IMG_1924.jpeg?fit=1200%2C895&ssl=1&resize=1050%2C600 3x"},"classes":[]},{"id":4024,"url":"https:\/\/radioecoutefm.com\/index.php\/2025\/05\/08\/marco-rubio-felicite-le-kenya-pour-son-leadership-dans-la-mission-en-haiti-la-population-attend-toujours-des-resultats\/","url_meta":{"origin":2097,"position":3},"title":"Marco Rubio f\u00e9licite le Kenya pour son leadership dans la mission en Ha\u00efti, la population attend toujours des r\u00e9sultats","author":"Ecoute FM","date":"08.05.2025","format":false,"excerpt":"Le Secr\u00e9taire d\u2019\u00c9tat am\u00e9ricain Marco Rubio a rencontr\u00e9 cette semaine le Premier secr\u00e9taire du cabinet et ministre des Affaires \u00e9trang\u00e8res du Kenya, Musalia Mudavadi, afin de discuter du partenariat entre les \u00c9tats-Unis et le Kenya. M. Rubio a exprim\u00e9 sa gratitude envers le gouvernement k\u00e9nyan pour son r\u00f4le de leadership\u2026","rel":"","context":"In &quot;INTERNATIONAL&quot;","block_context":{"text":"INTERNATIONAL","link":"https:\/\/radioecoutefm.com\/index.php\/category\/international\/"},"img":{"alt_text":"","src":"https:\/\/i0.wp.com\/radioecoutefm.com\/wp-content\/uploads\/2025\/05\/IMG_1952.jpeg?fit=1200%2C952&ssl=1&resize=350%2C200","width":350,"height":200,"srcset":"https:\/\/i0.wp.com\/radioecoutefm.com\/wp-content\/uploads\/2025\/05\/IMG_1952.jpeg?fit=1200%2C952&ssl=1&resize=350%2C200 1x, https:\/\/i0.wp.com\/radioecoutefm.com\/wp-content\/uploads\/2025\/05\/IMG_1952.jpeg?fit=1200%2C952&ssl=1&resize=525%2C300 1.5x, https:\/\/i0.wp.com\/radioecoutefm.com\/wp-content\/uploads\/2025\/05\/IMG_1952.jpeg?fit=1200%2C952&ssl=1&resize=700%2C400 2x, https:\/\/i0.wp.com\/radioecoutefm.com\/wp-content\/uploads\/2025\/05\/IMG_1952.jpeg?fit=1200%2C952&ssl=1&resize=1050%2C600 3x"},"classes":[]},{"id":5123,"url":"https:\/\/radioecoutefm.com\/index.php\/2025\/06\/14\/haiti-au-coeur-du-sommet-bresil-caraibes-290-millions-de-dollars-promis-mais-peu-de-solutions-concretes\/","url_meta":{"origin":2097,"position":4},"title":"Sommet Br\u00e9sil-Cara\u00efbes : Une aide de 290 millions de dollars a Haiti, mais l\u2019ins\u00e9curit\u00e9 reste hors de port\u00e9e","author":"Ecoute FM","date":"14.06.2025","format":false,"excerpt":"R\u00e9uni ce vendredi \u00e0 Brasilia, le Sommet Br\u00e9sil-Cara\u00efbes a permis de replacer Ha\u00efti au centre des pr\u00e9occupations r\u00e9gionales. Dans un pays de crise multidimensionnelle marqu\u00e9e par la violence des gangs, l\u2019effondrement institutionnel et une situation humanitaire alarmante, les dirigeants carib\u00e9ens et sud-am\u00e9ricains ont renouvel\u00e9 leurs appels \u00e0 la solidarit\u00e9 internationale,\u2026","rel":"","context":"In &quot;POLITIQUE&quot;","block_context":{"text":"POLITIQUE","link":"https:\/\/radioecoutefm.com\/index.php\/category\/politique\/"},"img":{"alt_text":"","src":"https:\/\/i0.wp.com\/radioecoutefm.com\/wp-content\/uploads\/2025\/06\/santiago-2025-06-13t214221535-5ee24717-focus-0-0-896-504.jpg?fit=896%2C504&ssl=1&resize=350%2C200","width":350,"height":200,"srcset":"https:\/\/i0.wp.com\/radioecoutefm.com\/wp-content\/uploads\/2025\/06\/santiago-2025-06-13t214221535-5ee24717-focus-0-0-896-504.jpg?fit=896%2C504&ssl=1&resize=350%2C200 1x, https:\/\/i0.wp.com\/radioecoutefm.com\/wp-content\/uploads\/2025\/06\/santiago-2025-06-13t214221535-5ee24717-focus-0-0-896-504.jpg?fit=896%2C504&ssl=1&resize=525%2C300 1.5x, https:\/\/i0.wp.com\/radioecoutefm.com\/wp-content\/uploads\/2025\/06\/santiago-2025-06-13t214221535-5ee24717-focus-0-0-896-504.jpg?fit=896%2C504&ssl=1&resize=700%2C400 2x"},"classes":[]},{"id":4396,"url":"https:\/\/radioecoutefm.com\/index.php\/2025\/05\/20\/rubio-appelle-loea-a-intervenir-en-haiti-face-a-la-montee-des-gangs-armes\/","url_meta":{"origin":2097,"position":5},"title":"Rubio appelle l\u2019OEA \u00e0 intervenir en Ha\u00efti face \u00e0 la mont\u00e9e des gangs arm\u00e9s","author":"Ecoute FM","date":"20.05.2025","format":false,"excerpt":"Le secr\u00e9taire d\u2019\u00c9tat am\u00e9ricain Marco Rubio a d\u00e9clar\u00e9 mardi que l\u2019Organisation des \u00c9tats am\u00e9ricains (OEA) devrait jouer un r\u00f4le plus actif dans la r\u00e9solution de la crise s\u00e9curitaire en Ha\u00efti. Face \u00e0 la mont\u00e9e en puissance des gangs arm\u00e9s qui contr\u00f4lent une grande partie du territoire, Rubio a estim\u00e9 que\u2026","rel":"","context":"In &quot;SECURITE&quot;","block_context":{"text":"SECURITE","link":"https:\/\/radioecoutefm.com\/index.php\/category\/insecurite\/"},"img":{"alt_text":"","src":"https:\/\/i0.wp.com\/radioecoutefm.com\/wp-content\/uploads\/2025\/05\/IMG_2072.jpeg?fit=686%2C386&ssl=1&resize=350%2C200","width":350,"height":200,"srcset":"https:\/\/i0.wp.com\/radioecoutefm.com\/wp-content\/uploads\/2025\/05\/IMG_2072.jpeg?fit=686%2C386&ssl=1&resize=350%2C200 1x, https:\/\/i0.wp.com\/radioecoutefm.com\/wp-content\/uploads\/2025\/05\/IMG_2072.jpeg?fit=686%2C386&ssl=1&resize=525%2C300 1.5x"},"classes":[]}],"authors":[{"term_id":15,"user_id":1,"is_guest":0,"slug":"borgellaattis","display_name":"Ecoute FM","avatar_url":"https:\/\/secure.gravatar.com\/avatar\/a5369629745bf29c5deb65198d5e38aed1dc2c880c04b3b630ab3f6e8c623b70?s=96&d=mm&r=g","0":null,"1":"","2":"","3":"","4":"","5":"","6":"","7":"","8":""}],"_links":{"self":[{"href":"https:\/\/radioecoutefm.com\/index.php\/wp-json\/wp\/v2\/posts\/2097","targetHints":{"allow":["GET"]}}],"collection":[{"href":"https:\/\/radioecoutefm.com\/index.php\/wp-json\/wp\/v2\/posts"}],"about":[{"href":"https:\/\/radioecoutefm.com\/index.php\/wp-json\/wp\/v2\/types\/post"}],"author":[{"embeddable":true,"href":"https:\/\/radioecoutefm.com\/index.php\/wp-json\/wp\/v2\/users\/1"}],"replies":[{"embeddable":true,"href":"https:\/\/radioecoutefm.com\/index.php\/wp-json\/wp\/v2\/comments?post=2097"}],"version-history":[{"count":4,"href":"https:\/\/radioecoutefm.com\/index.php\/wp-json\/wp\/v2\/posts\/2097\/revisions"}],"predecessor-version":[{"id":2105,"href":"https:\/\/radioecoutefm.com\/index.php\/wp-json\/wp\/v2\/posts\/2097\/revisions\/2105"}],"wp:featuredmedia":[{"embeddable":true,"href":"https:\/\/radioecoutefm.com\/index.php\/wp-json\/wp\/v2\/media\/2098"}],"wp:attachment":[{"href":"https:\/\/radioecoutefm.com\/index.php\/wp-json\/wp\/v2\/media?parent=2097"}],"wp:term":[{"taxonomy":"category","embeddable":true,"href":"https:\/\/radioecoutefm.com\/index.php\/wp-json\/wp\/v2\/categories?post=2097"},{"taxonomy":"post_tag","embeddable":true,"href":"https:\/\/radioecoutefm.com\/index.php\/wp-json\/wp\/v2\/tags?post=2097"},{"taxonomy":"author","embeddable":true,"href":"https:\/\/radioecoutefm.com\/index.php\/wp-json\/wp\/v2\/ppma_author?post=2097"}],"curies":[{"name":"wp","href":"https:\/\/api.w.org\/{rel}","templated":true}]}}