{"id":2079,"date":"2025-03-26T23:02:45","date_gmt":"2025-03-26T23:02:45","guid":{"rendered":"https:\/\/radioecoutefm.com\/?p=2079"},"modified":"2025-03-26T23:08:32","modified_gmt":"2025-03-26T23:08:32","slug":"attaque-meurtriere-au-kenya-six-policiers-tues-pres-de-la-frontiere-somalienne","status":"publish","type":"post","link":"https:\/\/radioecoutefm.com\/index.php\/2025\/03\/26\/attaque-meurtriere-au-kenya-six-policiers-tues-pres-de-la-frontiere-somalienne\/","title":{"rendered":"Attaque meurtri\u00e8re au Kenya : Six policiers tu\u00e9s pr\u00e8s de la fronti\u00e8re somalienne"},"content":{"rendered":"<p>Le nord-est du Kenya a \u00e9t\u00e9 secou\u00e9 par une attaque violente dimanche matin, lorsqu\u2019un groupe d&#8217;assaillants a tendu une embuscade \u00e0 une base polici\u00e8re situ\u00e9e pr\u00e8s de la fronti\u00e8re avec la Somalie. Selon les autorit\u00e9s locales, six policiers ont perdu la vie dans l&#8217;attaque, tandis que quatre autres ont \u00e9t\u00e9 bless\u00e9s et transport\u00e9s \u00e0 l&#8217;h\u00f4pital.<\/p>\n<p>L\u2019attaque, qui a eu lieu aux alentours de 05h30, heure locale, co\u00efncide avec un moment de grande vuln\u00e9rabilit\u00e9 pour les policiers, qui se pr\u00e9paraient \u00e0 effectuer leur pri\u00e8re du matin. Mohamed Mwabudzo, le commissaire du comt\u00e9 de Garissa, a pr\u00e9cis\u00e9 que le style de l&#8217;attaque ressemblait fortement \u00e0 celui des pr\u00e9c\u00e9dents raids men\u00e9s par al-Shabab, le groupe islamiste militant bas\u00e9 en Somalie, qui revendique r\u00e9guli\u00e8rement des attaques transfrontali\u00e8res contre le Kenya.<\/p>\n<p>Bien que personne n&#8217;ait revendiqu\u00e9 l&#8217;attaque, les autorit\u00e9s locales ont rapidement soulign\u00e9 la similitude avec les op\u00e9rations d\u2019al-Shabab. Le groupe, affili\u00e9 \u00e0 al-Qa\u00efda, est connu pour ses actions violentes visant \u00e0 d\u00e9stabiliser la r\u00e9gion, et ses attaques dans le nord-est du Kenya ont consid\u00e9rablement augment\u00e9 ces derni\u00e8res ann\u00e9es.<\/p>\n<p>&#8220;Le style de l&#8217;attaque, tr\u00e8s similaire \u00e0 une gu\u00e9rilla, a permis aux assaillants de submerger le camp \u00e0 l\u2019aide de diverses armes&#8221;, a expliqu\u00e9 Mwabudzo. Le camp attaqu\u00e9 h\u00e9bergeait des r\u00e9servistes, des volontaires locaux qui assistent la police r\u00e9guli\u00e8re dans la s\u00e9curisation des zones recul\u00e9es.<\/p>\n<p>Depuis de nombreuses ann\u00e9es, al-Shabab m\u00e8ne une insurrection sanglante contre le gouvernement somalien, contr\u00f4lant de vastes zones du sud et du centre de la Somalie. Le groupe utilise des tactiques de guerre irr\u00e9guli\u00e8re pour semer la terreur et perturber les efforts de stabilit\u00e9 dans la r\u00e9gion.<\/p>\n<p>La situation s\u00e9curitaire dans le nord-est du Kenya reste pr\u00e9caire, avec de fr\u00e9quentes incursions d&#8217;al-Shabab qui ciblent aussi bien les forces militaires kenyannes que les civils. Cette nouvelle attaque rappelle la persistance des menaces qui p\u00e8sent sur la r\u00e9gion, malgr\u00e9 les efforts des autorit\u00e9s pour renforcer la s\u00e9curit\u00e9.<\/p>\n","protected":false},"excerpt":{"rendered":"<p>Le nord-est du Kenya a \u00e9t\u00e9 secou\u00e9 par une attaque violente dimanche matin, lorsqu\u2019un groupe d&#8217;assaillants a tendu une embuscade \u00e0 une base polici\u00e8re situ\u00e9e pr\u00e8s de la fronti\u00e8re avec la Somalie. Selon les autorit\u00e9s locales, six policiers ont perdu la vie dans l&#8217;attaque, tandis que quatre autres ont \u00e9t\u00e9 bless\u00e9s et transport\u00e9s \u00e0 l&#8217;h\u00f4pital. [&hellip;]<\/p>\n","protected":false},"author":1,"featured_media":2080,"comment_status":"open","ping_status":"open","sticky":false,"template":"","format":"standard","meta":{"_uag_custom_page_level_css":"","jetpack_post_was_ever_published":false,"_jetpack_newsletter_access":"","_jetpack_dont_email_post_to_subs":false,"_jetpack_newsletter_tier_id":0,"_jetpack_memberships_contains_paywalled_content":false,"_jetpack_memberships_contains_paid_content":false,"footnotes":"","jetpack_publicize_message":"","jetpack_publicize_feature_enabled":true,"jetpack_social_post_already_shared":true,"jetpack_social_options":{"image_generator_settings":{"template":"highway","default_image_id":0,"font":"","enabled":false},"version":2}},"categories":[46],"tags":[],"ppma_author":[15],"class_list":["post-2079","post","type-post","status-publish","format-standard","has-post-thumbnail","hentry","category-international"],"aioseo_notices":[],"jetpack_publicize_connections":[],"jetpack_featured_media_url":"https:\/\/i0.wp.com\/radioecoutefm.com\/wp-content\/uploads\/2025\/03\/kenya.jpeg?fit=599%2C399&ssl=1","uagb_featured_image_src":{"full":["https:\/\/i0.wp.com\/radioecoutefm.com\/wp-content\/uploads\/2025\/03\/kenya.jpeg?fit=599%2C399&ssl=1",599,399,false],"thumbnail":["https:\/\/i0.wp.com\/radioecoutefm.com\/wp-content\/uploads\/2025\/03\/kenya.jpeg?resize=150%2C150&ssl=1",150,150,true],"medium":["https:\/\/i0.wp.com\/radioecoutefm.com\/wp-content\/uploads\/2025\/03\/kenya.jpeg?fit=300%2C200&ssl=1",300,200,true],"medium_large":["https:\/\/i0.wp.com\/radioecoutefm.com\/wp-content\/uploads\/2025\/03\/kenya.jpeg?fit=599%2C399&ssl=1",599,399,true],"large":["https:\/\/i0.wp.com\/radioecoutefm.com\/wp-content\/uploads\/2025\/03\/kenya.jpeg?fit=599%2C399&ssl=1",599,399,true],"1536x1536":["https:\/\/i0.wp.com\/radioecoutefm.com\/wp-content\/uploads\/2025\/03\/kenya.jpeg?fit=599%2C399&ssl=1",599,399,true],"2048x2048":["https:\/\/i0.wp.com\/radioecoutefm.com\/wp-content\/uploads\/2025\/03\/kenya.jpeg?fit=599%2C399&ssl=1",599,399,true],"newsair-slider-full":["https:\/\/i0.wp.com\/radioecoutefm.com\/wp-content\/uploads\/2025\/03\/kenya.jpeg?resize=599%2C399&ssl=1",599,399,true],"newsair-featured":["https:\/\/i0.wp.com\/radioecoutefm.com\/wp-content\/uploads\/2025\/03\/kenya.jpeg?fit=599%2C399&ssl=1",599,399,true],"newsair-medium":["https:\/\/i0.wp.com\/radioecoutefm.com\/wp-content\/uploads\/2025\/03\/kenya.jpeg?resize=599%2C380&ssl=1",599,380,true]},"uagb_author_info":{"display_name":"Ecoute FM","author_link":"https:\/\/radioecoutefm.com\/index.php\/author\/borgellaattis\/"},"uagb_comment_info":0,"uagb_excerpt":"Le nord-est du Kenya a \u00e9t\u00e9 secou\u00e9 par une attaque violente dimanche matin, lorsqu\u2019un groupe d&#8217;assaillants a tendu une embuscade \u00e0 une base polici\u00e8re situ\u00e9e pr\u00e8s de la fronti\u00e8re avec la Somalie. Selon les autorit\u00e9s locales, six policiers ont perdu la vie dans l&#8217;attaque, tandis que quatre autres ont \u00e9t\u00e9 bless\u00e9s et transport\u00e9s \u00e0 l&#8217;h\u00f4pital.&hellip;","jetpack_sharing_enabled":true,"jetpack_shortlink":"https:\/\/wp.me\/pgoyna-xx","jetpack-related-posts":[{"id":4128,"url":"https:\/\/radioecoutefm.com\/index.php\/2025\/05\/10\/onze-soldats-equatoriens-tues-par-une-dissidence-des-ex-farc-lors-dune-operation-en-amazonie\/","url_meta":{"origin":2079,"position":0},"title":"Onze soldats \u00e9quatoriens tu\u00e9s par une dissidence des ex-FARC lors d\u2019une op\u00e9ration en Amazonie","author":"Ecoute FM","date":"10.05.2025","format":false,"excerpt":"Onze militaires \u00e9quatoriens ont \u00e9t\u00e9 tu\u00e9s vendredi dans la r\u00e9gion amazonienne d\u2019Alto Punino, pr\u00e8s de la fronti\u00e8re avec le P\u00e9rou, lors d\u2019une op\u00e9ration contre une mine ill\u00e9gale. Selon le parquet \u00e9quatorien, l\u2019attaque a \u00e9t\u00e9 perp\u00e9tr\u00e9e par les \u00ab\u00a0Commandos de la Fronti\u00e8re\u00a0\u00bb, une faction dissidente de la gu\u00e9rilla colombienne des ex-FARC,\u2026","rel":"","context":"In &quot;INTERNATIONAL&quot;","block_context":{"text":"INTERNATIONAL","link":"https:\/\/radioecoutefm.com\/index.php\/category\/international\/"},"img":{"alt_text":"","src":"https:\/\/i0.wp.com\/radioecoutefm.com\/wp-content\/uploads\/2025\/05\/IMG_1994.jpeg?fit=1024%2C580&ssl=1&resize=350%2C200","width":350,"height":200,"srcset":"https:\/\/i0.wp.com\/radioecoutefm.com\/wp-content\/uploads\/2025\/05\/IMG_1994.jpeg?fit=1024%2C580&ssl=1&resize=350%2C200 1x, https:\/\/i0.wp.com\/radioecoutefm.com\/wp-content\/uploads\/2025\/05\/IMG_1994.jpeg?fit=1024%2C580&ssl=1&resize=525%2C300 1.5x, https:\/\/i0.wp.com\/radioecoutefm.com\/wp-content\/uploads\/2025\/05\/IMG_1994.jpeg?fit=1024%2C580&ssl=1&resize=700%2C400 2x"},"classes":[]},{"id":2493,"url":"https:\/\/radioecoutefm.com\/index.php\/2025\/04\/08\/haiti-un-policier-de-lutag-tue-dans-un-affrontement-a-mirebalais\/","url_meta":{"origin":2079,"position":1},"title":"Haiti : Un policier de l\u2019UTAG tu\u00e9 dans un affrontement \u00e0 Mirebalais","author":"Ecoute FM","date":"08.04.2025","format":false,"excerpt":"La violence a frapp\u00e9 \u00e0 nouveau \u00e0 Mirebalais , o\u00f9 un policier de l'Unit\u00e9 Temporaire Anti-Gang (UTAG), Luma Gary, a perdu la vie lors d\u2019un affrontement avec des groupes arm\u00e9s. Les policiers, qui avaient r\u00e9ussi \u00e0 repousser une premi\u00e8re attaque au carrefour Peligre, ont \u00e9t\u00e9 confront\u00e9s \u00e0 un retour plus\u2026","rel":"","context":"In &quot;INSECURITE&quot;","block_context":{"text":"INSECURITE","link":"https:\/\/radioecoutefm.com\/index.php\/category\/securite\/"},"img":{"alt_text":"","src":"https:\/\/i0.wp.com\/radioecoutefm.com\/wp-content\/uploads\/2025\/04\/IMG_1615.jpeg?fit=720%2C339&ssl=1&resize=350%2C200","width":350,"height":200,"srcset":"https:\/\/i0.wp.com\/radioecoutefm.com\/wp-content\/uploads\/2025\/04\/IMG_1615.jpeg?fit=720%2C339&ssl=1&resize=350%2C200 1x, https:\/\/i0.wp.com\/radioecoutefm.com\/wp-content\/uploads\/2025\/04\/IMG_1615.jpeg?fit=720%2C339&ssl=1&resize=525%2C300 1.5x, https:\/\/i0.wp.com\/radioecoutefm.com\/wp-content\/uploads\/2025\/04\/IMG_1615.jpeg?fit=720%2C339&ssl=1&resize=700%2C400 2x"},"classes":[]},{"id":287,"url":"https:\/\/radioecoutefm.com\/index.php\/2025\/01\/01\/un-vehicule-fonce-sur-la-foule-en-nouvelle-orleans-au-moins-10-morts-et-30-blesses\/","url_meta":{"origin":2079,"position":2},"title":"Un v\u00e9hicule fonce sur la foule en Nouvelle-Orl\u00e9ans: au moins 10 morts et 30 bless\u00e9s","author":"Ecoute FM","date":"01.01.2025","format":false,"excerpt":"Au moins dix personnes ont \u00e9t\u00e9 tu\u00e9es dans une attaque au v\u00e9hicule-b\u00e9lier dans un quartier touristique de La Nouvelle-Orl\u00e9ans, visant des personnes c\u00e9l\u00e9brant le Nouvel An, au cours de laquelle deux policiers ont aussi \u00e9t\u00e9 bless\u00e9s par balles. Le conducteur d'un pick-up a fonc\u00e9 dans la foule, en essayant \u00abd'\u00e9craser\u2026","rel":"","context":"In &quot;Ecoute FM&quot;","block_context":{"text":"Ecoute FM","link":"https:\/\/radioecoutefm.com\/index.php\/category\/ecoute-fm\/"},"img":{"alt_text":"","src":"","width":0,"height":0},"classes":[]},{"id":5591,"url":"https:\/\/radioecoutefm.com\/index.php\/2025\/07\/10\/un-policier-du-swat-tue-dans-une-attaque-armee-a-kenscoff-la-commune-en-etat-dalerte\/","url_meta":{"origin":2079,"position":3},"title":"Un policier du SWAT tu\u00e9 dans une attaque arm\u00e9e \u00e0 Kenscoff, la commune en \u00e9tat d\u2019alerte","author":"Ecoute FM","date":"10.07.2025","format":false,"excerpt":"Olrich Joseph, agent de l\u2019unit\u00e9 d\u2019\u00e9lite SWAT de la PNH a \u00e9t\u00e9 tu\u00e9, ce dimanche 6 juillet, au cours d\u2019une attaque arm\u00e9e men\u00e9e \u00e0 l\u2019aube dans la localit\u00e9 de Viard, \u00e0 Kenscoff. \u00c2g\u00e9 de 32 ans, le policier a \u00e9t\u00e9 atteint d'une bal. Transport\u00e9 d\u2019urgence dans un centre hospitalier \u00e0\u2026","rel":"","context":"In &quot;INSECURITE&quot;","block_context":{"text":"INSECURITE","link":"https:\/\/radioecoutefm.com\/index.php\/category\/securite\/"},"img":{"alt_text":"","src":"https:\/\/i0.wp.com\/radioecoutefm.com\/wp-content\/uploads\/2025\/07\/3473C279-97EC-4274-9A1A-967FE54E03E6.jpeg?fit=609%2C440&ssl=1&resize=350%2C200","width":350,"height":200,"srcset":"https:\/\/i0.wp.com\/radioecoutefm.com\/wp-content\/uploads\/2025\/07\/3473C279-97EC-4274-9A1A-967FE54E03E6.jpeg?fit=609%2C440&ssl=1&resize=350%2C200 1x, https:\/\/i0.wp.com\/radioecoutefm.com\/wp-content\/uploads\/2025\/07\/3473C279-97EC-4274-9A1A-967FE54E03E6.jpeg?fit=609%2C440&ssl=1&resize=525%2C300 1.5x"},"classes":[]},{"id":5870,"url":"https:\/\/radioecoutefm.com\/index.php\/2025\/09\/17\/liancourt-le-commissariat-incendie-et-demoli-par-le-gang-gran-grif\/","url_meta":{"origin":2079,"position":4},"title":"Liancourt : le commissariat incendi\u00e9 et d\u00e9moli par le gang \u00ab Gran-Grif \u00bb","author":"Ecoute FM","date":"17.09.2025","format":false,"excerpt":"Le climat d\u2019ins\u00e9curit\u00e9 dans l\u2019Artibonite a franchi une nouvelle \u00e9tape dramatique avec la destruction du commissariat de Liancourt. Dans la nuit du dimanche 14 septembre, apr\u00e8s de violents affrontements arm\u00e9s, le b\u00e2timent a \u00e9t\u00e9 incendi\u00e9 puis d\u00e9moli par des membres du gang \u00ab Gran-Grif \u00bb, d\u00e9termin\u00e9s \u00e0 imposer leur contr\u00f4le\u2026","rel":"","context":"In &quot;INSECURITE&quot;","block_context":{"text":"INSECURITE","link":"https:\/\/radioecoutefm.com\/index.php\/category\/securite\/"},"img":{"alt_text":"","src":"https:\/\/i0.wp.com\/radioecoutefm.com\/wp-content\/uploads\/2025\/09\/commi.jpeg?fit=720%2C405&ssl=1&resize=350%2C200","width":350,"height":200,"srcset":"https:\/\/i0.wp.com\/radioecoutefm.com\/wp-content\/uploads\/2025\/09\/commi.jpeg?fit=720%2C405&ssl=1&resize=350%2C200 1x, https:\/\/i0.wp.com\/radioecoutefm.com\/wp-content\/uploads\/2025\/09\/commi.jpeg?fit=720%2C405&ssl=1&resize=525%2C300 1.5x, https:\/\/i0.wp.com\/radioecoutefm.com\/wp-content\/uploads\/2025\/09\/commi.jpeg?fit=720%2C405&ssl=1&resize=700%2C400 2x"},"classes":[]},{"id":5420,"url":"https:\/\/radioecoutefm.com\/index.php\/2025\/06\/26\/seize-morts-lors-des-manifestations-au-kenya-la-majorite-tuee-par-la-police-selon-amnesty\/","url_meta":{"origin":2079,"position":5},"title":"Seize morts lors des manifestations au Kenya, la majorit\u00e9 tu\u00e9e par la police, selon Amnesty","author":"Ecoute FM","date":"26.06.2025","format":false,"excerpt":"Seize personnes ont \u00e9t\u00e9 tu\u00e9es lors des manifestations antigouvernementales qui ont secou\u00e9 le Kenya mercredi, la plupart abattues par les forces de l\u2019ordre, a d\u00e9clar\u00e9 le directeur ex\u00e9cutif d\u2019Amnesty Kenya, Irungu Houghton. Ces protestations co\u00efncidaient avec le premier anniversaire des \u00e9meutes contre un projet de loi fiscal, qui avaient co\u00fbt\u00e9\u2026","rel":"","context":"In &quot;INTERNATIONAL&quot;","block_context":{"text":"INTERNATIONAL","link":"https:\/\/radioecoutefm.com\/index.php\/category\/international\/"},"img":{"alt_text":"","src":"https:\/\/i0.wp.com\/radioecoutefm.com\/wp-content\/uploads\/2025\/06\/Kenya.jpg?fit=1200%2C675&ssl=1&resize=350%2C200","width":350,"height":200,"srcset":"https:\/\/i0.wp.com\/radioecoutefm.com\/wp-content\/uploads\/2025\/06\/Kenya.jpg?fit=1200%2C675&ssl=1&resize=350%2C200 1x, https:\/\/i0.wp.com\/radioecoutefm.com\/wp-content\/uploads\/2025\/06\/Kenya.jpg?fit=1200%2C675&ssl=1&resize=525%2C300 1.5x, https:\/\/i0.wp.com\/radioecoutefm.com\/wp-content\/uploads\/2025\/06\/Kenya.jpg?fit=1200%2C675&ssl=1&resize=700%2C400 2x, https:\/\/i0.wp.com\/radioecoutefm.com\/wp-content\/uploads\/2025\/06\/Kenya.jpg?fit=1200%2C675&ssl=1&resize=1050%2C600 3x"},"classes":[]}],"authors":[{"term_id":15,"user_id":1,"is_guest":0,"slug":"borgellaattis","display_name":"Ecoute FM","avatar_url":"https:\/\/secure.gravatar.com\/avatar\/a5369629745bf29c5deb65198d5e38aed1dc2c880c04b3b630ab3f6e8c623b70?s=96&d=mm&r=g","0":null,"1":"","2":"","3":"","4":"","5":"","6":"","7":"","8":""}],"_links":{"self":[{"href":"https:\/\/radioecoutefm.com\/index.php\/wp-json\/wp\/v2\/posts\/2079","targetHints":{"allow":["GET"]}}],"collection":[{"href":"https:\/\/radioecoutefm.com\/index.php\/wp-json\/wp\/v2\/posts"}],"about":[{"href":"https:\/\/radioecoutefm.com\/index.php\/wp-json\/wp\/v2\/types\/post"}],"author":[{"embeddable":true,"href":"https:\/\/radioecoutefm.com\/index.php\/wp-json\/wp\/v2\/users\/1"}],"replies":[{"embeddable":true,"href":"https:\/\/radioecoutefm.com\/index.php\/wp-json\/wp\/v2\/comments?post=2079"}],"version-history":[{"count":1,"href":"https:\/\/radioecoutefm.com\/index.php\/wp-json\/wp\/v2\/posts\/2079\/revisions"}],"predecessor-version":[{"id":2084,"href":"https:\/\/radioecoutefm.com\/index.php\/wp-json\/wp\/v2\/posts\/2079\/revisions\/2084"}],"wp:featuredmedia":[{"embeddable":true,"href":"https:\/\/radioecoutefm.com\/index.php\/wp-json\/wp\/v2\/media\/2080"}],"wp:attachment":[{"href":"https:\/\/radioecoutefm.com\/index.php\/wp-json\/wp\/v2\/media?parent=2079"}],"wp:term":[{"taxonomy":"category","embeddable":true,"href":"https:\/\/radioecoutefm.com\/index.php\/wp-json\/wp\/v2\/categories?post=2079"},{"taxonomy":"post_tag","embeddable":true,"href":"https:\/\/radioecoutefm.com\/index.php\/wp-json\/wp\/v2\/tags?post=2079"},{"taxonomy":"author","embeddable":true,"href":"https:\/\/radioecoutefm.com\/index.php\/wp-json\/wp\/v2\/ppma_author?post=2079"}],"curies":[{"name":"wp","href":"https:\/\/api.w.org\/{rel}","templated":true}]}}