{"id":2071,"date":"2025-03-26T22:47:25","date_gmt":"2025-03-26T22:47:25","guid":{"rendered":"https:\/\/radioecoutefm.com\/?p=2071"},"modified":"2025-03-26T22:54:12","modified_gmt":"2025-03-26T22:54:12","slug":"2071","status":"publish","type":"post","link":"https:\/\/radioecoutefm.com\/index.php\/2025\/03\/26\/2071\/","title":{"rendered":"Assassinat d\u2019un soldat kenyan en Ha\u00efti : Le Conseil Pr\u00e9sidentiel de Transition condamne et r\u00e9affirme sa d\u00e9termination"},"content":{"rendered":"<p>Le Conseil Pr\u00e9sidentiel de Transition (CPT) a exprim\u00e9 ce mardi ses plus profondes condol\u00e9ances au peuple et au gouvernement kenyans, suite \u00e0 la mort du soldat <strong>B\u00e9n\u00e9dict Kabiru,<\/strong> survenue le 24 mars \u00e0 Savien, dans l\u2019Artibonite.<\/p>\n<p>Le policier kenyan, d\u00e9ploy\u00e9 dans le cadre de la Mission Multinationale de Soutien \u00e0 la S\u00e9curit\u00e9 (MMSS), est tomb\u00e9 sous les balles alors qu\u2019il menait une op\u00e9ration contre des groupes arm\u00e9s aux c\u00f4t\u00e9s des forces ha\u00eftiennes. Son engagement et son sacrifice ultime pour la paix et la stabilit\u00e9 en Ha\u00efti sont salu\u00e9s par les autorit\u00e9s ha\u00eftiennes, qui promettent que sa m\u00e9moire ne sera jamais oubli\u00e9e.<\/p>\n<p><strong>Une riposte ferme contre les criminels<\/strong><\/p>\n<p>Dans son communiqu\u00e9, le CPT condamne fermement cet acte de violence et r\u00e9affirme sa volont\u00e9 de mettre fin \u00e0 l\u2019impunit\u00e9 qui alimente l\u2019ins\u00e9curit\u00e9 dans le pays. <em>\u00ab Les responsables de ces crimes odieux devront r\u00e9pondre de leurs actes devant la justice \u00bb,<\/em> a martel\u00e9 le Conseil, soulignant qu\u2019aucune tol\u00e9rance ne sera accord\u00e9e aux criminels arm\u00e9s et \u00e0 leurs complices.<\/p>\n<p>Alors que, Ha\u00efti traverse une crise s\u00e9curitaire sans pr\u00e9c\u00e9dent, marqu\u00e9e par la mont\u00e9e en puissance des gangs, le gouvernement de transition mise sur la coop\u00e9ration internationale pour restaurer l\u2019ordre. Le d\u00e9ploiement de la force multinationale dirig\u00e9e par le Kenya constitue un tournant d\u00e9cisif dans la lutte contre l\u2019ins\u00e9curit\u00e9, malgr\u00e9 les nombreux d\u00e9fis rencontr\u00e9s sur le terrain.<\/p>\n<p><strong>Un engagement renouvel\u00e9 pour la s\u00e9curit\u00e9 nationale<\/strong><\/p>\n<p>Face \u00e0 cette trag\u00e9die, le Conseil Pr\u00e9sidentiel de Transition r\u00e9affirme son engagement absolu \u00e0 restaurer la s\u00e9curit\u00e9 et la stabilit\u00e9 en Ha\u00efti. Il assure qu\u2019il poursuivra ses efforts avec ses partenaires nationaux et internationaux afin de garantir un avenir o\u00f9 l\u2019\u00c9tat de droit, la paix et la justice triomphent sur la violence.<\/p>\n<p>L\u2019assassinat du soldat kenyan vient rappeler l\u2019ampleur du d\u00e9fi \u00e0 relever pour ramener l\u2019ordre dans un pays rong\u00e9 par l\u2019instabilit\u00e9. Plus que jamais, la communaut\u00e9 internationale et les autorit\u00e9s ha\u00eftiennes sont appel\u00e9es \u00e0 renforcer leur collaboration pour faire face \u00e0 la menace des groupes arm\u00e9s et restaurer un climat de s\u00e9curit\u00e9 durable.<\/p>\n","protected":false},"excerpt":{"rendered":"<p>Le Conseil Pr\u00e9sidentiel de Transition (CPT) a exprim\u00e9 ce mardi ses plus profondes condol\u00e9ances au peuple et au gouvernement kenyans, suite \u00e0 la mort du soldat B\u00e9n\u00e9dict Kabiru, survenue le 24 mars \u00e0 Savien, dans l\u2019Artibonite. Le policier kenyan, d\u00e9ploy\u00e9 dans le cadre de la Mission Multinationale de Soutien \u00e0 la S\u00e9curit\u00e9 (MMSS), est tomb\u00e9 [&hellip;]<\/p>\n","protected":false},"author":1,"featured_media":2077,"comment_status":"open","ping_status":"open","sticky":false,"template":"","format":"standard","meta":{"_uag_custom_page_level_css":"","jetpack_post_was_ever_published":false,"_jetpack_newsletter_access":"","_jetpack_dont_email_post_to_subs":false,"_jetpack_newsletter_tier_id":0,"_jetpack_memberships_contains_paywalled_content":false,"_jetpack_memberships_contains_paid_content":false,"footnotes":"","jetpack_publicize_message":"","jetpack_publicize_feature_enabled":true,"jetpack_social_post_already_shared":true,"jetpack_social_options":{"image_generator_settings":{"template":"highway","default_image_id":0,"font":"","enabled":false},"version":2}},"categories":[57],"tags":[],"ppma_author":[15],"class_list":["post-2071","post","type-post","status-publish","format-standard","has-post-thumbnail","hentry","category-securite"],"aioseo_notices":[],"jetpack_publicize_connections":[],"jetpack_featured_media_url":"https:\/\/i0.wp.com\/radioecoutefm.com\/wp-content\/uploads\/2025\/03\/la-presidence.png?fit=609%2C196&ssl=1","uagb_featured_image_src":{"full":["https:\/\/i0.wp.com\/radioecoutefm.com\/wp-content\/uploads\/2025\/03\/la-presidence.png?fit=609%2C196&ssl=1",609,196,false],"thumbnail":["https:\/\/i0.wp.com\/radioecoutefm.com\/wp-content\/uploads\/2025\/03\/la-presidence.png?resize=150%2C150&ssl=1",150,150,true],"medium":["https:\/\/i0.wp.com\/radioecoutefm.com\/wp-content\/uploads\/2025\/03\/la-presidence.png?fit=300%2C97&ssl=1",300,97,true],"medium_large":["https:\/\/i0.wp.com\/radioecoutefm.com\/wp-content\/uploads\/2025\/03\/la-presidence.png?fit=609%2C196&ssl=1",609,196,true],"large":["https:\/\/i0.wp.com\/radioecoutefm.com\/wp-content\/uploads\/2025\/03\/la-presidence.png?fit=609%2C196&ssl=1",609,196,true],"1536x1536":["https:\/\/i0.wp.com\/radioecoutefm.com\/wp-content\/uploads\/2025\/03\/la-presidence.png?fit=609%2C196&ssl=1",609,196,true],"2048x2048":["https:\/\/i0.wp.com\/radioecoutefm.com\/wp-content\/uploads\/2025\/03\/la-presidence.png?fit=609%2C196&ssl=1",609,196,true],"newsair-slider-full":["https:\/\/i0.wp.com\/radioecoutefm.com\/wp-content\/uploads\/2025\/03\/la-presidence.png?resize=609%2C196&ssl=1",609,196,true],"newsair-featured":["https:\/\/i0.wp.com\/radioecoutefm.com\/wp-content\/uploads\/2025\/03\/la-presidence.png?fit=609%2C196&ssl=1",609,196,true],"newsair-medium":["https:\/\/i0.wp.com\/radioecoutefm.com\/wp-content\/uploads\/2025\/03\/la-presidence.png?resize=609%2C196&ssl=1",609,196,true]},"uagb_author_info":{"display_name":"Ecoute FM","author_link":"https:\/\/radioecoutefm.com\/index.php\/author\/borgellaattis\/"},"uagb_comment_info":0,"uagb_excerpt":"Le Conseil Pr\u00e9sidentiel de Transition (CPT) a exprim\u00e9 ce mardi ses plus profondes condol\u00e9ances au peuple et au gouvernement kenyans, suite \u00e0 la mort du soldat B\u00e9n\u00e9dict Kabiru, survenue le 24 mars \u00e0 Savien, dans l\u2019Artibonite. Le policier kenyan, d\u00e9ploy\u00e9 dans le cadre de la Mission Multinationale de Soutien \u00e0 la S\u00e9curit\u00e9 (MMSS), est tomb\u00e9&hellip;","jetpack_sharing_enabled":true,"jetpack_shortlink":"https:\/\/wp.me\/sgoyna-2071","jetpack-related-posts":[{"id":2304,"url":"https:\/\/radioecoutefm.com\/index.php\/2025\/04\/03\/haiti-le-president-du-conseil-presidentiel-de-transition-sadresse-a-la-nation-et-annonce-des-mesures-contre-linsecurite\/","url_meta":{"origin":2071,"position":0},"title":"Ha\u00efti : Le Pr\u00e9sident du Conseil Pr\u00e9sidentiel de Transition s\u2019adresse \u00e0 la nation et annonce des mesures contre l\u2019ins\u00e9curit\u00e9","author":"Snaida Frederic","date":"03.04.2025","format":false,"excerpt":"Un an apr\u00e8s la signature de l\u2019accord du 3 avril 2024, le Pr\u00e9sident du Conseil Pr\u00e9sidentiel de Transition (CPT), Fritz Alphonse Jean, a pris la parole ce jeudi pour s\u2019adresser \u00e0 la nation ha\u00eftienne. Accompagn\u00e9 de plusieurs membres du gouvernement, de hauts responsables de la s\u00e9curit\u00e9 et du chef de\u2026","rel":"","context":"In &quot;POLITIQUE&quot;","block_context":{"text":"POLITIQUE","link":"https:\/\/radioecoutefm.com\/index.php\/category\/politique\/"},"img":{"alt_text":"","src":"https:\/\/i0.wp.com\/radioecoutefm.com\/wp-content\/uploads\/2025\/04\/CPT.jpg?fit=1200%2C634&ssl=1&resize=350%2C200","width":350,"height":200,"srcset":"https:\/\/i0.wp.com\/radioecoutefm.com\/wp-content\/uploads\/2025\/04\/CPT.jpg?fit=1200%2C634&ssl=1&resize=350%2C200 1x, https:\/\/i0.wp.com\/radioecoutefm.com\/wp-content\/uploads\/2025\/04\/CPT.jpg?fit=1200%2C634&ssl=1&resize=525%2C300 1.5x, https:\/\/i0.wp.com\/radioecoutefm.com\/wp-content\/uploads\/2025\/04\/CPT.jpg?fit=1200%2C634&ssl=1&resize=700%2C400 2x, https:\/\/i0.wp.com\/radioecoutefm.com\/wp-content\/uploads\/2025\/04\/CPT.jpg?fit=1200%2C634&ssl=1&resize=1050%2C600 3x"},"classes":[]},{"id":3593,"url":"https:\/\/radioecoutefm.com\/index.php\/2025\/04\/29\/sanctions-internationales-le-conseil-presidentiel-de-transition-exige-des-actions-concretes-de-la-justice-haitienne\/","url_meta":{"origin":2071,"position":1},"title":"Sanctions internationales : le Conseil Pr\u00e9sidentiel de Transition exige des actions concr\u00e8tes de la justice ha\u00eftienne","author":"Ecoute FM","date":"29.04.2025","format":false,"excerpt":"Face \u00e0 la lenteur observ\u00e9e dans le traitement des dossiers relatifs aux personnes sanctionn\u00e9es par la communaut\u00e9 internationale, le Conseil Pr\u00e9sidentiel de Transition appelle les institutions judiciaires ha\u00eftiennes \u00e0 agir sans d\u00e9lai. Dans une lettre officielle adress\u00e9e au Premier ministre, le pr\u00e9sident du Conseil, Fritz Alphonse Jean, exige la mobilisation\u2026","rel":"","context":"In &quot;JUSTICE&quot;","block_context":{"text":"JUSTICE","link":"https:\/\/radioecoutefm.com\/index.php\/category\/interview\/"},"img":{"alt_text":"","src":"https:\/\/i0.wp.com\/radioecoutefm.com\/wp-content\/uploads\/2025\/04\/IMG_1855.webp?fit=837%2C471&ssl=1&resize=350%2C200","width":350,"height":200,"srcset":"https:\/\/i0.wp.com\/radioecoutefm.com\/wp-content\/uploads\/2025\/04\/IMG_1855.webp?fit=837%2C471&ssl=1&resize=350%2C200 1x, https:\/\/i0.wp.com\/radioecoutefm.com\/wp-content\/uploads\/2025\/04\/IMG_1855.webp?fit=837%2C471&ssl=1&resize=525%2C300 1.5x, https:\/\/i0.wp.com\/radioecoutefm.com\/wp-content\/uploads\/2025\/04\/IMG_1855.webp?fit=837%2C471&ssl=1&resize=700%2C400 2x"},"classes":[]},{"id":5759,"url":"https:\/\/radioecoutefm.com\/index.php\/2025\/09\/09\/haiti-accueille-le-nouvel-ambassadeur-du-mexique\/","url_meta":{"origin":2071,"position":2},"title":"Ha\u00efti accueille le nouvel ambassadeur du Mexique","author":"Ecoute FM","date":"09.09.2025","format":false,"excerpt":"Le Pr\u00e9sident du Conseil Pr\u00e9sidentiel de Transition (CPT), Laurent Saint-Cyr, a re\u00e7u ce lundi, \u00e0 la Villa d\u2019Accueil, les lettres de cr\u00e9ance de S.E.M. Jos\u00e9 de Jes\u00fas Cisneros Ch\u00e1vez, nouvel ambassadeur de la R\u00e9publique des \u00c9tats-Unis du Mexique en Ha\u00efti. La c\u00e9r\u00e9monie s\u2019est d\u00e9roul\u00e9e en pr\u00e9sence des autres Conseillers-Pr\u00e9sidents du\u2026","rel":"","context":"In &quot;DIPLOMATIE&quot;","block_context":{"text":"DIPLOMATIE","link":"https:\/\/radioecoutefm.com\/index.php\/category\/diplomatie\/"},"img":{"alt_text":"","src":"https:\/\/i0.wp.com\/radioecoutefm.com\/wp-content\/uploads\/2025\/09\/amba.png?fit=690%2C450&ssl=1&resize=350%2C200","width":350,"height":200,"srcset":"https:\/\/i0.wp.com\/radioecoutefm.com\/wp-content\/uploads\/2025\/09\/amba.png?fit=690%2C450&ssl=1&resize=350%2C200 1x, https:\/\/i0.wp.com\/radioecoutefm.com\/wp-content\/uploads\/2025\/09\/amba.png?fit=690%2C450&ssl=1&resize=525%2C300 1.5x"},"classes":[]},{"id":2783,"url":"https:\/\/radioecoutefm.com\/index.php\/2025\/04\/14\/haiti-les-gangs-menacent-de-renverser-le-conseil-de-transition-washington-reagit-et-soutient-la-caricom\/","url_meta":{"origin":2071,"position":3},"title":"Ha\u00efti : les gangs menacent de renverser le Conseil de transition, Washington r\u00e9agit et soutient la CARICOM","author":"Ecoute FM","date":"14.04.2025","format":false,"excerpt":"Alors que la pression des groupes arm\u00e9s se fait de plus en plus forte \u00e0 Port-au-Prince, les \u00c9tats-Unis montent au cr\u00e9neau. Par la voix de son ambassade en Ha\u00efti, Washington a exprim\u00e9 son soutien \u00e0 la d\u00e9claration de la CARICOM qui condamne fermement les menaces visant \u00e0 faire tomber le\u2026","rel":"","context":"In &quot;INSECURITE&quot;","block_context":{"text":"INSECURITE","link":"https:\/\/radioecoutefm.com\/index.php\/category\/securite\/"},"img":{"alt_text":"","src":"https:\/\/i0.wp.com\/radioecoutefm.com\/wp-content\/uploads\/2025\/04\/us-embassy.jpg?fit=750%2C450&ssl=1&resize=350%2C200","width":350,"height":200,"srcset":"https:\/\/i0.wp.com\/radioecoutefm.com\/wp-content\/uploads\/2025\/04\/us-embassy.jpg?fit=750%2C450&ssl=1&resize=350%2C200 1x, https:\/\/i0.wp.com\/radioecoutefm.com\/wp-content\/uploads\/2025\/04\/us-embassy.jpg?fit=750%2C450&ssl=1&resize=525%2C300 1.5x, https:\/\/i0.wp.com\/radioecoutefm.com\/wp-content\/uploads\/2025\/04\/us-embassy.jpg?fit=750%2C450&ssl=1&resize=700%2C400 2x"},"classes":[]},{"id":5529,"url":"https:\/\/radioecoutefm.com\/index.php\/2025\/07\/04\/lambassade-du-canada-celebre-sa-fete-nationale-en-presence-du-president-du-cpt\/","url_meta":{"origin":2071,"position":4},"title":"L\u2019Ambassade du Canada c\u00e9l\u00e8bre sa f\u00eate nationale en pr\u00e9sence du pr\u00e9sident du CPT","author":"Ecoute FM","date":"04.07.2025","format":false,"excerpt":"L\u2019Ambassade du Canada en Ha\u00efti a c\u00e9l\u00e9br\u00e9 lundi la f\u00eate nationale canadienne \u00e0 la r\u00e9sidence officielle de l\u2019ambassadeur Andr\u00e9 Fran\u00e7ois Giroux, \u00e0 P\u00e9guy Ville. Cette r\u00e9ception, \u00e0 la fois solennelle et conviviale, a permis de renforcer les liens d\u2019amiti\u00e9 entre les deux pays tout en soulignant les enjeux actuels auxquels\u2026","rel":"","context":"In &quot;INTERNATIONAL&quot;","block_context":{"text":"INTERNATIONAL","link":"https:\/\/radioecoutefm.com\/index.php\/category\/international\/"},"img":{"alt_text":"","src":"https:\/\/i0.wp.com\/radioecoutefm.com\/wp-content\/uploads\/2025\/07\/Fete-Canada.jpg?fit=1008%2C756&ssl=1&resize=350%2C200","width":350,"height":200,"srcset":"https:\/\/i0.wp.com\/radioecoutefm.com\/wp-content\/uploads\/2025\/07\/Fete-Canada.jpg?fit=1008%2C756&ssl=1&resize=350%2C200 1x, https:\/\/i0.wp.com\/radioecoutefm.com\/wp-content\/uploads\/2025\/07\/Fete-Canada.jpg?fit=1008%2C756&ssl=1&resize=525%2C300 1.5x, https:\/\/i0.wp.com\/radioecoutefm.com\/wp-content\/uploads\/2025\/07\/Fete-Canada.jpg?fit=1008%2C756&ssl=1&resize=700%2C400 2x"},"classes":[]},{"id":2633,"url":"https:\/\/radioecoutefm.com\/index.php\/2025\/04\/11\/processus-electoral-le-conseil-presidentiel-de-transition-sentretient-avec-le-cep\/","url_meta":{"origin":2071,"position":5},"title":"Processus \u00e9lectoral : le Conseil Pr\u00e9sidentiel de Transition s\u2019entretient avec le CEP","author":"Ecoute FM","date":"11.04.2025","format":false,"excerpt":"Ce jeudi 10 avril 2025, une d\u00e9l\u00e9gation du Conseil Pr\u00e9sidentiel de Transition (CPT), conduite par son pr\u00e9sident Fritz Alphonse Jean, a rencontr\u00e9 les membres du Conseil \u00c9lectoral Provisoire (CEP) \u00e0 la Villa d\u2019Accueil. Parmi les repr\u00e9sentants du CPT figuraient les conseillers Frinel Joseph, Edgard Leblanc Fils, Emmanuel Vertilaire et Louis\u2026","rel":"","context":"In &quot;POLITIQUE&quot;","block_context":{"text":"POLITIQUE","link":"https:\/\/radioecoutefm.com\/index.php\/category\/politique\/"},"img":{"alt_text":"","src":"https:\/\/i0.wp.com\/radioecoutefm.com\/wp-content\/uploads\/2025\/04\/IMG_1639.jpeg?fit=1200%2C800&ssl=1&resize=350%2C200","width":350,"height":200,"srcset":"https:\/\/i0.wp.com\/radioecoutefm.com\/wp-content\/uploads\/2025\/04\/IMG_1639.jpeg?fit=1200%2C800&ssl=1&resize=350%2C200 1x, https:\/\/i0.wp.com\/radioecoutefm.com\/wp-content\/uploads\/2025\/04\/IMG_1639.jpeg?fit=1200%2C800&ssl=1&resize=525%2C300 1.5x, https:\/\/i0.wp.com\/radioecoutefm.com\/wp-content\/uploads\/2025\/04\/IMG_1639.jpeg?fit=1200%2C800&ssl=1&resize=700%2C400 2x, https:\/\/i0.wp.com\/radioecoutefm.com\/wp-content\/uploads\/2025\/04\/IMG_1639.jpeg?fit=1200%2C800&ssl=1&resize=1050%2C600 3x"},"classes":[]}],"authors":[{"term_id":15,"user_id":1,"is_guest":0,"slug":"borgellaattis","display_name":"Ecoute FM","avatar_url":"https:\/\/secure.gravatar.com\/avatar\/a5369629745bf29c5deb65198d5e38aed1dc2c880c04b3b630ab3f6e8c623b70?s=96&d=mm&r=g","0":null,"1":"","2":"","3":"","4":"","5":"","6":"","7":"","8":""}],"_links":{"self":[{"href":"https:\/\/radioecoutefm.com\/index.php\/wp-json\/wp\/v2\/posts\/2071","targetHints":{"allow":["GET"]}}],"collection":[{"href":"https:\/\/radioecoutefm.com\/index.php\/wp-json\/wp\/v2\/posts"}],"about":[{"href":"https:\/\/radioecoutefm.com\/index.php\/wp-json\/wp\/v2\/types\/post"}],"author":[{"embeddable":true,"href":"https:\/\/radioecoutefm.com\/index.php\/wp-json\/wp\/v2\/users\/1"}],"replies":[{"embeddable":true,"href":"https:\/\/radioecoutefm.com\/index.php\/wp-json\/wp\/v2\/comments?post=2071"}],"version-history":[{"count":3,"href":"https:\/\/radioecoutefm.com\/index.php\/wp-json\/wp\/v2\/posts\/2071\/revisions"}],"predecessor-version":[{"id":2078,"href":"https:\/\/radioecoutefm.com\/index.php\/wp-json\/wp\/v2\/posts\/2071\/revisions\/2078"}],"wp:featuredmedia":[{"embeddable":true,"href":"https:\/\/radioecoutefm.com\/index.php\/wp-json\/wp\/v2\/media\/2077"}],"wp:attachment":[{"href":"https:\/\/radioecoutefm.com\/index.php\/wp-json\/wp\/v2\/media?parent=2071"}],"wp:term":[{"taxonomy":"category","embeddable":true,"href":"https:\/\/radioecoutefm.com\/index.php\/wp-json\/wp\/v2\/categories?post=2071"},{"taxonomy":"post_tag","embeddable":true,"href":"https:\/\/radioecoutefm.com\/index.php\/wp-json\/wp\/v2\/tags?post=2071"},{"taxonomy":"author","embeddable":true,"href":"https:\/\/radioecoutefm.com\/index.php\/wp-json\/wp\/v2\/ppma_author?post=2071"}],"curies":[{"name":"wp","href":"https:\/\/api.w.org\/{rel}","templated":true}]}}