{"id":2050,"date":"2025-03-26T20:41:58","date_gmt":"2025-03-26T20:41:58","guid":{"rendered":"https:\/\/radioecoutefm.com\/?p=2050"},"modified":"2025-03-26T20:41:58","modified_gmt":"2025-03-26T20:41:58","slug":"marco-rubio-en-jamaique-discussions-sur-la-securite-lenergie-linsecurite-et-les-tensions-avec-haiti","status":"publish","type":"post","link":"https:\/\/radioecoutefm.com\/index.php\/2025\/03\/26\/marco-rubio-en-jamaique-discussions-sur-la-securite-lenergie-linsecurite-et-les-tensions-avec-haiti\/","title":{"rendered":"Marco Rubio en Jama\u00efque : discussions sur la s\u00e9curit\u00e9, l&#8217;\u00e9nergie, l&#8217;ins\u00e9curit\u00e9 et les tensions avec Ha\u00efti"},"content":{"rendered":"<p>Le s\u00e9nateur am\u00e9ricain Marco Rubio a effectu\u00e9 une visite officielle en Jama\u00efque ce mercredi pour discuter de questions cruciales telles que l&#8217;\u00e9nergie et l&#8217;immigration, lors d&#8217;une conf\u00e9rence conjointe avec le Premier ministre jama\u00efcain, Andrew Holness. Cette rencontre a mis en lumi\u00e8re les efforts de la Jama\u00efque et des \u00c9tats-Unis pour renforcer leur partenariat face \u00e0 des enjeux r\u00e9gionaux de plus en plus pressants.<\/p>\n<p>Lors de son discours, Marco Rubio a annonc\u00e9 qu&#8217;il fournirait \u00e0 la Jama\u00efque des technologies logicielles avanc\u00e9es pour soutenir les efforts de lutte contre l&#8217;ins\u00e9curit\u00e9 dans le pays. \u00ab L&#8217;ins\u00e9curit\u00e9 est un d\u00e9fi majeur pour les nations de la r\u00e9gion des Cara\u00efbes, et nous sommes d\u00e9termin\u00e9s \u00e0 aider nos alli\u00e9s, comme la Jama\u00efque, \u00e0 surmonter cette menace \u00bb, a d\u00e9clar\u00e9 Rubio. Le s\u00e9nateur a soulign\u00e9 que ces outils technologiques viseraient \u00e0 am\u00e9liorer les capacit\u00e9s de surveillance et de coordination des forces de s\u00e9curit\u00e9 jama\u00efcaines.<\/p>\n<p><img data-recalc-dims=\"1\" fetchpriority=\"high\" decoding=\"async\" class=\"alignnone size-medium wp-image-2052\" src=\"https:\/\/i0.wp.com\/radioecoutefm.com\/wp-content\/uploads\/2025\/03\/Rubio-avion.jpg?resize=300%2C206&#038;ssl=1\" alt=\"\" width=\"300\" height=\"206\" srcset=\"https:\/\/i0.wp.com\/radioecoutefm.com\/wp-content\/uploads\/2025\/03\/Rubio-avion.jpg?resize=300%2C206&amp;ssl=1 300w, https:\/\/i0.wp.com\/radioecoutefm.com\/wp-content\/uploads\/2025\/03\/Rubio-avion.jpg?resize=1024%2C704&amp;ssl=1 1024w, https:\/\/i0.wp.com\/radioecoutefm.com\/wp-content\/uploads\/2025\/03\/Rubio-avion.jpg?resize=768%2C528&amp;ssl=1 768w, https:\/\/i0.wp.com\/radioecoutefm.com\/wp-content\/uploads\/2025\/03\/Rubio-avion.jpg?resize=220%2C150&amp;ssl=1 220w, https:\/\/i0.wp.com\/radioecoutefm.com\/wp-content\/uploads\/2025\/03\/Rubio-avion.jpg?w=1200&amp;ssl=1 1200w\" sizes=\"(max-width: 300px) 100vw, 300px\" \/><\/p>\n<p><strong> Ha\u00efti au centre des d\u00e9bats<\/strong><\/p>\n<p>Le Premier ministre Holness a \u00e9galement pris la parole, \u00e9voquant l\u2019importance de la coop\u00e9ration bilat\u00e9rale, mais a \u00e9t\u00e9 amen\u00e9 \u00e0 aborder une question plus d\u00e9licate : la situation en Ha\u00efti. Selon lui, bien que la Jama\u00efque demeure un ami fid\u00e8le d&#8217;Ha\u00efti, des tensions se sont accrues avec le voisin ha\u00eftien, en raison des difficult\u00e9s politiques et sociales croissantes qu&#8217;Ha\u00efti traverse. \u00ab Nous voulons aider Ha\u00efti, mais nous devons aussi veiller \u00e0 nos propres int\u00e9r\u00eats et maintenir des relations \u00e9quilibr\u00e9es avec tous les pays de la r\u00e9gion \u00bb, a d\u00e9clar\u00e9 Holness.<\/p>\n<p>La visite de Rubio met en lumi\u00e8re non seulement les pr\u00e9occupations communes des deux nations face \u00e0 l\u2019ins\u00e9curit\u00e9 et \u00e0 l\u2019\u00e9nergie, mais aussi les d\u00e9fis diplomatiques que la Jama\u00efque doit affronter en raison des turbulences politiques et \u00e9conomiques en Ha\u00efti. Ces sujets, ainsi que les relations complexes avec d&#8217;autres nations cara\u00efbes, continueront sans doute \u00e0 dominer les d\u00e9bats dans les mois \u00e0 venir.<\/p>\n<p>En r\u00e9sum\u00e9, cette rencontre entre Marco Rubio et Andrew Holness a illustr\u00e9 la volont\u00e9 de renforcer les liens entre la Jama\u00efque et les \u00c9tats-Unis, tout en soulignant les d\u00e9fis g\u00e9opolitiques et socio-\u00e9conomiques que doivent naviguer les nations de la r\u00e9gion des Cara\u00efbes.<\/p>\n","protected":false},"excerpt":{"rendered":"<p>Le s\u00e9nateur am\u00e9ricain Marco Rubio a effectu\u00e9 une visite officielle en Jama\u00efque ce mercredi pour discuter de questions cruciales telles que l&#8217;\u00e9nergie et l&#8217;immigration, lors d&#8217;une conf\u00e9rence conjointe avec le Premier ministre jama\u00efcain, Andrew Holness. Cette rencontre a mis en lumi\u00e8re les efforts de la Jama\u00efque et des \u00c9tats-Unis pour renforcer leur partenariat face \u00e0 [&hellip;]<\/p>\n","protected":false},"author":1,"featured_media":2051,"comment_status":"open","ping_status":"open","sticky":false,"template":"","format":"standard","meta":{"_uag_custom_page_level_css":"","jetpack_post_was_ever_published":false,"_jetpack_newsletter_access":"","_jetpack_dont_email_post_to_subs":false,"_jetpack_newsletter_tier_id":0,"_jetpack_memberships_contains_paywalled_content":false,"_jetpack_memberships_contains_paid_content":false,"footnotes":"","jetpack_publicize_message":"","jetpack_publicize_feature_enabled":true,"jetpack_social_post_already_shared":true,"jetpack_social_options":{"image_generator_settings":{"template":"highway","default_image_id":0,"font":"","enabled":false},"version":2}},"categories":[8],"tags":[],"ppma_author":[15],"class_list":["post-2050","post","type-post","status-publish","format-standard","has-post-thumbnail","hentry","category-politique"],"aioseo_notices":[],"jetpack_publicize_connections":[],"jetpack_featured_media_url":"https:\/\/i0.wp.com\/radioecoutefm.com\/wp-content\/uploads\/2025\/03\/Rubio-Hoess.jpg?fit=500%2C375&ssl=1","uagb_featured_image_src":{"full":["https:\/\/i0.wp.com\/radioecoutefm.com\/wp-content\/uploads\/2025\/03\/Rubio-Hoess.jpg?fit=500%2C375&ssl=1",500,375,false],"thumbnail":["https:\/\/i0.wp.com\/radioecoutefm.com\/wp-content\/uploads\/2025\/03\/Rubio-Hoess.jpg?resize=150%2C150&ssl=1",150,150,true],"medium":["https:\/\/i0.wp.com\/radioecoutefm.com\/wp-content\/uploads\/2025\/03\/Rubio-Hoess.jpg?fit=300%2C225&ssl=1",300,225,true],"medium_large":["https:\/\/i0.wp.com\/radioecoutefm.com\/wp-content\/uploads\/2025\/03\/Rubio-Hoess.jpg?fit=500%2C375&ssl=1",500,375,true],"large":["https:\/\/i0.wp.com\/radioecoutefm.com\/wp-content\/uploads\/2025\/03\/Rubio-Hoess.jpg?fit=500%2C375&ssl=1",500,375,true],"1536x1536":["https:\/\/i0.wp.com\/radioecoutefm.com\/wp-content\/uploads\/2025\/03\/Rubio-Hoess.jpg?fit=500%2C375&ssl=1",500,375,true],"2048x2048":["https:\/\/i0.wp.com\/radioecoutefm.com\/wp-content\/uploads\/2025\/03\/Rubio-Hoess.jpg?fit=500%2C375&ssl=1",500,375,true],"newsair-slider-full":["https:\/\/i0.wp.com\/radioecoutefm.com\/wp-content\/uploads\/2025\/03\/Rubio-Hoess.jpg?resize=500%2C375&ssl=1",500,375,true],"newsair-featured":["https:\/\/i0.wp.com\/radioecoutefm.com\/wp-content\/uploads\/2025\/03\/Rubio-Hoess.jpg?fit=500%2C375&ssl=1",500,375,true],"newsair-medium":["https:\/\/i0.wp.com\/radioecoutefm.com\/wp-content\/uploads\/2025\/03\/Rubio-Hoess.jpg?resize=500%2C375&ssl=1",500,375,true]},"uagb_author_info":{"display_name":"Ecoute FM","author_link":"https:\/\/radioecoutefm.com\/index.php\/author\/borgellaattis\/"},"uagb_comment_info":1,"uagb_excerpt":"Le s\u00e9nateur am\u00e9ricain Marco Rubio a effectu\u00e9 une visite officielle en Jama\u00efque ce mercredi pour discuter de questions cruciales telles que l&#8217;\u00e9nergie et l&#8217;immigration, lors d&#8217;une conf\u00e9rence conjointe avec le Premier ministre jama\u00efcain, Andrew Holness. Cette rencontre a mis en lumi\u00e8re les efforts de la Jama\u00efque et des \u00c9tats-Unis pour renforcer leur partenariat face \u00e0&hellip;","jetpack_sharing_enabled":true,"jetpack_shortlink":"https:\/\/wp.me\/pgoyna-x4","jetpack-related-posts":[{"id":2037,"url":"https:\/\/radioecoutefm.com\/index.php\/2025\/03\/26\/fritz-alphonse-jean-en-mission-en-jamaique-un-entretien-cle-avec-le-secretaire-detat-americain-marco-rubio\/","url_meta":{"origin":2050,"position":0},"title":"Fritz Alphonse Jean en mission en Jama\u00efque : Un entretien cl\u00e9 avec le Secr\u00e9taire d&#8217;\u00c9tat am\u00e9ricain Marco Rubio","author":"Ecoute FM","date":"26.03.2025","format":false,"excerpt":"Le Pr\u00e9sident du Conseil de Transition provisoire d\u2019Ha\u00efti, Fritz Alphonse Jean, a quitt\u00e9 le pays le 25 mars 2025 pour une mission officielle en Jama\u00efque, ce voyage \u00e9tant le premier international de Jean depuis sa prise de fonction \u00e0 la t\u00eate du CTP. La mission, ax\u00e9e sur le renforcement de\u2026","rel":"","context":"In &quot;POLITIQUE&quot;","block_context":{"text":"POLITIQUE","link":"https:\/\/radioecoutefm.com\/index.php\/category\/politique\/"},"img":{"alt_text":"","src":"https:\/\/i0.wp.com\/radioecoutefm.com\/wp-content\/uploads\/2025\/03\/fritzjean.jpg?fit=924%2C616&ssl=1&resize=350%2C200","width":350,"height":200,"srcset":"https:\/\/i0.wp.com\/radioecoutefm.com\/wp-content\/uploads\/2025\/03\/fritzjean.jpg?fit=924%2C616&ssl=1&resize=350%2C200 1x, https:\/\/i0.wp.com\/radioecoutefm.com\/wp-content\/uploads\/2025\/03\/fritzjean.jpg?fit=924%2C616&ssl=1&resize=525%2C300 1.5x, https:\/\/i0.wp.com\/radioecoutefm.com\/wp-content\/uploads\/2025\/03\/fritzjean.jpg?fit=924%2C616&ssl=1&resize=700%2C400 2x"},"classes":[]},{"id":2125,"url":"https:\/\/radioecoutefm.com\/index.php\/2025\/03\/28\/2125\/","url_meta":{"origin":2050,"position":1},"title":"Fritz Alphonse Jean de retour en Ha\u00efti apr\u00e8s un voyage diplomatique en jamaique","author":"Ecoute FM","date":"28.03.2025","format":false,"excerpt":"Apr\u00e8s un voyage officiel en Jama\u00efque o\u00f9 il a particip\u00e9 \u00e0 une s\u00e9rie de rencontres avec des dirigeants carib\u00e9ens, le Pr\u00e9sident du Conseil Pr\u00e9sidentiel de Transition (CPT), S.E.M. Fritz Alphonse Jean, est de retour en Ha\u00efti le jeudi 27 mars 2025. Au cours de sa prise de parole il est\u2026","rel":"","context":"In &quot;POLITIQUE&quot;","block_context":{"text":"POLITIQUE","link":"https:\/\/radioecoutefm.com\/index.php\/category\/politique\/"},"img":{"alt_text":"","src":"https:\/\/i0.wp.com\/radioecoutefm.com\/wp-content\/uploads\/2025\/03\/Fritz-jean.jpeg?fit=720%2C480&ssl=1&resize=350%2C200","width":350,"height":200,"srcset":"https:\/\/i0.wp.com\/radioecoutefm.com\/wp-content\/uploads\/2025\/03\/Fritz-jean.jpeg?fit=720%2C480&ssl=1&resize=350%2C200 1x, https:\/\/i0.wp.com\/radioecoutefm.com\/wp-content\/uploads\/2025\/03\/Fritz-jean.jpeg?fit=720%2C480&ssl=1&resize=525%2C300 1.5x, https:\/\/i0.wp.com\/radioecoutefm.com\/wp-content\/uploads\/2025\/03\/Fritz-jean.jpeg?fit=720%2C480&ssl=1&resize=700%2C400 2x"},"classes":[]},{"id":1978,"url":"https:\/\/radioecoutefm.com\/index.php\/2025\/03\/24\/marco-rubio-en-tournee-dans-les-caraibes-haiti-au-centre-des-preoccupations\/","url_meta":{"origin":2050,"position":2},"title":"Marco Rubio en tourn\u00e9e dans les Cara\u00efbes : Ha\u00efti au centre des pr\u00e9occupations","author":"Ecoute FM","date":"24.03.2025","format":false,"excerpt":"Le secr\u00e9taire d\u2019\u00c9tat am\u00e9ricain Marco Rubio entame cette semaine sa premi\u00e8re tourn\u00e9e officielle dans les Cara\u00efbes, \u00e0 un moment o\u00f9 la situation en Ha\u00efti suscite de vives inqui\u00e9tudes parmi les dirigeants de la r\u00e9gion. Au cours de son voyage, Rubio se rendra en Jama\u00efque, o\u00f9 il sera re\u00e7u par le\u2026","rel":"","context":"In &quot;INSECURITE&quot;","block_context":{"text":"INSECURITE","link":"https:\/\/radioecoutefm.com\/index.php\/category\/securite\/"},"img":{"alt_text":"","src":"https:\/\/i0.wp.com\/radioecoutefm.com\/wp-content\/uploads\/2025\/03\/IMG_1473.png?fit=512%2C342&ssl=1&resize=350%2C200","width":350,"height":200},"classes":[]},{"id":5553,"url":"https:\/\/radioecoutefm.com\/index.php\/2025\/07\/04\/quand-la-jamaique-regularise-les-dominicains-la-republique-dominicaine-expulse-les-haitiens\/","url_meta":{"origin":2050,"position":3},"title":"Quand la Jama\u00efque r\u00e9gularise les Dominicains, la R\u00e9publique dominicaine expulse les Ha\u00eftiens","author":"Ecoute FM","date":"04.07.2025","format":false,"excerpt":"Dans une d\u00e9cision salu\u00e9e comme un geste fort de solidarit\u00e9 r\u00e9gionale, la Jama\u00efque a annonc\u00e9 le lancement officiel d\u2019un processus de r\u00e9gularisation pour les citoyens dominicains vivant sans statut l\u00e9gal sur son territoire. Alors que plus de 2 000 Dominicains r\u00e9sident actuellement en Jama\u00efque souvent employ\u00e9s dans des secteurs cl\u00e9s\u2026","rel":"","context":"In &quot;MIGRATION&quot;","block_context":{"text":"MIGRATION","link":"https:\/\/radioecoutefm.com\/index.php\/category\/migration\/"},"img":{"alt_text":"","src":"https:\/\/i0.wp.com\/radioecoutefm.com\/wp-content\/uploads\/2025\/07\/JAMAIQUE.jpg?fit=1200%2C922&ssl=1&resize=350%2C200","width":350,"height":200,"srcset":"https:\/\/i0.wp.com\/radioecoutefm.com\/wp-content\/uploads\/2025\/07\/JAMAIQUE.jpg?fit=1200%2C922&ssl=1&resize=350%2C200 1x, https:\/\/i0.wp.com\/radioecoutefm.com\/wp-content\/uploads\/2025\/07\/JAMAIQUE.jpg?fit=1200%2C922&ssl=1&resize=525%2C300 1.5x, https:\/\/i0.wp.com\/radioecoutefm.com\/wp-content\/uploads\/2025\/07\/JAMAIQUE.jpg?fit=1200%2C922&ssl=1&resize=700%2C400 2x, https:\/\/i0.wp.com\/radioecoutefm.com\/wp-content\/uploads\/2025\/07\/JAMAIQUE.jpg?fit=1200%2C922&ssl=1&resize=1050%2C600 3x"},"classes":[]},{"id":3936,"url":"https:\/\/radioecoutefm.com\/index.php\/2025\/05\/07\/marco-rubio-plaide-pour-une-cooperation-regionale-renforcee-dans-la-caraibe\/","url_meta":{"origin":2050,"position":4},"title":"Marco Rubio plaide pour une coop\u00e9ration r\u00e9gionale renforc\u00e9e dans la Cara\u00efbe","author":"Ecoute FM","date":"07.05.2025","format":false,"excerpt":"Le s\u00e9nateur am\u00e9ricain Marco Rubio a rencontr\u00e9 sept Premiers ministres de la Cara\u00efbe orientale et des Bahamas ce mardi \u00e0 Washington, afin d\u2019aborder la n\u00e9cessit\u00e9 urgente d\u2019une coop\u00e9ration accrue entre les nations de la r\u00e9gion. Les discussions ont principalement port\u00e9 sur les efforts \u00e0 intensifier dans la lutte contre le\u2026","rel":"","context":"In &quot;INTERNATIONAL&quot;","block_context":{"text":"INTERNATIONAL","link":"https:\/\/radioecoutefm.com\/index.php\/category\/international\/"},"img":{"alt_text":"","src":"https:\/\/i0.wp.com\/radioecoutefm.com\/wp-content\/uploads\/2025\/05\/IMG_1924.jpeg?fit=1200%2C895&ssl=1&resize=350%2C200","width":350,"height":200,"srcset":"https:\/\/i0.wp.com\/radioecoutefm.com\/wp-content\/uploads\/2025\/05\/IMG_1924.jpeg?fit=1200%2C895&ssl=1&resize=350%2C200 1x, https:\/\/i0.wp.com\/radioecoutefm.com\/wp-content\/uploads\/2025\/05\/IMG_1924.jpeg?fit=1200%2C895&ssl=1&resize=525%2C300 1.5x, https:\/\/i0.wp.com\/radioecoutefm.com\/wp-content\/uploads\/2025\/05\/IMG_1924.jpeg?fit=1200%2C895&ssl=1&resize=700%2C400 2x, https:\/\/i0.wp.com\/radioecoutefm.com\/wp-content\/uploads\/2025\/05\/IMG_1924.jpeg?fit=1200%2C895&ssl=1&resize=1050%2C600 3x"},"classes":[]},{"id":3010,"url":"https:\/\/radioecoutefm.com\/index.php\/2025\/04\/16\/haiti-la-jamaique-deploie-une-equipe-de-21-membres-pour-soutenir-la-mission-multinationale-de-securite\/","url_meta":{"origin":2050,"position":5},"title":"Ha\u00efti : La Jama\u00efque d\u00e9ploie une \u00e9quipe de 21 membres pour soutenir la mission multinationale de s\u00e9curit\u00e9","author":"Ecoute FM","date":"16.04.2025","format":false,"excerpt":"La Force de D\u00e9fense de la Jama\u00efque (JDF) a annonc\u00e9 le d\u00e9ploiement d\u2019une \u00e9quipe de 21 membres en Ha\u00efti, dans le cadre de la Force Conjointe de la CARICOM pour Ha\u00efti (CJTF-H). Ce d\u00e9ploiement s\u2019inscrit dans le cadre de la mission multinationale de s\u00e9curit\u00e9 (MSS) dirig\u00e9e par le Kenya, appuy\u00e9e\u2026","rel":"","context":"In &quot;SECURITE&quot;","block_context":{"text":"SECURITE","link":"https:\/\/radioecoutefm.com\/index.php\/category\/insecurite\/"},"img":{"alt_text":"","src":"https:\/\/i0.wp.com\/radioecoutefm.com\/wp-content\/uploads\/2025\/04\/IMG_1716.jpeg?fit=599%2C409&ssl=1&resize=350%2C200","width":350,"height":200,"srcset":"https:\/\/i0.wp.com\/radioecoutefm.com\/wp-content\/uploads\/2025\/04\/IMG_1716.jpeg?fit=599%2C409&ssl=1&resize=350%2C200 1x, https:\/\/i0.wp.com\/radioecoutefm.com\/wp-content\/uploads\/2025\/04\/IMG_1716.jpeg?fit=599%2C409&ssl=1&resize=525%2C300 1.5x"},"classes":[]}],"authors":[{"term_id":15,"user_id":1,"is_guest":0,"slug":"borgellaattis","display_name":"Ecoute FM","avatar_url":"https:\/\/secure.gravatar.com\/avatar\/a5369629745bf29c5deb65198d5e38aed1dc2c880c04b3b630ab3f6e8c623b70?s=96&d=mm&r=g","0":null,"1":"","2":"","3":"","4":"","5":"","6":"","7":"","8":""}],"_links":{"self":[{"href":"https:\/\/radioecoutefm.com\/index.php\/wp-json\/wp\/v2\/posts\/2050","targetHints":{"allow":["GET"]}}],"collection":[{"href":"https:\/\/radioecoutefm.com\/index.php\/wp-json\/wp\/v2\/posts"}],"about":[{"href":"https:\/\/radioecoutefm.com\/index.php\/wp-json\/wp\/v2\/types\/post"}],"author":[{"embeddable":true,"href":"https:\/\/radioecoutefm.com\/index.php\/wp-json\/wp\/v2\/users\/1"}],"replies":[{"embeddable":true,"href":"https:\/\/radioecoutefm.com\/index.php\/wp-json\/wp\/v2\/comments?post=2050"}],"version-history":[{"count":1,"href":"https:\/\/radioecoutefm.com\/index.php\/wp-json\/wp\/v2\/posts\/2050\/revisions"}],"predecessor-version":[{"id":2056,"href":"https:\/\/radioecoutefm.com\/index.php\/wp-json\/wp\/v2\/posts\/2050\/revisions\/2056"}],"wp:featuredmedia":[{"embeddable":true,"href":"https:\/\/radioecoutefm.com\/index.php\/wp-json\/wp\/v2\/media\/2051"}],"wp:attachment":[{"href":"https:\/\/radioecoutefm.com\/index.php\/wp-json\/wp\/v2\/media?parent=2050"}],"wp:term":[{"taxonomy":"category","embeddable":true,"href":"https:\/\/radioecoutefm.com\/index.php\/wp-json\/wp\/v2\/categories?post=2050"},{"taxonomy":"post_tag","embeddable":true,"href":"https:\/\/radioecoutefm.com\/index.php\/wp-json\/wp\/v2\/tags?post=2050"},{"taxonomy":"author","embeddable":true,"href":"https:\/\/radioecoutefm.com\/index.php\/wp-json\/wp\/v2\/ppma_author?post=2050"}],"curies":[{"name":"wp","href":"https:\/\/api.w.org\/{rel}","templated":true}]}}