{"id":2037,"date":"2025-03-26T15:15:40","date_gmt":"2025-03-26T15:15:40","guid":{"rendered":"https:\/\/radioecoutefm.com\/?p=2037"},"modified":"2025-03-26T15:15:40","modified_gmt":"2025-03-26T15:15:40","slug":"fritz-alphonse-jean-en-mission-en-jamaique-un-entretien-cle-avec-le-secretaire-detat-americain-marco-rubio","status":"publish","type":"post","link":"https:\/\/radioecoutefm.com\/index.php\/2025\/03\/26\/fritz-alphonse-jean-en-mission-en-jamaique-un-entretien-cle-avec-le-secretaire-detat-americain-marco-rubio\/","title":{"rendered":"Fritz Alphonse Jean en mission en Jama\u00efque : Un entretien cl\u00e9 avec le Secr\u00e9taire d&#8217;\u00c9tat am\u00e9ricain Marco Rubio"},"content":{"rendered":"<p class=\"\" data-start=\"92\" data-end=\"420\">Le Pr\u00e9sident du Conseil de Transition provisoire d\u2019Ha\u00efti, Fritz Alphonse Jean, a quitt\u00e9 le pays le 25 mars 2025 pour une mission officielle en Jama\u00efque, ce voyage \u00e9tant le premier international de Jean depuis sa prise de fonction \u00e0 la t\u00eate du CTP.<\/p>\n<p class=\"\" data-start=\"422\" data-end=\"790\">La mission, ax\u00e9e sur le renforcement de la coop\u00e9ration r\u00e9gionale et la d\u00e9fense des int\u00e9r\u00eats d&#8217;Ha\u00efti, se d\u00e9roule dans un contexte politique et \u00e9conomique complexe. \u00c0 travers ses discussions avec des leaders r\u00e9gionaux, Jean esp\u00e8re non seulement obtenir un soutien pour Ha\u00efti mais \u00e9galement promouvoir des solutions \u00e0 la crise qui frappe le pays depuis plusieurs ann\u00e9es.<\/p>\n<p class=\"\" data-start=\"792\" data-end=\"1236\">Au programme de cette mission diplomatique : des entretiens avec des \u00e9missaires de la Caricom, le Premier Ministre jama\u00efcain Andrew Holness, la Premi\u00e8re Ministre de la Barbade Mia Mottley, et le Secr\u00e9taire d&#8217;\u00c9tat am\u00e9ricain Marco Rubio. Ce dernier, qui s\u00e9journera en Jama\u00efque les 26 et 27 mars, repr\u00e9sente un acteur cl\u00e9 de la politique am\u00e9ricaine, et sa rencontre avec Jean pourrait ouvrir la voie \u00e0 un renforcement de la coop\u00e9ration bilat\u00e9rale.<\/p>\n<p class=\"\" data-start=\"1238\" data-end=\"1777\">L\u2019importance de cette mission ne se limite pas uniquement aux discussions bilat\u00e9rales. Elle s\u2019inscrit dans une dynamique plus large de relance des relations internationales d&#8217;Ha\u00efti, alors que le pays cherche des solutions aux d\u00e9fis internes, notamment la violence persistante et l\u2019instabilit\u00e9 politique. Le Pr\u00e9sident du CPT esp\u00e8re que cette visite sera l\u2019occasion de r\u00e9affirmer la position d\u2019Ha\u00efti au sein de la communaut\u00e9 internationale et de rechercher des partenariats qui pourraient contribuer \u00e0 stabiliser la situation nationale.<\/p>\n<p class=\"\" data-start=\"1779\" data-end=\"1985\">Les observateurs suivent de pr\u00e8s ce voyage, esp\u00e9rant qu\u2019il marque une \u00e9tape d\u00e9cisive pour le pays dans ses relations r\u00e9gionales et mondiales, et qu&#8217;il ouvrira la voie \u00e0 de nouvelles opportunit\u00e9s pour Ha\u00efti.<\/p>\n","protected":false},"excerpt":{"rendered":"<p>Le Pr\u00e9sident du Conseil de Transition provisoire d\u2019Ha\u00efti, Fritz Alphonse Jean, a quitt\u00e9 le pays le 25 mars 2025 pour une mission officielle en Jama\u00efque, ce voyage \u00e9tant le premier international de Jean depuis sa prise de fonction \u00e0 la t\u00eate du CTP. La mission, ax\u00e9e sur le renforcement de la coop\u00e9ration r\u00e9gionale et la [&hellip;]<\/p>\n","protected":false},"author":1,"featured_media":2038,"comment_status":"open","ping_status":"open","sticky":false,"template":"","format":"standard","meta":{"_uag_custom_page_level_css":"","jetpack_post_was_ever_published":false,"_jetpack_newsletter_access":"","_jetpack_dont_email_post_to_subs":false,"_jetpack_newsletter_tier_id":0,"_jetpack_memberships_contains_paywalled_content":false,"_jetpack_memberships_contains_paid_content":false,"footnotes":"","jetpack_publicize_message":"","jetpack_publicize_feature_enabled":true,"jetpack_social_post_already_shared":true,"jetpack_social_options":{"image_generator_settings":{"template":"highway","default_image_id":0,"font":"","enabled":false},"version":2}},"categories":[8],"tags":[],"ppma_author":[15],"class_list":["post-2037","post","type-post","status-publish","format-standard","has-post-thumbnail","hentry","category-politique"],"aioseo_notices":[],"jetpack_publicize_connections":[],"jetpack_featured_media_url":"https:\/\/i0.wp.com\/radioecoutefm.com\/wp-content\/uploads\/2025\/03\/fritzjean.jpg?fit=924%2C616&ssl=1","uagb_featured_image_src":{"full":["https:\/\/i0.wp.com\/radioecoutefm.com\/wp-content\/uploads\/2025\/03\/fritzjean.jpg?fit=924%2C616&ssl=1",924,616,false],"thumbnail":["https:\/\/i0.wp.com\/radioecoutefm.com\/wp-content\/uploads\/2025\/03\/fritzjean.jpg?resize=150%2C150&ssl=1",150,150,true],"medium":["https:\/\/i0.wp.com\/radioecoutefm.com\/wp-content\/uploads\/2025\/03\/fritzjean.jpg?fit=300%2C200&ssl=1",300,200,true],"medium_large":["https:\/\/i0.wp.com\/radioecoutefm.com\/wp-content\/uploads\/2025\/03\/fritzjean.jpg?fit=640%2C427&ssl=1",640,427,true],"large":["https:\/\/i0.wp.com\/radioecoutefm.com\/wp-content\/uploads\/2025\/03\/fritzjean.jpg?fit=640%2C427&ssl=1",640,427,true],"1536x1536":["https:\/\/i0.wp.com\/radioecoutefm.com\/wp-content\/uploads\/2025\/03\/fritzjean.jpg?fit=924%2C616&ssl=1",924,616,true],"2048x2048":["https:\/\/i0.wp.com\/radioecoutefm.com\/wp-content\/uploads\/2025\/03\/fritzjean.jpg?fit=924%2C616&ssl=1",924,616,true],"newsair-slider-full":["https:\/\/i0.wp.com\/radioecoutefm.com\/wp-content\/uploads\/2025\/03\/fritzjean.jpg?resize=924%2C616&ssl=1",924,616,true],"newsair-featured":["https:\/\/i0.wp.com\/radioecoutefm.com\/wp-content\/uploads\/2025\/03\/fritzjean.jpg?fit=924%2C616&ssl=1",924,616,true],"newsair-medium":["https:\/\/i0.wp.com\/radioecoutefm.com\/wp-content\/uploads\/2025\/03\/fritzjean.jpg?resize=720%2C380&ssl=1",720,380,true]},"uagb_author_info":{"display_name":"Ecoute FM","author_link":"https:\/\/radioecoutefm.com\/index.php\/author\/borgellaattis\/"},"uagb_comment_info":0,"uagb_excerpt":"Le Pr\u00e9sident du Conseil de Transition provisoire d\u2019Ha\u00efti, Fritz Alphonse Jean, a quitt\u00e9 le pays le 25 mars 2025 pour une mission officielle en Jama\u00efque, ce voyage \u00e9tant le premier international de Jean depuis sa prise de fonction \u00e0 la t\u00eate du CTP. La mission, ax\u00e9e sur le renforcement de la coop\u00e9ration r\u00e9gionale et la&hellip;","jetpack_sharing_enabled":true,"jetpack_shortlink":"https:\/\/wp.me\/pgoyna-wR","jetpack-related-posts":[{"id":1307,"url":"https:\/\/radioecoutefm.com\/index.php\/2025\/03\/05\/investiture-de-fritz-alphonse-jean-la-presidence-convie-les-autorites-a-la-ceremonie-officielle-du-7-mars\/","url_meta":{"origin":2037,"position":0},"title":"Investiture de Fritz Alphonse Jean : La Pr\u00e9sidence convie les autorit\u00e9s \u00e0 la c\u00e9r\u00e9monie officielle du 7 mars","author":"Ecoute FM","date":"05.03.2025","format":false,"excerpt":"Le Secr\u00e9tariat de la Pr\u00e9sidence a officiellement adress\u00e9 une invitation au Secr\u00e9taire g\u00e9n\u00e9ral de la Primature, demandant de notifier le Premier ministre, les ministres, les secr\u00e9taires d\u2019\u00c9tat, ainsi que le directeur de cabinet du Premier ministre, qu'ils sont convi\u00e9s \u00e0 la c\u00e9r\u00e9monie d\u2019investiture de Fritz Alphonse Jean en tant que\u2026","rel":"","context":"In &quot;POLITIQUE&quot;","block_context":{"text":"POLITIQUE","link":"https:\/\/radioecoutefm.com\/index.php\/category\/politique\/"},"img":{"alt_text":"","src":"https:\/\/i0.wp.com\/radioecoutefm.com\/wp-content\/uploads\/2025\/03\/fritzjean.jpeg?fit=1200%2C800&ssl=1&resize=350%2C200","width":350,"height":200,"srcset":"https:\/\/i0.wp.com\/radioecoutefm.com\/wp-content\/uploads\/2025\/03\/fritzjean.jpeg?fit=1200%2C800&ssl=1&resize=350%2C200 1x, https:\/\/i0.wp.com\/radioecoutefm.com\/wp-content\/uploads\/2025\/03\/fritzjean.jpeg?fit=1200%2C800&ssl=1&resize=525%2C300 1.5x, https:\/\/i0.wp.com\/radioecoutefm.com\/wp-content\/uploads\/2025\/03\/fritzjean.jpeg?fit=1200%2C800&ssl=1&resize=700%2C400 2x, https:\/\/i0.wp.com\/radioecoutefm.com\/wp-content\/uploads\/2025\/03\/fritzjean.jpeg?fit=1200%2C800&ssl=1&resize=1050%2C600 3x"},"classes":[]},{"id":2125,"url":"https:\/\/radioecoutefm.com\/index.php\/2025\/03\/28\/2125\/","url_meta":{"origin":2037,"position":1},"title":"Fritz Alphonse Jean de retour en Ha\u00efti apr\u00e8s un voyage diplomatique en jamaique","author":"Ecoute FM","date":"28.03.2025","format":false,"excerpt":"Apr\u00e8s un voyage officiel en Jama\u00efque o\u00f9 il a particip\u00e9 \u00e0 une s\u00e9rie de rencontres avec des dirigeants carib\u00e9ens, le Pr\u00e9sident du Conseil Pr\u00e9sidentiel de Transition (CPT), S.E.M. Fritz Alphonse Jean, est de retour en Ha\u00efti le jeudi 27 mars 2025. Au cours de sa prise de parole il est\u2026","rel":"","context":"In &quot;POLITIQUE&quot;","block_context":{"text":"POLITIQUE","link":"https:\/\/radioecoutefm.com\/index.php\/category\/politique\/"},"img":{"alt_text":"","src":"https:\/\/i0.wp.com\/radioecoutefm.com\/wp-content\/uploads\/2025\/03\/Fritz-jean.jpeg?fit=720%2C480&ssl=1&resize=350%2C200","width":350,"height":200,"srcset":"https:\/\/i0.wp.com\/radioecoutefm.com\/wp-content\/uploads\/2025\/03\/Fritz-jean.jpeg?fit=720%2C480&ssl=1&resize=350%2C200 1x, https:\/\/i0.wp.com\/radioecoutefm.com\/wp-content\/uploads\/2025\/03\/Fritz-jean.jpeg?fit=720%2C480&ssl=1&resize=525%2C300 1.5x, https:\/\/i0.wp.com\/radioecoutefm.com\/wp-content\/uploads\/2025\/03\/Fritz-jean.jpeg?fit=720%2C480&ssl=1&resize=700%2C400 2x"},"classes":[]},{"id":5077,"url":"https:\/\/radioecoutefm.com\/index.php\/2025\/06\/12\/fritz-alphonse-jean-represente-haiti-au-sommet-caraibe-bresil\/","url_meta":{"origin":2037,"position":2},"title":"Fritz Alphonse Jean repr\u00e9sente Ha\u00efti au Sommet Cara\u00efbe-Br\u00e9sil","author":"Ecoute FM","date":"12.06.2025","format":false,"excerpt":"Le Coordonnateur du Conseil Pr\u00e9sidentiel de Transition (CPT), Fritz Alphonse Jean, a quitt\u00e9 Port-au-Prince ce mercredi 11 juin 2025 pour se rendre \u00e0 Brasilia, au Br\u00e9sil, o\u00f9 il participera au Sommet Cara\u00efbe-Br\u00e9sil pr\u00e9vu pour le 13 juin. Il est accompagn\u00e9 de la ministre de la Planification et de la Coop\u00e9ration\u2026","rel":"","context":"In &quot;SOCIETE&quot;","block_context":{"text":"SOCIETE","link":"https:\/\/radioecoutefm.com\/index.php\/category\/societe\/"},"img":{"alt_text":"","src":"https:\/\/i0.wp.com\/radioecoutefm.com\/wp-content\/uploads\/2025\/06\/IMG_2222.jpeg?fit=1200%2C675&ssl=1&resize=350%2C200","width":350,"height":200,"srcset":"https:\/\/i0.wp.com\/radioecoutefm.com\/wp-content\/uploads\/2025\/06\/IMG_2222.jpeg?fit=1200%2C675&ssl=1&resize=350%2C200 1x, https:\/\/i0.wp.com\/radioecoutefm.com\/wp-content\/uploads\/2025\/06\/IMG_2222.jpeg?fit=1200%2C675&ssl=1&resize=525%2C300 1.5x, https:\/\/i0.wp.com\/radioecoutefm.com\/wp-content\/uploads\/2025\/06\/IMG_2222.jpeg?fit=1200%2C675&ssl=1&resize=700%2C400 2x, https:\/\/i0.wp.com\/radioecoutefm.com\/wp-content\/uploads\/2025\/06\/IMG_2222.jpeg?fit=1200%2C675&ssl=1&resize=1050%2C600 3x"},"classes":[]},{"id":5306,"url":"https:\/\/radioecoutefm.com\/index.php\/2025\/06\/21\/crise-haiti-fritz-alphonse-jean-justifie-lengagement-dune-firme-de-securite-privee-et-critique-le-ministre-de-la-defense\/","url_meta":{"origin":2037,"position":3},"title":"Crise Haiti: Fritz Alphonse Jean justifie l\u2019engagement d\u2019une firme de s\u00e9curit\u00e9 priv\u00e9e et critique le ministre de la D\u00e9fense","author":"Ecoute FM","date":"21.06.2025","format":false,"excerpt":"Lors d\u2019un point de presse tenu vendredi 20 juin 2025, Fritz Alphonse Jean, pr\u00e9sident du Conseil de Transition, s\u2019est exprim\u00e9 longuement sur l\u2019\u00e9tat critique de la nation ha\u00eftienne. Pendant pr\u00e8s d\u2019une heure et demie, il a r\u00e9pondu aux questions d\u2019un groupe restreint de cinq journalistes, abordant frontalement plusieurs sujets sensibles.\u2026","rel":"","context":"In &quot;POLITIQUE&quot;","block_context":{"text":"POLITIQUE","link":"https:\/\/radioecoutefm.com\/index.php\/category\/politique\/"},"img":{"alt_text":"","src":"https:\/\/i0.wp.com\/radioecoutefm.com\/wp-content\/uploads\/2025\/06\/Fritz-Jean.webp?fit=1200%2C648&ssl=1&resize=350%2C200","width":350,"height":200,"srcset":"https:\/\/i0.wp.com\/radioecoutefm.com\/wp-content\/uploads\/2025\/06\/Fritz-Jean.webp?fit=1200%2C648&ssl=1&resize=350%2C200 1x, https:\/\/i0.wp.com\/radioecoutefm.com\/wp-content\/uploads\/2025\/06\/Fritz-Jean.webp?fit=1200%2C648&ssl=1&resize=525%2C300 1.5x, https:\/\/i0.wp.com\/radioecoutefm.com\/wp-content\/uploads\/2025\/06\/Fritz-Jean.webp?fit=1200%2C648&ssl=1&resize=700%2C400 2x, https:\/\/i0.wp.com\/radioecoutefm.com\/wp-content\/uploads\/2025\/06\/Fritz-Jean.webp?fit=1200%2C648&ssl=1&resize=1050%2C600 3x"},"classes":[]},{"id":1371,"url":"https:\/\/radioecoutefm.com\/index.php\/2025\/03\/07\/haiti-fritz-alphonse-jean-annonce-une-guerre-contre-les-gangs-lors-de-la-ceremonie-de-passation-de-pouvoir\/","url_meta":{"origin":2037,"position":4},"title":"Ha\u00efti : Fritz Alphonse Jean annonce une guerre contre les gangs lors de la c\u00e9r\u00e9monie de passation de pouvoir","author":"Ecoute FM","date":"07.03.2025","format":false,"excerpt":"Le 7 mars 2025, lors de la c\u00e9r\u00e9monie de passation de pouvoir, un discours fort et d\u00e9termin\u00e9 a marqu\u00e9 un tournant pour Ha\u00efti. Fritz Alphonse Jean, le nouveau Pr\u00e9sident du Conseil Pr\u00e9sidentiel de Transition (CPT), a annonc\u00e9 qu'une guerre \u00e9tait d\u00e9sormais engag\u00e9e contre les gangs qui d\u00e9stabilisent le pays. Ce\u2026","rel":"","context":"In &quot;POLITIQUE&quot;","block_context":{"text":"POLITIQUE","link":"https:\/\/radioecoutefm.com\/index.php\/category\/politique\/"},"img":{"alt_text":"","src":"https:\/\/i0.wp.com\/radioecoutefm.com\/wp-content\/uploads\/2025\/03\/IMG_1309.jpeg?fit=1200%2C799&ssl=1&resize=350%2C200","width":350,"height":200,"srcset":"https:\/\/i0.wp.com\/radioecoutefm.com\/wp-content\/uploads\/2025\/03\/IMG_1309.jpeg?fit=1200%2C799&ssl=1&resize=350%2C200 1x, https:\/\/i0.wp.com\/radioecoutefm.com\/wp-content\/uploads\/2025\/03\/IMG_1309.jpeg?fit=1200%2C799&ssl=1&resize=525%2C300 1.5x, https:\/\/i0.wp.com\/radioecoutefm.com\/wp-content\/uploads\/2025\/03\/IMG_1309.jpeg?fit=1200%2C799&ssl=1&resize=700%2C400 2x, https:\/\/i0.wp.com\/radioecoutefm.com\/wp-content\/uploads\/2025\/03\/IMG_1309.jpeg?fit=1200%2C799&ssl=1&resize=1050%2C600 3x"},"classes":[]},{"id":1978,"url":"https:\/\/radioecoutefm.com\/index.php\/2025\/03\/24\/marco-rubio-en-tournee-dans-les-caraibes-haiti-au-centre-des-preoccupations\/","url_meta":{"origin":2037,"position":5},"title":"Marco Rubio en tourn\u00e9e dans les Cara\u00efbes : Ha\u00efti au centre des pr\u00e9occupations","author":"Ecoute FM","date":"24.03.2025","format":false,"excerpt":"Le secr\u00e9taire d\u2019\u00c9tat am\u00e9ricain Marco Rubio entame cette semaine sa premi\u00e8re tourn\u00e9e officielle dans les Cara\u00efbes, \u00e0 un moment o\u00f9 la situation en Ha\u00efti suscite de vives inqui\u00e9tudes parmi les dirigeants de la r\u00e9gion. Au cours de son voyage, Rubio se rendra en Jama\u00efque, o\u00f9 il sera re\u00e7u par le\u2026","rel":"","context":"In &quot;INSECURITE&quot;","block_context":{"text":"INSECURITE","link":"https:\/\/radioecoutefm.com\/index.php\/category\/securite\/"},"img":{"alt_text":"","src":"https:\/\/i0.wp.com\/radioecoutefm.com\/wp-content\/uploads\/2025\/03\/IMG_1473.png?fit=512%2C342&ssl=1&resize=350%2C200","width":350,"height":200},"classes":[]}],"authors":[{"term_id":15,"user_id":1,"is_guest":0,"slug":"borgellaattis","display_name":"Ecoute FM","avatar_url":"https:\/\/secure.gravatar.com\/avatar\/a5369629745bf29c5deb65198d5e38aed1dc2c880c04b3b630ab3f6e8c623b70?s=96&d=mm&r=g","0":null,"1":"","2":"","3":"","4":"","5":"","6":"","7":"","8":""}],"_links":{"self":[{"href":"https:\/\/radioecoutefm.com\/index.php\/wp-json\/wp\/v2\/posts\/2037","targetHints":{"allow":["GET"]}}],"collection":[{"href":"https:\/\/radioecoutefm.com\/index.php\/wp-json\/wp\/v2\/posts"}],"about":[{"href":"https:\/\/radioecoutefm.com\/index.php\/wp-json\/wp\/v2\/types\/post"}],"author":[{"embeddable":true,"href":"https:\/\/radioecoutefm.com\/index.php\/wp-json\/wp\/v2\/users\/1"}],"replies":[{"embeddable":true,"href":"https:\/\/radioecoutefm.com\/index.php\/wp-json\/wp\/v2\/comments?post=2037"}],"version-history":[{"count":1,"href":"https:\/\/radioecoutefm.com\/index.php\/wp-json\/wp\/v2\/posts\/2037\/revisions"}],"predecessor-version":[{"id":2042,"href":"https:\/\/radioecoutefm.com\/index.php\/wp-json\/wp\/v2\/posts\/2037\/revisions\/2042"}],"wp:featuredmedia":[{"embeddable":true,"href":"https:\/\/radioecoutefm.com\/index.php\/wp-json\/wp\/v2\/media\/2038"}],"wp:attachment":[{"href":"https:\/\/radioecoutefm.com\/index.php\/wp-json\/wp\/v2\/media?parent=2037"}],"wp:term":[{"taxonomy":"category","embeddable":true,"href":"https:\/\/radioecoutefm.com\/index.php\/wp-json\/wp\/v2\/categories?post=2037"},{"taxonomy":"post_tag","embeddable":true,"href":"https:\/\/radioecoutefm.com\/index.php\/wp-json\/wp\/v2\/tags?post=2037"},{"taxonomy":"author","embeddable":true,"href":"https:\/\/radioecoutefm.com\/index.php\/wp-json\/wp\/v2\/ppma_author?post=2037"}],"curies":[{"name":"wp","href":"https:\/\/api.w.org\/{rel}","templated":true}]}}