{"id":2017,"date":"2025-03-26T00:10:22","date_gmt":"2025-03-26T00:10:22","guid":{"rendered":"https:\/\/radioecoutefm.com\/?p=2017"},"modified":"2025-03-26T00:17:59","modified_gmt":"2025-03-26T00:17:59","slug":"guy-philippe-appelle-a-une-mobilisation-generale","status":"publish","type":"post","link":"https:\/\/radioecoutefm.com\/index.php\/2025\/03\/26\/guy-philippe-appelle-a-une-mobilisation-generale\/","title":{"rendered":"Guy Philippe lance un appel \u00e0 une mobilisation g\u00e9n\u00e9rale"},"content":{"rendered":"<p>Intervenant \u00e0 l&#8217;\u00e9mission &#8220;Matin d\u00e9bat &#8220;sur les ondes de la Radio \u00c9clair le mardi 25 mars 2025, Guy Philippe a profit\u00e9 de l&#8217;occasion pour annoncer \u00e0 la population ha\u00eftienne que le moment est venu pour passer \u00e0 la mobilisation g\u00e9n\u00e9rale en vue de mettre un terme \u00e0 l&#8217;ins\u00e9curit\u00e9 qui ravage le pays.<\/p>\n<p>Le leader national de FREN appelle la population ha\u00eftienne \u00e0 s&#8217;unir pour le chambardement de ce syst\u00e8me orchestr\u00e9 par le Conseil Pr\u00e9sidentiel et le gouvernement dirig\u00e9 par Alix Didier Fils -Aim\u00e9. Selon lui, l&#8217;heure est grave et si rien n&#8217;est fait dans un temps record , Ha\u00efti pourra conna\u00eetre une descente la plus sombre de son histoire.<\/p>\n<p>L&#8217;ex s\u00e9nateur \u00e9lu Guy a encourag\u00e9 les riverains de Canap\u00e9 vert de continuer \u00e0 mobiliser pour emp\u00eacher aux gangs de Viv Ansanm de prendre d&#8217;assaut le quartier et demande aux policiers d&#8217;accompagner la population lors des prochaines manifestations dans le pays.<\/p>\n<p>Selon le leader de FREN, la communaut\u00e9 internationale est impliqu\u00e9e dans la crise que vit le pays.<\/p>\n","protected":false},"excerpt":{"rendered":"<p>Intervenant \u00e0 l&#8217;\u00e9mission &#8220;Matin d\u00e9bat &#8220;sur les ondes de la Radio \u00c9clair le mardi 25 mars 2025, Guy Philippe a profit\u00e9 de l&#8217;occasion pour annoncer \u00e0 la population ha\u00eftienne que le moment est venu pour passer \u00e0 la mobilisation g\u00e9n\u00e9rale en vue de mettre un terme \u00e0 l&#8217;ins\u00e9curit\u00e9 qui ravage le pays. Le leader national [&hellip;]<\/p>\n","protected":false},"author":1,"featured_media":2018,"comment_status":"open","ping_status":"open","sticky":false,"template":"","format":"standard","meta":{"_uag_custom_page_level_css":"","jetpack_post_was_ever_published":false,"_jetpack_newsletter_access":"","_jetpack_dont_email_post_to_subs":false,"_jetpack_newsletter_tier_id":0,"_jetpack_memberships_contains_paywalled_content":false,"_jetpack_memberships_contains_paid_content":false,"footnotes":"","jetpack_publicize_message":"","jetpack_publicize_feature_enabled":true,"jetpack_social_post_already_shared":true,"jetpack_social_options":{"image_generator_settings":{"template":"highway","default_image_id":0,"font":"","enabled":false},"version":2}},"categories":[57],"tags":[],"ppma_author":[15,53],"class_list":["post-2017","post","type-post","status-publish","format-standard","has-post-thumbnail","hentry","category-securite"],"aioseo_notices":[],"jetpack_publicize_connections":[],"jetpack_featured_media_url":"https:\/\/i0.wp.com\/radioecoutefm.com\/wp-content\/uploads\/2025\/03\/Guy.jpeg?fit=313%2C160&ssl=1","uagb_featured_image_src":{"full":["https:\/\/i0.wp.com\/radioecoutefm.com\/wp-content\/uploads\/2025\/03\/Guy.jpeg?fit=313%2C160&ssl=1",313,160,false],"thumbnail":["https:\/\/i0.wp.com\/radioecoutefm.com\/wp-content\/uploads\/2025\/03\/Guy.jpeg?resize=150%2C150&ssl=1",150,150,true],"medium":["https:\/\/i0.wp.com\/radioecoutefm.com\/wp-content\/uploads\/2025\/03\/Guy.jpeg?fit=300%2C153&ssl=1",300,153,true],"medium_large":["https:\/\/i0.wp.com\/radioecoutefm.com\/wp-content\/uploads\/2025\/03\/Guy.jpeg?fit=313%2C160&ssl=1",313,160,true],"large":["https:\/\/i0.wp.com\/radioecoutefm.com\/wp-content\/uploads\/2025\/03\/Guy.jpeg?fit=313%2C160&ssl=1",313,160,true],"1536x1536":["https:\/\/i0.wp.com\/radioecoutefm.com\/wp-content\/uploads\/2025\/03\/Guy.jpeg?fit=313%2C160&ssl=1",313,160,true],"2048x2048":["https:\/\/i0.wp.com\/radioecoutefm.com\/wp-content\/uploads\/2025\/03\/Guy.jpeg?fit=313%2C160&ssl=1",313,160,true],"newsair-slider-full":["https:\/\/i0.wp.com\/radioecoutefm.com\/wp-content\/uploads\/2025\/03\/Guy.jpeg?resize=313%2C160&ssl=1",313,160,true],"newsair-featured":["https:\/\/i0.wp.com\/radioecoutefm.com\/wp-content\/uploads\/2025\/03\/Guy.jpeg?fit=313%2C160&ssl=1",313,160,true],"newsair-medium":["https:\/\/i0.wp.com\/radioecoutefm.com\/wp-content\/uploads\/2025\/03\/Guy.jpeg?resize=313%2C160&ssl=1",313,160,true]},"uagb_author_info":{"display_name":"Ecoute FM","author_link":"https:\/\/radioecoutefm.com\/index.php\/author\/borgellaattis\/"},"uagb_comment_info":0,"uagb_excerpt":"Intervenant \u00e0 l&#8217;\u00e9mission &#8220;Matin d\u00e9bat &#8220;sur les ondes de la Radio \u00c9clair le mardi 25 mars 2025, Guy Philippe a profit\u00e9 de l&#8217;occasion pour annoncer \u00e0 la population ha\u00eftienne que le moment est venu pour passer \u00e0 la mobilisation g\u00e9n\u00e9rale en vue de mettre un terme \u00e0 l&#8217;ins\u00e9curit\u00e9 qui ravage le pays. Le leader national&hellip;","jetpack_sharing_enabled":true,"jetpack_shortlink":"https:\/\/wp.me\/pgoyna-wx","jetpack-related-posts":[{"id":2756,"url":"https:\/\/radioecoutefm.com\/index.php\/2025\/04\/14\/tensions-dans-le-sud-dhaiti-guy-philippe-accuse-il-crie-au-complot\/","url_meta":{"origin":2017,"position":0},"title":"Tensions dans le Sud d\u2019Ha\u00efti : Guy Philippe accus\u00e9, il crie au complot","author":"Ecoute FM","date":"14.04.2025","format":false,"excerpt":"Cit\u00e9 dans une correspondance officielle comme cerveau pr\u00e9sum\u00e9 d\u2019un complot arm\u00e9 dans le Sud d\u2019Ha\u00efti, l\u2019ancien chef rebelle Guy Philippe est de nouveau au c\u0153ur de l\u2019actualit\u00e9 s\u00e9curitaire nationale. Dans une entrevue accord\u00e9e \u00e0 Radio \u00c9clair, il a fermement rejet\u00e9 les accusations port\u00e9es contre lui par le commissaire divisionnaire Daniel\u2026","rel":"","context":"In &quot;INSECURITE&quot;","block_context":{"text":"INSECURITE","link":"https:\/\/radioecoutefm.com\/index.php\/category\/securite\/"},"img":{"alt_text":"","src":"https:\/\/i0.wp.com\/radioecoutefm.com\/wp-content\/uploads\/2025\/04\/IMG_1667.jpeg?fit=686%2C386&ssl=1&resize=350%2C200","width":350,"height":200,"srcset":"https:\/\/i0.wp.com\/radioecoutefm.com\/wp-content\/uploads\/2025\/04\/IMG_1667.jpeg?fit=686%2C386&ssl=1&resize=350%2C200 1x, https:\/\/i0.wp.com\/radioecoutefm.com\/wp-content\/uploads\/2025\/04\/IMG_1667.jpeg?fit=686%2C386&ssl=1&resize=525%2C300 1.5x"},"classes":[]},{"id":5249,"url":"https:\/\/radioecoutefm.com\/index.php\/2025\/06\/20\/haiti-face-aux-ouragans-lonu-alerte-sur-une-catastrophe-imminente\/","url_meta":{"origin":2017,"position":1},"title":"Ha\u00efti face aux ouragans : l\u2019ONU alerte sur une catastrophe imminente","author":"Ecoute FM","date":"20.06.2025","format":false,"excerpt":"\u00c0 l\u2019approche de la saison des ouragans de l\u2019Atlantique 2025, les Nations Unies lancent un nouvel appel \u00e0 l\u2019aide pour Ha\u00efti, confront\u00e9 \u00e0 une situation humanitaire critique. Selon St\u00e9phane Dujarric, porte-parole de l\u2019ONU, le pays entame cette p\u00e9riode \u00e0 haut risque \u00ab sans r\u00e9serves alimentaires pr\u00e9positionn\u00e9es et sans financement disponible\u2026","rel":"","context":"In &quot;SOCIETE&quot;","block_context":{"text":"SOCIETE","link":"https:\/\/radioecoutefm.com\/index.php\/category\/societe\/"},"img":{"alt_text":"","src":"https:\/\/radioecoutefm.com\/wp-content\/uploads\/2025\/06\/hurricane-1335x786-1.avif","width":350,"height":200,"srcset":"https:\/\/radioecoutefm.com\/wp-content\/uploads\/2025\/06\/hurricane-1335x786-1.avif 1x, https:\/\/radioecoutefm.com\/wp-content\/uploads\/2025\/06\/hurricane-1335x786-1.avif 1.5x, https:\/\/radioecoutefm.com\/wp-content\/uploads\/2025\/06\/hurricane-1335x786-1.avif 2x, https:\/\/radioecoutefm.com\/wp-content\/uploads\/2025\/06\/hurricane-1335x786-1.avif 3x"},"classes":[]},{"id":2694,"url":"https:\/\/radioecoutefm.com\/index.php\/2025\/04\/12\/haiti-alerte-a-la-pnh-des-hommes-armes-qui-seraient-diriges-par-guy-philippe-planifieraient-une-attaque-contre-les-cayes\/","url_meta":{"origin":2017,"position":2},"title":"Haiti: Alerte \u00e0 la PNH, des hommes arm\u00e9s, qui seraient dirig\u00e9s par Guy Philippe, planifieraient une attaque contre Les Cayes","author":"Ecoute FM","date":"12.04.2025","format":false,"excerpt":"Une menace s\u00e9rieuse plane sur le d\u00e9partement du Sud d\u2019Ha\u00efti. Dans un rapport officiel adress\u00e9 au Directeur G\u00e9n\u00e9ral de la Police Nationale d\u2019Ha\u00efti (PNH), le commissaire divisionnaire Daniel Comp\u00e8re, actuel Directeur D\u00e9partemental du Sud, fait \u00e9tat d\u2019une situation extr\u00eamement pr\u00e9occupante dans la r\u00e9gion c\u00f4ti\u00e8re. Selon ses informations, 33 individus lourdement\u2026","rel":"","context":"In &quot;INSECURITE&quot;","block_context":{"text":"INSECURITE","link":"https:\/\/radioecoutefm.com\/index.php\/category\/securite\/"},"img":{"alt_text":"","src":"https:\/\/i0.wp.com\/radioecoutefm.com\/wp-content\/uploads\/2025\/04\/IMG_1649.jpeg?fit=800%2C500&ssl=1&resize=350%2C200","width":350,"height":200,"srcset":"https:\/\/i0.wp.com\/radioecoutefm.com\/wp-content\/uploads\/2025\/04\/IMG_1649.jpeg?fit=800%2C500&ssl=1&resize=350%2C200 1x, https:\/\/i0.wp.com\/radioecoutefm.com\/wp-content\/uploads\/2025\/04\/IMG_1649.jpeg?fit=800%2C500&ssl=1&resize=525%2C300 1.5x, https:\/\/i0.wp.com\/radioecoutefm.com\/wp-content\/uploads\/2025\/04\/IMG_1649.jpeg?fit=800%2C500&ssl=1&resize=700%2C400 2x"},"classes":[]},{"id":2896,"url":"https:\/\/radioecoutefm.com\/index.php\/2025\/04\/15\/nouvelle-mobilisation-citoyenne-a-port-au-prince-pour-exiger-la-securite\/","url_meta":{"origin":2017,"position":3},"title":"Nouvelle mobilisation citoyenne \u00e0 Port-au-Prince pour exiger la s\u00e9curit\u00e9","author":"Ecoute FM","date":"15.04.2025","format":false,"excerpt":"Face \u00e0 la d\u00e9gradation constante de la situation s\u00e9curitaire, les r\u00e9sidents de Canap\u00e9-Vert, Bourdon, Carrefour-Feuille et P\u00e9tion-Ville appellent \u00e0 une manifestation ce mercredi 16 avril 2025. Le point de d\u00e9part est fix\u00e9 \u00e0 Canap\u00e9-Vert, avec pour objectif principal d\u2019exiger des actions imm\u00e9diates des autorit\u00e9s pour r\u00e9tablir l\u2019ordre et la s\u00e9curit\u00e9\u2026","rel":"","context":"In &quot;SOCIETE&quot;","block_context":{"text":"SOCIETE","link":"https:\/\/radioecoutefm.com\/index.php\/category\/societe\/"},"img":{"alt_text":"","src":"https:\/\/i0.wp.com\/radioecoutefm.com\/wp-content\/uploads\/2025\/04\/IMG_1691.jpeg?fit=1080%2C720&ssl=1&resize=350%2C200","width":350,"height":200,"srcset":"https:\/\/i0.wp.com\/radioecoutefm.com\/wp-content\/uploads\/2025\/04\/IMG_1691.jpeg?fit=1080%2C720&ssl=1&resize=350%2C200 1x, https:\/\/i0.wp.com\/radioecoutefm.com\/wp-content\/uploads\/2025\/04\/IMG_1691.jpeg?fit=1080%2C720&ssl=1&resize=525%2C300 1.5x, https:\/\/i0.wp.com\/radioecoutefm.com\/wp-content\/uploads\/2025\/04\/IMG_1691.jpeg?fit=1080%2C720&ssl=1&resize=700%2C400 2x, https:\/\/i0.wp.com\/radioecoutefm.com\/wp-content\/uploads\/2025\/04\/IMG_1691.jpeg?fit=1080%2C720&ssl=1&resize=1050%2C600 3x"},"classes":[]},{"id":2237,"url":"https:\/\/radioecoutefm.com\/index.php\/2025\/04\/02\/haiti-une-maree-humaine-en-noir-contre-linsecurite\/","url_meta":{"origin":2017,"position":4},"title":"Ha\u00efti : Une mar\u00e9e humaine en noir contre l\u2019ins\u00e9curit\u00e9","author":"Ecoute FM","date":"02.04.2025","format":false,"excerpt":"Ce Mercredi 2 Avril, une foule immense v\u00eatue de noir a pris d\u2019assaut les rues de Port-au-Prince pour d\u00e9noncer la recrudescence de la violence des gangs. Les manifestants, venus de plusieurs quartiers comme Canap\u00e9-Vert, Turgeau, Carrefour-Feuilles, Debussy, Pacot, Carrefour, Delmas et d\u2019autres zones environnantes, expriment leur ras-le-bol face \u00e0 l\u2019impuissance\u2026","rel":"","context":"In &quot;INSECURITE&quot;","block_context":{"text":"INSECURITE","link":"https:\/\/radioecoutefm.com\/index.php\/category\/securite\/"},"img":{"alt_text":"","src":"https:\/\/i0.wp.com\/radioecoutefm.com\/wp-content\/uploads\/2025\/04\/manif.jpg?fit=1070%2C620&ssl=1&resize=350%2C200","width":350,"height":200,"srcset":"https:\/\/i0.wp.com\/radioecoutefm.com\/wp-content\/uploads\/2025\/04\/manif.jpg?fit=1070%2C620&ssl=1&resize=350%2C200 1x, https:\/\/i0.wp.com\/radioecoutefm.com\/wp-content\/uploads\/2025\/04\/manif.jpg?fit=1070%2C620&ssl=1&resize=525%2C300 1.5x, https:\/\/i0.wp.com\/radioecoutefm.com\/wp-content\/uploads\/2025\/04\/manif.jpg?fit=1070%2C620&ssl=1&resize=700%2C400 2x, https:\/\/i0.wp.com\/radioecoutefm.com\/wp-content\/uploads\/2025\/04\/manif.jpg?fit=1070%2C620&ssl=1&resize=1050%2C600 3x"},"classes":[]},{"id":2367,"url":"https:\/\/radioecoutefm.com\/index.php\/2025\/04\/05\/haiti-recoit-deux-cargaisons-daides-medicaux-aux-profits-des-plus-vulnerables\/","url_meta":{"origin":2017,"position":5},"title":"Ha\u00efti re\u00e7oit deux cargaisons d&#8217;aides m\u00e9dicaux aux profits des plus vuln\u00e9rables","author":"Ecoute FM","date":"05.04.2025","format":false,"excerpt":"En raison de la crise humanitaire qui secoue le pays, deux organisations internationales viennent en aide \u00e0 la population haitienne. Le programme alimentaire mondial ( PAM) a livr\u00e9, ce cette semaine, 20 tonnes d\u2019aide vitale qui contient des m\u00e9dicaments, \u00e9quipements sanitaires et abris, \u00e0 7 organisations luttant contre la crise\u2026","rel":"","context":"In &quot;SANTE&quot;","block_context":{"text":"SANTE","link":"https:\/\/radioecoutefm.com\/index.php\/category\/sante\/"},"img":{"alt_text":"","src":"https:\/\/i0.wp.com\/radioecoutefm.com\/wp-content\/uploads\/2025\/04\/Aide.jpeg?fit=810%2C1080&ssl=1&resize=350%2C200","width":350,"height":200,"srcset":"https:\/\/i0.wp.com\/radioecoutefm.com\/wp-content\/uploads\/2025\/04\/Aide.jpeg?fit=810%2C1080&ssl=1&resize=350%2C200 1x, https:\/\/i0.wp.com\/radioecoutefm.com\/wp-content\/uploads\/2025\/04\/Aide.jpeg?fit=810%2C1080&ssl=1&resize=525%2C300 1.5x, https:\/\/i0.wp.com\/radioecoutefm.com\/wp-content\/uploads\/2025\/04\/Aide.jpeg?fit=810%2C1080&ssl=1&resize=700%2C400 2x"},"classes":[]}],"authors":[{"term_id":15,"user_id":1,"is_guest":0,"slug":"borgellaattis","display_name":"Ecoute FM","avatar_url":"https:\/\/secure.gravatar.com\/avatar\/a5369629745bf29c5deb65198d5e38aed1dc2c880c04b3b630ab3f6e8c623b70?s=96&d=mm&r=g","0":null,"1":"","2":"","3":"","4":"","5":"","6":"","7":"","8":""},{"term_id":53,"user_id":5,"is_guest":0,"slug":"claude-dieuphene","display_name":"Claude DIEUPHENE","avatar_url":"https:\/\/secure.gravatar.com\/avatar\/52a9885f415a42cb79e7e24223a825cc709ae7f51b165028b5dc383e1d8c3c5f?s=96&d=mm&r=g","0":null,"1":"","2":"","3":"","4":"","5":"","6":"","7":"","8":""}],"_links":{"self":[{"href":"https:\/\/radioecoutefm.com\/index.php\/wp-json\/wp\/v2\/posts\/2017","targetHints":{"allow":["GET"]}}],"collection":[{"href":"https:\/\/radioecoutefm.com\/index.php\/wp-json\/wp\/v2\/posts"}],"about":[{"href":"https:\/\/radioecoutefm.com\/index.php\/wp-json\/wp\/v2\/types\/post"}],"author":[{"embeddable":true,"href":"https:\/\/radioecoutefm.com\/index.php\/wp-json\/wp\/v2\/users\/1"}],"replies":[{"embeddable":true,"href":"https:\/\/radioecoutefm.com\/index.php\/wp-json\/wp\/v2\/comments?post=2017"}],"version-history":[{"count":2,"href":"https:\/\/radioecoutefm.com\/index.php\/wp-json\/wp\/v2\/posts\/2017\/revisions"}],"predecessor-version":[{"id":2029,"href":"https:\/\/radioecoutefm.com\/index.php\/wp-json\/wp\/v2\/posts\/2017\/revisions\/2029"}],"wp:featuredmedia":[{"embeddable":true,"href":"https:\/\/radioecoutefm.com\/index.php\/wp-json\/wp\/v2\/media\/2018"}],"wp:attachment":[{"href":"https:\/\/radioecoutefm.com\/index.php\/wp-json\/wp\/v2\/media?parent=2017"}],"wp:term":[{"taxonomy":"category","embeddable":true,"href":"https:\/\/radioecoutefm.com\/index.php\/wp-json\/wp\/v2\/categories?post=2017"},{"taxonomy":"post_tag","embeddable":true,"href":"https:\/\/radioecoutefm.com\/index.php\/wp-json\/wp\/v2\/tags?post=2017"},{"taxonomy":"author","embeddable":true,"href":"https:\/\/radioecoutefm.com\/index.php\/wp-json\/wp\/v2\/ppma_author?post=2017"}],"curies":[{"name":"wp","href":"https:\/\/api.w.org\/{rel}","templated":true}]}}