{"id":2011,"date":"2025-03-25T18:07:30","date_gmt":"2025-03-25T18:07:30","guid":{"rendered":"https:\/\/radioecoutefm.com\/?p=2011"},"modified":"2025-03-25T18:07:30","modified_gmt":"2025-03-25T18:07:30","slug":"le-gouvernement-dominicain-intensifie-ses-efforts-pour-reduire-la-main-doeuvre-haitienne-dans-la-construction","status":"publish","type":"post","link":"https:\/\/radioecoutefm.com\/index.php\/2025\/03\/25\/le-gouvernement-dominicain-intensifie-ses-efforts-pour-reduire-la-main-doeuvre-haitienne-dans-la-construction\/","title":{"rendered":"Le gouvernement dominicain intensifie ses efforts pour r\u00e9duire la main-d&#8217;\u0153uvre ha\u00eftienne dans la construction"},"content":{"rendered":"<p>Le pr\u00e9sident Luis Abinader a annonc\u00e9 ce lundi que la R\u00e9publique dominicaine continue de prendre des mesures pour r\u00e9duire la main-d&#8217;\u0153uvre ha\u00eftienne dans le secteur de la construction. Cette initiative s&#8217;inscrit dans le cadre d&#8217;une collaboration entre le gouvernement et les entrepreneurs du secteur, visant \u00e0 am\u00e9liorer les capacit\u00e9s techniques locales tout en limitant le recours \u00e0 des travailleurs \u00e9trangers.<\/p>\n<p>Abinader a r\u00e9v\u00e9l\u00e9 que la majorit\u00e9 des \u00e9trangers employ\u00e9s \u00e0 Punta Cana ne travaillent pas dans l&#8217;industrie touristique, comme on pourrait le penser, mais dans la construction. Sa d\u00e9claration est intervenue apr\u00e8s un incident \u00e0 Uvero Alto, o\u00f9 un groupe de travailleurs ha\u00eftiens aurait exig\u00e9 un paiement pour leur travail sur un chantier, ce qui a provoqu\u00e9 des tensions.<\/p>\n<p>Le pr\u00e9sident a aussi r\u00e9pondu aux accusations concernant l&#8217;acc\u00e8s des autorit\u00e9s \u00e0 la communaut\u00e9 de Hoyo de Friusa, une zone \u00e0 majorit\u00e9 ha\u00eftienne situ\u00e9e \u00e0 B\u00e1varo. Selon lui, il n\u2019y a aucune difficult\u00e9 pour les forces de l&#8217;ordre d&#8217;entrer dans cette localit\u00e9.<\/p>\n<p>Concernant la marche organis\u00e9e par le Mouvement de l&#8217;Ancien Ordre Dominicain, qui se d\u00e9roule cette semaine, Abinader a insist\u00e9 sur la n\u00e9cessit\u00e9 qu&#8217;elle se d\u00e9roule de mani\u00e8re pacifique et ordonn\u00e9e. Enfin, en r\u00e9ponse aux critiques d&#8217;Amnesty International sur la situation des droits humains en R\u00e9publique dominicaine, le pr\u00e9sident a fermement rejet\u00e9 les accusations de racisme et de discrimination, r\u00e9affirmant que le gouvernement respectait les droits de tous ses citoyens.<\/p>\n","protected":false},"excerpt":{"rendered":"<p>Le pr\u00e9sident Luis Abinader a annonc\u00e9 ce lundi que la R\u00e9publique dominicaine continue de prendre des mesures pour r\u00e9duire la main-d&#8217;\u0153uvre ha\u00eftienne dans le secteur de la construction. Cette initiative s&#8217;inscrit dans le cadre d&#8217;une collaboration entre le gouvernement et les entrepreneurs du secteur, visant \u00e0 am\u00e9liorer les capacit\u00e9s techniques locales tout en limitant le [&hellip;]<\/p>\n","protected":false},"author":1,"featured_media":2012,"comment_status":"open","ping_status":"open","sticky":false,"template":"","format":"standard","meta":{"_uag_custom_page_level_css":"","jetpack_post_was_ever_published":false,"_jetpack_newsletter_access":"","_jetpack_dont_email_post_to_subs":false,"_jetpack_newsletter_tier_id":0,"_jetpack_memberships_contains_paywalled_content":false,"_jetpack_memberships_contains_paid_content":false,"footnotes":"","jetpack_publicize_message":"","jetpack_publicize_feature_enabled":true,"jetpack_social_post_already_shared":true,"jetpack_social_options":{"image_generator_settings":{"template":"highway","default_image_id":0,"font":"","enabled":false},"version":2}},"categories":[51],"tags":[],"ppma_author":[15],"class_list":["post-2011","post","type-post","status-publish","format-standard","has-post-thumbnail","hentry","category-societe"],"aioseo_notices":[],"jetpack_publicize_connections":[],"jetpack_featured_media_url":"https:\/\/i0.wp.com\/radioecoutefm.com\/wp-content\/uploads\/2025\/03\/haitianizacion-se-sostiene-en-los-bajos-salarios-de-rd.jpeg?fit=680%2C382&ssl=1","uagb_featured_image_src":{"full":["https:\/\/i0.wp.com\/radioecoutefm.com\/wp-content\/uploads\/2025\/03\/haitianizacion-se-sostiene-en-los-bajos-salarios-de-rd.jpeg?fit=680%2C382&ssl=1",680,382,false],"thumbnail":["https:\/\/i0.wp.com\/radioecoutefm.com\/wp-content\/uploads\/2025\/03\/haitianizacion-se-sostiene-en-los-bajos-salarios-de-rd.jpeg?resize=150%2C150&ssl=1",150,150,true],"medium":["https:\/\/i0.wp.com\/radioecoutefm.com\/wp-content\/uploads\/2025\/03\/haitianizacion-se-sostiene-en-los-bajos-salarios-de-rd.jpeg?fit=300%2C169&ssl=1",300,169,true],"medium_large":["https:\/\/i0.wp.com\/radioecoutefm.com\/wp-content\/uploads\/2025\/03\/haitianizacion-se-sostiene-en-los-bajos-salarios-de-rd.jpeg?fit=640%2C360&ssl=1",640,360,true],"large":["https:\/\/i0.wp.com\/radioecoutefm.com\/wp-content\/uploads\/2025\/03\/haitianizacion-se-sostiene-en-los-bajos-salarios-de-rd.jpeg?fit=640%2C360&ssl=1",640,360,true],"1536x1536":["https:\/\/i0.wp.com\/radioecoutefm.com\/wp-content\/uploads\/2025\/03\/haitianizacion-se-sostiene-en-los-bajos-salarios-de-rd.jpeg?fit=680%2C382&ssl=1",680,382,true],"2048x2048":["https:\/\/i0.wp.com\/radioecoutefm.com\/wp-content\/uploads\/2025\/03\/haitianizacion-se-sostiene-en-los-bajos-salarios-de-rd.jpeg?fit=680%2C382&ssl=1",680,382,true],"newsair-slider-full":["https:\/\/i0.wp.com\/radioecoutefm.com\/wp-content\/uploads\/2025\/03\/haitianizacion-se-sostiene-en-los-bajos-salarios-de-rd.jpeg?resize=680%2C382&ssl=1",680,382,true],"newsair-featured":["https:\/\/i0.wp.com\/radioecoutefm.com\/wp-content\/uploads\/2025\/03\/haitianizacion-se-sostiene-en-los-bajos-salarios-de-rd.jpeg?fit=680%2C382&ssl=1",680,382,true],"newsair-medium":["https:\/\/i0.wp.com\/radioecoutefm.com\/wp-content\/uploads\/2025\/03\/haitianizacion-se-sostiene-en-los-bajos-salarios-de-rd.jpeg?resize=680%2C380&ssl=1",680,380,true]},"uagb_author_info":{"display_name":"Ecoute FM","author_link":"https:\/\/radioecoutefm.com\/index.php\/author\/borgellaattis\/"},"uagb_comment_info":0,"uagb_excerpt":"Le pr\u00e9sident Luis Abinader a annonc\u00e9 ce lundi que la R\u00e9publique dominicaine continue de prendre des mesures pour r\u00e9duire la main-d&#8217;\u0153uvre ha\u00eftienne dans le secteur de la construction. Cette initiative s&#8217;inscrit dans le cadre d&#8217;une collaboration entre le gouvernement et les entrepreneurs du secteur, visant \u00e0 am\u00e9liorer les capacit\u00e9s techniques locales tout en limitant le&hellip;","jetpack_sharing_enabled":true,"jetpack_shortlink":"https:\/\/wp.me\/pgoyna-wr","jetpack-related-posts":[{"id":4354,"url":"https:\/\/radioecoutefm.com\/index.php\/2025\/05\/18\/crise-de-main-doeuvre-en-republique-dominicaine-acoprovi-veut-regulariser-87-000-travailleurs-haitiens\/","url_meta":{"origin":2011,"position":0},"title":"Crise de main-d\u2019\u0153uvre en R\u00e9publique Dominicaine, Acoprovi veut r\u00e9gulariser 87 000 travailleurs ha\u00eftiens","author":"Ecoute FM","date":"18.05.2025","format":false,"excerpt":"Alors que le gouvernement dominicain renforce sa politique migratoire avec 15 nouvelles mesures, incluant le rapatriement des sans-papiers, le secteur de la construction cherche \u00e0 r\u00e9gulariser plus de 87 000 travailleurs ha\u00eftiens. Ces permis de travail visent \u00e0 encadrer l\u00e9galement une main-d'\u0153uvre d\u00e9j\u00e0 largement pr\u00e9sente sur les chantiers \u00e0 travers\u2026","rel":"","context":"In &quot;MIGRATION&quot;","block_context":{"text":"MIGRATION","link":"https:\/\/radioecoutefm.com\/index.php\/category\/migration\/"},"img":{"alt_text":"","src":"https:\/\/i0.wp.com\/radioecoutefm.com\/wp-content\/uploads\/2025\/05\/construihaiti.jpeg?fit=800%2C576&ssl=1&resize=350%2C200","width":350,"height":200,"srcset":"https:\/\/i0.wp.com\/radioecoutefm.com\/wp-content\/uploads\/2025\/05\/construihaiti.jpeg?fit=800%2C576&ssl=1&resize=350%2C200 1x, https:\/\/i0.wp.com\/radioecoutefm.com\/wp-content\/uploads\/2025\/05\/construihaiti.jpeg?fit=800%2C576&ssl=1&resize=525%2C300 1.5x, https:\/\/i0.wp.com\/radioecoutefm.com\/wp-content\/uploads\/2025\/05\/construihaiti.jpeg?fit=800%2C576&ssl=1&resize=700%2C400 2x"},"classes":[]},{"id":2428,"url":"https:\/\/radioecoutefm.com\/index.php\/2025\/04\/07\/le-goles-15-mesures-fermes-de-luis-abinader-pour-renforcer-la-securite-des-frontieres-et-controler-la-migration-irreguliere-haitienne\/","url_meta":{"origin":2011,"position":1},"title":"Les 15 Mesures Fermes de Luis Abinader pour Renforcer la S\u00e9curit\u00e9 des Fronti\u00e8res et Contr\u00f4ler la Migration Irr\u00e9guli\u00e8re Ha\u00eftienne","author":"Ecoute FM","date":"07.04.2025","format":false,"excerpt":"Face \u00e0 l\u2019augmentation de la migration irr\u00e9guli\u00e8re en provenance d\u2019Ha\u00efti, le pr\u00e9sident de la R\u00e9publique dominicaine, Luis Abinader, a annonc\u00e9 un ensemble de mesures drastiques visant \u00e0 renforcer la s\u00e9curit\u00e9 des fronti\u00e8res et \u00e0 r\u00e9guler l\u2019immigration dans le pays. Ces nouvelles initiatives, qui touchent \u00e0 la fois le contr\u00f4le des\u2026","rel":"","context":"In &quot;INTERNATIONAL&quot;","block_context":{"text":"INTERNATIONAL","link":"https:\/\/radioecoutefm.com\/index.php\/category\/international\/"},"img":{"alt_text":"","src":"","width":0,"height":0},"classes":[]},{"id":4851,"url":"https:\/\/radioecoutefm.com\/index.php\/2025\/06\/04\/regularisation-des-migrants-haitiens-hipolito-mejia-appelle-a-une-approche-pragmatique-face-aux-besoins-du-marche-du-travail\/","url_meta":{"origin":2011,"position":2},"title":"R\u00e9gularisation des migrants ha\u00eftiens : Hip\u00f3lito Mej\u00eda appelle \u00e0 une approche pragmatique face aux besoins du march\u00e9 du travail","author":"Ecoute FM","date":"04.06.2025","format":false,"excerpt":"Alors que la R\u00e9publique dominicaine fait face \u00e0 une p\u00e9nurie croissante de main-d\u2019\u0153uvre dans des secteurs essentiels comme l\u2019agriculture et la construction, l\u2019ancien pr\u00e9sident Hip\u00f3lito Mej\u00eda a exprim\u00e9 son soutien \u00e0 un plan de r\u00e9gularisation des travailleurs ha\u00eftiens. Il estime que cette mesure est non seulement urgente, mais aussi n\u00e9cessaire\u2026","rel":"","context":"In &quot;INTERNATIONAL&quot;","block_context":{"text":"INTERNATIONAL","link":"https:\/\/radioecoutefm.com\/index.php\/category\/international\/"},"img":{"alt_text":"","src":"https:\/\/i0.wp.com\/radioecoutefm.com\/wp-content\/uploads\/2025\/06\/hipolitomejia.jpg?fit=608%2C406&ssl=1&resize=350%2C200","width":350,"height":200,"srcset":"https:\/\/i0.wp.com\/radioecoutefm.com\/wp-content\/uploads\/2025\/06\/hipolitomejia.jpg?fit=608%2C406&ssl=1&resize=350%2C200 1x, https:\/\/i0.wp.com\/radioecoutefm.com\/wp-content\/uploads\/2025\/06\/hipolitomejia.jpg?fit=608%2C406&ssl=1&resize=525%2C300 1.5x"},"classes":[]},{"id":4641,"url":"https:\/\/radioecoutefm.com\/index.php\/2025\/05\/29\/la-republique-dominicaine-ouvre-un-dialogue-sur-la-crise-haitienne\/","url_meta":{"origin":2011,"position":3},"title":"La R\u00e9publique dominicaine ouvre un dialogue sur la crise ha\u00eftienne","author":"Ecoute FM","date":"29.05.2025","format":false,"excerpt":"Le Conseil \u00c9conomique et Social (CES) de la R\u00e9publique dominicaine a annonc\u00e9 l\u2019ouverture officielle d\u2019un dialogue national sur la crise en Ha\u00efti, pr\u00e9vu pour mardi 3 juin \u00e0 11 heures du matin \u00e0 la Biblioth\u00e8que nationale en Republique dominicaine. Ce dialogue, initi\u00e9 \u00e0 la suite d'une r\u00e9union entre le pr\u00e9sident\u2026","rel":"","context":"In &quot;POLITIQUE&quot;","block_context":{"text":"POLITIQUE","link":"https:\/\/radioecoutefm.com\/index.php\/category\/politique\/"},"img":{"alt_text":"","src":"https:\/\/i0.wp.com\/radioecoutefm.com\/wp-content\/uploads\/2025\/05\/CES.jpeg?fit=800%2C428&ssl=1&resize=350%2C200","width":350,"height":200,"srcset":"https:\/\/i0.wp.com\/radioecoutefm.com\/wp-content\/uploads\/2025\/05\/CES.jpeg?fit=800%2C428&ssl=1&resize=350%2C200 1x, https:\/\/i0.wp.com\/radioecoutefm.com\/wp-content\/uploads\/2025\/05\/CES.jpeg?fit=800%2C428&ssl=1&resize=525%2C300 1.5x, https:\/\/i0.wp.com\/radioecoutefm.com\/wp-content\/uploads\/2025\/05\/CES.jpeg?fit=800%2C428&ssl=1&resize=700%2C400 2x"},"classes":[]},{"id":3559,"url":"https:\/\/radioecoutefm.com\/index.php\/2025\/04\/29\/crise-haitienne-reunion-en-vue-entre-luis-abinader-et-les-anciens-chefs-detat-dominicains\/","url_meta":{"origin":2011,"position":4},"title":"Crise ha\u00eftienne : R\u00e9union en vue entre Luis Abinader et les anciens chefs d\u2019\u00c9tat dominicains","author":"Ecoute FM","date":"29.04.2025","format":false,"excerpt":"Le pr\u00e9sident dominicain Luis Abinader a annonc\u00e9 vouloir convoquer les anciens pr\u00e9sidents Danilo Medina, Leonel Fern\u00e1ndez et Hip\u00f3lito Mej\u00eda \u00e0 une r\u00e9union sur la crise ha\u00eftienne, dans ce qu\u2019il qualifie de \u00ab moment historique \u00bb n\u00e9cessitant une r\u00e9ponse collective. Mais derri\u00e8re cet appel \u00e0 l\u2019unit\u00e9, certains observateurs y voient surtout\u2026","rel":"","context":"In &quot;MIGRATION&quot;","block_context":{"text":"MIGRATION","link":"https:\/\/radioecoutefm.com\/index.php\/category\/migration\/"},"img":{"alt_text":"","src":"https:\/\/i0.wp.com\/radioecoutefm.com\/wp-content\/uploads\/2025\/04\/Abinader-1.webp?fit=1000%2C667&ssl=1&resize=350%2C200","width":350,"height":200,"srcset":"https:\/\/i0.wp.com\/radioecoutefm.com\/wp-content\/uploads\/2025\/04\/Abinader-1.webp?fit=1000%2C667&ssl=1&resize=350%2C200 1x, https:\/\/i0.wp.com\/radioecoutefm.com\/wp-content\/uploads\/2025\/04\/Abinader-1.webp?fit=1000%2C667&ssl=1&resize=525%2C300 1.5x, https:\/\/i0.wp.com\/radioecoutefm.com\/wp-content\/uploads\/2025\/04\/Abinader-1.webp?fit=1000%2C667&ssl=1&resize=700%2C400 2x"},"classes":[]},{"id":3802,"url":"https:\/\/radioecoutefm.com\/index.php\/2025\/05\/04\/abinader-convoque-les-anciens-presidents-face-a-la-crise-haitienne-reunion-prevue-le-14-mai\/","url_meta":{"origin":2011,"position":5},"title":"Abinader convoque les anciens pr\u00e9sidents face \u00e0 la crise ha\u00eftienne, r\u00e9union pr\u00e9vue le 14 mai","author":"Ecoute FM","date":"04.05.2025","format":false,"excerpt":"Face \u00e0 l\u2019aggravation de la crise en Ha\u00efti, le pr\u00e9sident dominicain Luis Abinader a lanc\u00e9 un appel solennel aux anciens chefs d\u2019\u00c9tat Danilo Medina, Leonel Fern\u00e1ndez et Hip\u00f3lito Mej\u00eda. Dans des lettres officielles envoy\u00e9es cette semaine, il les convie \u00e0 une r\u00e9union le 14 mai \u00e0 13h au Palais national,\u2026","rel":"","context":"In &quot;MIGRATION&quot;","block_context":{"text":"MIGRATION","link":"https:\/\/radioecoutefm.com\/index.php\/category\/migration\/"},"img":{"alt_text":"","src":"https:\/\/i0.wp.com\/radioecoutefm.com\/wp-content\/uploads\/2025\/05\/abinader.png?fit=1200%2C630&ssl=1&resize=350%2C200","width":350,"height":200,"srcset":"https:\/\/i0.wp.com\/radioecoutefm.com\/wp-content\/uploads\/2025\/05\/abinader.png?fit=1200%2C630&ssl=1&resize=350%2C200 1x, https:\/\/i0.wp.com\/radioecoutefm.com\/wp-content\/uploads\/2025\/05\/abinader.png?fit=1200%2C630&ssl=1&resize=525%2C300 1.5x, https:\/\/i0.wp.com\/radioecoutefm.com\/wp-content\/uploads\/2025\/05\/abinader.png?fit=1200%2C630&ssl=1&resize=700%2C400 2x, https:\/\/i0.wp.com\/radioecoutefm.com\/wp-content\/uploads\/2025\/05\/abinader.png?fit=1200%2C630&ssl=1&resize=1050%2C600 3x"},"classes":[]}],"authors":[{"term_id":15,"user_id":1,"is_guest":0,"slug":"borgellaattis","display_name":"Ecoute FM","avatar_url":"https:\/\/secure.gravatar.com\/avatar\/a5369629745bf29c5deb65198d5e38aed1dc2c880c04b3b630ab3f6e8c623b70?s=96&d=mm&r=g","0":null,"1":"","2":"","3":"","4":"","5":"","6":"","7":"","8":""}],"_links":{"self":[{"href":"https:\/\/radioecoutefm.com\/index.php\/wp-json\/wp\/v2\/posts\/2011","targetHints":{"allow":["GET"]}}],"collection":[{"href":"https:\/\/radioecoutefm.com\/index.php\/wp-json\/wp\/v2\/posts"}],"about":[{"href":"https:\/\/radioecoutefm.com\/index.php\/wp-json\/wp\/v2\/types\/post"}],"author":[{"embeddable":true,"href":"https:\/\/radioecoutefm.com\/index.php\/wp-json\/wp\/v2\/users\/1"}],"replies":[{"embeddable":true,"href":"https:\/\/radioecoutefm.com\/index.php\/wp-json\/wp\/v2\/comments?post=2011"}],"version-history":[{"count":1,"href":"https:\/\/radioecoutefm.com\/index.php\/wp-json\/wp\/v2\/posts\/2011\/revisions"}],"predecessor-version":[{"id":2016,"href":"https:\/\/radioecoutefm.com\/index.php\/wp-json\/wp\/v2\/posts\/2011\/revisions\/2016"}],"wp:featuredmedia":[{"embeddable":true,"href":"https:\/\/radioecoutefm.com\/index.php\/wp-json\/wp\/v2\/media\/2012"}],"wp:attachment":[{"href":"https:\/\/radioecoutefm.com\/index.php\/wp-json\/wp\/v2\/media?parent=2011"}],"wp:term":[{"taxonomy":"category","embeddable":true,"href":"https:\/\/radioecoutefm.com\/index.php\/wp-json\/wp\/v2\/categories?post=2011"},{"taxonomy":"post_tag","embeddable":true,"href":"https:\/\/radioecoutefm.com\/index.php\/wp-json\/wp\/v2\/tags?post=2011"},{"taxonomy":"author","embeddable":true,"href":"https:\/\/radioecoutefm.com\/index.php\/wp-json\/wp\/v2\/ppma_author?post=2011"}],"curies":[{"name":"wp","href":"https:\/\/api.w.org\/{rel}","templated":true}]}}