{"id":2005,"date":"2025-03-25T17:42:33","date_gmt":"2025-03-25T17:42:33","guid":{"rendered":"https:\/\/radioecoutefm.com\/?p=2005"},"modified":"2025-03-25T17:42:33","modified_gmt":"2025-03-25T17:42:33","slug":"republique-doinicaine-luisabinader-rejette-les-critiques-damnesty-international-sur-la-politique-migratoire-haitienne","status":"publish","type":"post","link":"https:\/\/radioecoutefm.com\/index.php\/2025\/03\/25\/republique-doinicaine-luisabinader-rejette-les-critiques-damnesty-international-sur-la-politique-migratoire-haitienne\/","title":{"rendered":"Republique Doinicaine: LuisAbinader rejette les critiques d&#8217;Amnesty International sur la politique migratoire ha\u00eftienne"},"content":{"rendered":"<p>Le pr\u00e9sident dominicain, Luis Abinader, a rejet\u00e9 les critiques formul\u00e9es par Amnesty International (AI) concernant la politique migratoire de son pays \u00e0 l\u2019\u00e9gard des Ha\u00eftiens. Lors d&#8217;une conf\u00e9rence de presse, il a qualifi\u00e9 ces all\u00e9gations de \u00ab <strong>absurdes<\/strong> \u00bb et a sugg\u00e9r\u00e9 que l&#8217;organisation devrait se concentrer sur la promotion de la stabilit\u00e9 en Ha\u00efti plut\u00f4t que d\u2019accuser le gouvernement dominicain.<\/p>\n<p>Amnesty International avait d\u00e9nonc\u00e9 les expulsions massives de migrants ha\u00eftiens, les qualifiant de <strong>\u00ab cruelles et racistes \u00bb<\/strong> et appelant les autorit\u00e9s dominicaines \u00e0 prot\u00e9ger les droits des migrants et des apatrides. Malgr\u00e9 ces critiques, le gouvernement dominicain continue ses rapatriements, invoquant des pr\u00e9occupations de s\u00e9curit\u00e9 nationale. Depuis le d\u00e9but de cette politique en octobre, plus de 151 000 Ha\u00eftiens ont \u00e9t\u00e9 renvoy\u00e9s, dont pr\u00e8s de 13 000 au cours des deux premi\u00e8res semaines de mars.<\/p>\n","protected":false},"excerpt":{"rendered":"<p>Le pr\u00e9sident dominicain, Luis Abinader, a rejet\u00e9 les critiques formul\u00e9es par Amnesty International (AI) concernant la politique migratoire de son pays \u00e0 l\u2019\u00e9gard des Ha\u00eftiens. Lors d&#8217;une conf\u00e9rence de presse, il a qualifi\u00e9 ces all\u00e9gations de \u00ab absurdes \u00bb et a sugg\u00e9r\u00e9 que l&#8217;organisation devrait se concentrer sur la promotion de la stabilit\u00e9 en Ha\u00efti [&hellip;]<\/p>\n","protected":false},"author":1,"featured_media":2006,"comment_status":"open","ping_status":"open","sticky":false,"template":"","format":"standard","meta":{"_uag_custom_page_level_css":"","jetpack_post_was_ever_published":false,"_jetpack_newsletter_access":"","_jetpack_dont_email_post_to_subs":false,"_jetpack_newsletter_tier_id":0,"_jetpack_memberships_contains_paywalled_content":false,"_jetpack_memberships_contains_paid_content":false,"footnotes":"","jetpack_publicize_message":"","jetpack_publicize_feature_enabled":true,"jetpack_social_post_already_shared":true,"jetpack_social_options":{"image_generator_settings":{"template":"highway","default_image_id":0,"font":"","enabled":false},"version":2}},"categories":[46],"tags":[],"ppma_author":[15],"class_list":["post-2005","post","type-post","status-publish","format-standard","has-post-thumbnail","hentry","category-international"],"aioseo_notices":[],"jetpack_publicize_connections":[],"jetpack_featured_media_url":"https:\/\/i0.wp.com\/radioecoutefm.com\/wp-content\/uploads\/2025\/03\/Abinader.jpg?fit=480%2C270&ssl=1","uagb_featured_image_src":{"full":["https:\/\/i0.wp.com\/radioecoutefm.com\/wp-content\/uploads\/2025\/03\/Abinader.jpg?fit=480%2C270&ssl=1",480,270,false],"thumbnail":["https:\/\/i0.wp.com\/radioecoutefm.com\/wp-content\/uploads\/2025\/03\/Abinader.jpg?resize=150%2C150&ssl=1",150,150,true],"medium":["https:\/\/i0.wp.com\/radioecoutefm.com\/wp-content\/uploads\/2025\/03\/Abinader.jpg?fit=300%2C169&ssl=1",300,169,true],"medium_large":["https:\/\/i0.wp.com\/radioecoutefm.com\/wp-content\/uploads\/2025\/03\/Abinader.jpg?fit=480%2C270&ssl=1",480,270,true],"large":["https:\/\/i0.wp.com\/radioecoutefm.com\/wp-content\/uploads\/2025\/03\/Abinader.jpg?fit=480%2C270&ssl=1",480,270,true],"1536x1536":["https:\/\/i0.wp.com\/radioecoutefm.com\/wp-content\/uploads\/2025\/03\/Abinader.jpg?fit=480%2C270&ssl=1",480,270,true],"2048x2048":["https:\/\/i0.wp.com\/radioecoutefm.com\/wp-content\/uploads\/2025\/03\/Abinader.jpg?fit=480%2C270&ssl=1",480,270,true],"newsair-slider-full":["https:\/\/i0.wp.com\/radioecoutefm.com\/wp-content\/uploads\/2025\/03\/Abinader.jpg?resize=480%2C270&ssl=1",480,270,true],"newsair-featured":["https:\/\/i0.wp.com\/radioecoutefm.com\/wp-content\/uploads\/2025\/03\/Abinader.jpg?fit=480%2C270&ssl=1",480,270,true],"newsair-medium":["https:\/\/i0.wp.com\/radioecoutefm.com\/wp-content\/uploads\/2025\/03\/Abinader.jpg?resize=480%2C270&ssl=1",480,270,true]},"uagb_author_info":{"display_name":"Ecoute FM","author_link":"https:\/\/radioecoutefm.com\/index.php\/author\/borgellaattis\/"},"uagb_comment_info":0,"uagb_excerpt":"Le pr\u00e9sident dominicain, Luis Abinader, a rejet\u00e9 les critiques formul\u00e9es par Amnesty International (AI) concernant la politique migratoire de son pays \u00e0 l\u2019\u00e9gard des Ha\u00eftiens. Lors d&#8217;une conf\u00e9rence de presse, il a qualifi\u00e9 ces all\u00e9gations de \u00ab absurdes \u00bb et a sugg\u00e9r\u00e9 que l&#8217;organisation devrait se concentrer sur la promotion de la stabilit\u00e9 en Ha\u00efti&hellip;","jetpack_sharing_enabled":true,"jetpack_shortlink":"https:\/\/wp.me\/pgoyna-wl","jetpack-related-posts":[{"id":5615,"url":"https:\/\/radioecoutefm.com\/index.php\/2025\/07\/11\/tensions-entre-la-republique-dominicaine-et-amnesty-international-sur-la-crise-haitienne\/","url_meta":{"origin":2005,"position":0},"title":"Tensions entre la R\u00e9publique dominicaine et Amnesty International sur la crise ha\u00eftienne","author":"Ecoute FM","date":"11.07.2025","format":false,"excerpt":"Le pr\u00e9sident dominicain Luis Abinader a vivement critiqu\u00e9 Amnesty International ce vendredi, \u00e0 l\u2019issue d\u2019une r\u00e9union avec l\u2019ancien chef d\u2019\u00c9tat Hip\u00f3lito Mej\u00eda. Dans un ton ferme, il a rejet\u00e9 les critiques de l\u2019organisation sur la politique de d\u00e9portation des migrants ha\u00eftiens, affirmant que son gouvernement continuera de faire respecter la\u2026","rel":"","context":"In &quot;MIGRATION&quot;","block_context":{"text":"MIGRATION","link":"https:\/\/radioecoutefm.com\/index.php\/category\/migration\/"},"img":{"alt_text":"","src":"https:\/\/i0.wp.com\/radioecoutefm.com\/wp-content\/uploads\/2025\/07\/Abi.jpg?fit=1200%2C675&ssl=1&resize=350%2C200","width":350,"height":200,"srcset":"https:\/\/i0.wp.com\/radioecoutefm.com\/wp-content\/uploads\/2025\/07\/Abi.jpg?fit=1200%2C675&ssl=1&resize=350%2C200 1x, https:\/\/i0.wp.com\/radioecoutefm.com\/wp-content\/uploads\/2025\/07\/Abi.jpg?fit=1200%2C675&ssl=1&resize=525%2C300 1.5x, https:\/\/i0.wp.com\/radioecoutefm.com\/wp-content\/uploads\/2025\/07\/Abi.jpg?fit=1200%2C675&ssl=1&resize=700%2C400 2x, https:\/\/i0.wp.com\/radioecoutefm.com\/wp-content\/uploads\/2025\/07\/Abi.jpg?fit=1200%2C675&ssl=1&resize=1050%2C600 3x"},"classes":[]},{"id":2422,"url":"https:\/\/radioecoutefm.com\/index.php\/2025\/04\/07\/le-gouvernement-dominicain-renforce-la-securite-des-frontieres-avec-15-mesures-fermes-contre-la-migration-irreguliere-haitienne\/","url_meta":{"origin":2005,"position":1},"title":"Le Gouvernement Dominicain Renforce la S\u00e9curit\u00e9 des Fronti\u00e8res avec 15 Mesures Fermes Contre la Migration Irr\u00e9guli\u00e8re Ha\u00eftienne","author":"Ecoute FM","date":"07.04.2025","format":false,"excerpt":"Le gouvernement dominicain a intensifi\u00e9 ses efforts pour lutter contre la migration ha\u00eftienne irr\u00e9guli\u00e8re, dans un contexte o\u00f9 le flux de migrants ha\u00eftiens sans papiers continue de cro\u00eetre. Lors d\u2019un discours de plus de 16 minutes prononc\u00e9 hier, le pr\u00e9sident Luis Abinader a annonc\u00e9 un durcissement de sa politique migratoire,\u2026","rel":"","context":"In &quot;INTERNATIONAL&quot;","block_context":{"text":"INTERNATIONAL","link":"https:\/\/radioecoutefm.com\/index.php\/category\/international\/"},"img":{"alt_text":"","src":"","width":0,"height":0},"classes":[]},{"id":2338,"url":"https:\/\/radioecoutefm.com\/index.php\/2025\/04\/04\/republique-dominicaine-expulsion-record-des-haitiens-ces-six-derniers-mois\/","url_meta":{"origin":2005,"position":2},"title":"R\u00e9publique dominicaine: expulsion record des Ha\u00eftiens ces six derniers mois","author":"Ecoute FM","date":"04.04.2025","format":false,"excerpt":"La politique d'expulsion des Ha\u00eftiens de la R\u00e9publique dominicaine a atteint son sommet durant le dernier semestre. Selon les chiffres de la Direction G\u00e9n\u00e9rale de la Migration (DGM), entre le mois d\u2019octobre 2024 et le mois de mars 2025, la R\u00e9publique dominicaine a rapatri\u00e9 en Ha\u00efti plus de 180,000 ha\u00eftiens.\u2026","rel":"","context":"In &quot;INTERNATIONAL&quot;","block_context":{"text":"INTERNATIONAL","link":"https:\/\/radioecoutefm.com\/index.php\/category\/international\/"},"img":{"alt_text":"","src":"https:\/\/i0.wp.com\/radioecoutefm.com\/wp-content\/uploads\/2025\/04\/DP.jpg?fit=600%2C400&ssl=1&resize=350%2C200","width":350,"height":200,"srcset":"https:\/\/i0.wp.com\/radioecoutefm.com\/wp-content\/uploads\/2025\/04\/DP.jpg?fit=600%2C400&ssl=1&resize=350%2C200 1x, https:\/\/i0.wp.com\/radioecoutefm.com\/wp-content\/uploads\/2025\/04\/DP.jpg?fit=600%2C400&ssl=1&resize=525%2C300 1.5x"},"classes":[]},{"id":3487,"url":"https:\/\/radioecoutefm.com\/index.php\/2025\/04\/26\/immigration-haiti-met-en-garde-la-republique-dominicaine-sur-la-situation-de-ses-migrants\/","url_meta":{"origin":2005,"position":3},"title":"Immigration: Ha\u00efti met en garde la R\u00e9publique dominicaine sur la situation de ses migrants","author":"Ecoute FM","date":"26.04.2025","format":false,"excerpt":"Face \u00e0 la mont\u00e9e des actes de violence et de discrimination visant les ressortissants ha\u00eftiens en R\u00e9publique dominicaine, le gouvernement ha\u00eftien a convoqu\u00e9, ce vendredi 25 avril 2025, l'ambassadeur dominicain \u00e0 Port-au-Prince, Faruk Miguel Castillo. Au cours de cette rencontre officielle, au minist\u00e8re des Affaires \u00c9trang\u00e8res et des Cultes, le\u2026","rel":"","context":"In &quot;MIGRATION&quot;","block_context":{"text":"MIGRATION","link":"https:\/\/radioecoutefm.com\/index.php\/category\/migration\/"},"img":{"alt_text":"","src":"https:\/\/i0.wp.com\/radioecoutefm.com\/wp-content\/uploads\/2025\/04\/B239C043-3C67-4598-B15C-5127D69DC4C6.jpeg?fit=1200%2C903&ssl=1&resize=350%2C200","width":350,"height":200,"srcset":"https:\/\/i0.wp.com\/radioecoutefm.com\/wp-content\/uploads\/2025\/04\/B239C043-3C67-4598-B15C-5127D69DC4C6.jpeg?fit=1200%2C903&ssl=1&resize=350%2C200 1x, https:\/\/i0.wp.com\/radioecoutefm.com\/wp-content\/uploads\/2025\/04\/B239C043-3C67-4598-B15C-5127D69DC4C6.jpeg?fit=1200%2C903&ssl=1&resize=525%2C300 1.5x, https:\/\/i0.wp.com\/radioecoutefm.com\/wp-content\/uploads\/2025\/04\/B239C043-3C67-4598-B15C-5127D69DC4C6.jpeg?fit=1200%2C903&ssl=1&resize=700%2C400 2x, https:\/\/i0.wp.com\/radioecoutefm.com\/wp-content\/uploads\/2025\/04\/B239C043-3C67-4598-B15C-5127D69DC4C6.jpeg?fit=1200%2C903&ssl=1&resize=1050%2C600 3x"},"classes":[]},{"id":3467,"url":"https:\/\/radioecoutefm.com\/index.php\/2025\/04\/25\/migration-haitienne-en-republique-dominicaine-entre-securite-dominicaine-et-discrimination\/","url_meta":{"origin":2005,"position":4},"title":"Migration Ha\u00eftienne en Republique Dominicaine: Entre s\u00e9curit\u00e9 dominicaine et discrimination","author":"Ecoute FM","date":"25.04.2025","format":false,"excerpt":"La R\u00e9publique dominicaine a r\u00e9pondu fermement au Conseil pr\u00e9sidentiel de transition d\u2019Ha\u00efti, r\u00e9affirmant son droit souverain \u00e0 prot\u00e9ger son int\u00e9grit\u00e9 territoriale face \u00e0 la crise migratoire ha\u00eftienne. Par la voix de son minist\u00e8re des Affaires \u00e9trang\u00e8res, le gouvernement dominicain a soulign\u00e9 que, bien qu\u2019il reste ouvert au dialogue et \u00e0\u2026","rel":"","context":"In &quot;MIGRATION&quot;","block_context":{"text":"MIGRATION","link":"https:\/\/radioecoutefm.com\/index.php\/category\/migration\/"},"img":{"alt_text":"","src":"https:\/\/i0.wp.com\/radioecoutefm.com\/wp-content\/uploads\/2025\/04\/migration.jpg?fit=1200%2C675&ssl=1&resize=350%2C200","width":350,"height":200,"srcset":"https:\/\/i0.wp.com\/radioecoutefm.com\/wp-content\/uploads\/2025\/04\/migration.jpg?fit=1200%2C675&ssl=1&resize=350%2C200 1x, https:\/\/i0.wp.com\/radioecoutefm.com\/wp-content\/uploads\/2025\/04\/migration.jpg?fit=1200%2C675&ssl=1&resize=525%2C300 1.5x, https:\/\/i0.wp.com\/radioecoutefm.com\/wp-content\/uploads\/2025\/04\/migration.jpg?fit=1200%2C675&ssl=1&resize=700%2C400 2x, https:\/\/i0.wp.com\/radioecoutefm.com\/wp-content\/uploads\/2025\/04\/migration.jpg?fit=1200%2C675&ssl=1&resize=1050%2C600 3x"},"classes":[]},{"id":3518,"url":"https:\/\/radioecoutefm.com\/index.php\/2025\/04\/28\/migration-la-republique-dominicaine-renforce-un-systeme-de-plus-en-plus-raciste-contre-les-haitiens\/","url_meta":{"origin":2005,"position":5},"title":"Migration: La R\u00e9publique dominicaine renforce un syst\u00e8me de plus en plus raciste contre les Haitiens","author":"Ecoute FM","date":"28.04.2025","format":false,"excerpt":"La R\u00e9publique dominicaine poursuit une politique de plus en plus dure envers les migrants ha\u00eftiens, sous couvert de \u00ab contr\u00f4le migratoire \u00bb. Lundi, le pr\u00e9sident Luis Abinader a remis 50 camions et 8 bus \u00e0 la Direction G\u00e9n\u00e9rale de la Migration (DGM), portant \u00e0 118 le nombre total de v\u00e9hicules\u2026","rel":"","context":"In &quot;MIGRATION&quot;","block_context":{"text":"MIGRATION","link":"https:\/\/radioecoutefm.com\/index.php\/category\/migration\/"},"img":{"alt_text":"","src":"https:\/\/i0.wp.com\/radioecoutefm.com\/wp-content\/uploads\/2025\/04\/truck.jpeg?fit=800%2C533&ssl=1&resize=350%2C200","width":350,"height":200,"srcset":"https:\/\/i0.wp.com\/radioecoutefm.com\/wp-content\/uploads\/2025\/04\/truck.jpeg?fit=800%2C533&ssl=1&resize=350%2C200 1x, https:\/\/i0.wp.com\/radioecoutefm.com\/wp-content\/uploads\/2025\/04\/truck.jpeg?fit=800%2C533&ssl=1&resize=525%2C300 1.5x, https:\/\/i0.wp.com\/radioecoutefm.com\/wp-content\/uploads\/2025\/04\/truck.jpeg?fit=800%2C533&ssl=1&resize=700%2C400 2x"},"classes":[]}],"authors":[{"term_id":15,"user_id":1,"is_guest":0,"slug":"borgellaattis","display_name":"Ecoute FM","avatar_url":"https:\/\/secure.gravatar.com\/avatar\/a5369629745bf29c5deb65198d5e38aed1dc2c880c04b3b630ab3f6e8c623b70?s=96&d=mm&r=g","0":null,"1":"","2":"","3":"","4":"","5":"","6":"","7":"","8":""}],"_links":{"self":[{"href":"https:\/\/radioecoutefm.com\/index.php\/wp-json\/wp\/v2\/posts\/2005","targetHints":{"allow":["GET"]}}],"collection":[{"href":"https:\/\/radioecoutefm.com\/index.php\/wp-json\/wp\/v2\/posts"}],"about":[{"href":"https:\/\/radioecoutefm.com\/index.php\/wp-json\/wp\/v2\/types\/post"}],"author":[{"embeddable":true,"href":"https:\/\/radioecoutefm.com\/index.php\/wp-json\/wp\/v2\/users\/1"}],"replies":[{"embeddable":true,"href":"https:\/\/radioecoutefm.com\/index.php\/wp-json\/wp\/v2\/comments?post=2005"}],"version-history":[{"count":1,"href":"https:\/\/radioecoutefm.com\/index.php\/wp-json\/wp\/v2\/posts\/2005\/revisions"}],"predecessor-version":[{"id":2010,"href":"https:\/\/radioecoutefm.com\/index.php\/wp-json\/wp\/v2\/posts\/2005\/revisions\/2010"}],"wp:featuredmedia":[{"embeddable":true,"href":"https:\/\/radioecoutefm.com\/index.php\/wp-json\/wp\/v2\/media\/2006"}],"wp:attachment":[{"href":"https:\/\/radioecoutefm.com\/index.php\/wp-json\/wp\/v2\/media?parent=2005"}],"wp:term":[{"taxonomy":"category","embeddable":true,"href":"https:\/\/radioecoutefm.com\/index.php\/wp-json\/wp\/v2\/categories?post=2005"},{"taxonomy":"post_tag","embeddable":true,"href":"https:\/\/radioecoutefm.com\/index.php\/wp-json\/wp\/v2\/tags?post=2005"},{"taxonomy":"author","embeddable":true,"href":"https:\/\/radioecoutefm.com\/index.php\/wp-json\/wp\/v2\/ppma_author?post=2005"}],"curies":[{"name":"wp","href":"https:\/\/api.w.org\/{rel}","templated":true}]}}