{"id":1967,"date":"2025-03-24T16:35:17","date_gmt":"2025-03-24T16:35:17","guid":{"rendered":"https:\/\/radioecoutefm.com\/?p=1967"},"modified":"2025-03-24T16:35:17","modified_gmt":"2025-03-24T16:35:17","slug":"attaque-armee-a-delmas-19","status":"publish","type":"post","link":"https:\/\/radioecoutefm.com\/index.php\/2025\/03\/24\/attaque-armee-a-delmas-19\/","title":{"rendered":"Attaque Arm\u00e9e a Delmas 19"},"content":{"rendered":"<p>T\u00f4t dans la matinee du lundi 24 Mars 2025, Delmas 19 a \u00e9t\u00e9 le th\u00e9\u00e2tre de nouvelles attaques sanglantes. Des individus arm\u00e9s non identifi\u00e9s ont attaqu\u00e9 les voitures qui franchissent les routes de Bas-Delmas comme Delmas 29, Delmas 19.<\/p>\n<p>Au moins un mort et plus d\u2019une vingtaine de bless\u00e9s ont \u00e9t\u00e9 recens\u00e9s durant cette attaque.<\/p>\n<p>Depuis plusieurs semaines, les violences des gangs arm\u00e9s se sont intensifi\u00e9es dans la zone m\u00e9tropolitaine de la capitale, Port-au-Prince, notamment dans plusieurs quartiers, comme Carrefour Feuilles, l\u2019avenue Christophe, les rues Chavannes, Capois, Delmas 19, Delmas 30, Christ Roi, o\u00f9 plusieurs maisons et entreprises commerciales ont \u00e9t\u00e9 pill\u00e9es puis incendi\u00e9es.<\/p>\n<p>En l\u2019espace d\u2019un mois, plus de 60 mille personnes ont fui les violences des gangs arm\u00e9s \u00e0 Port-au-Prince. Ce qui constitue un nouveau record dans la crise humanitaire, qui s\u2019aggrave en Ha\u00efti, a soulign\u00e9 l\u2019Organisation internationale pour les migrations (Oim).<\/p>\n<p>Les autorites restent impuissant face a l&#8217;essor des gangs de la coalition de &#8221; Viv Ansanm&#8221;<\/p>\n","protected":false},"excerpt":{"rendered":"<p>T\u00f4t dans la matinee du lundi 24 Mars 2025, Delmas 19 a \u00e9t\u00e9 le th\u00e9\u00e2tre de nouvelles attaques sanglantes. Des individus arm\u00e9s non identifi\u00e9s ont attaqu\u00e9 les voitures qui franchissent les routes de Bas-Delmas comme Delmas 29, Delmas 19. Au moins un mort et plus d\u2019une vingtaine de bless\u00e9s ont \u00e9t\u00e9 recens\u00e9s durant cette attaque. [&hellip;]<\/p>\n","protected":false},"author":5,"featured_media":1961,"comment_status":"open","ping_status":"open","sticky":false,"template":"","format":"standard","meta":{"_uag_custom_page_level_css":"","jetpack_post_was_ever_published":false,"_jetpack_newsletter_access":"","_jetpack_dont_email_post_to_subs":false,"_jetpack_newsletter_tier_id":0,"_jetpack_memberships_contains_paywalled_content":false,"_jetpack_memberships_contains_paid_content":false,"footnotes":"","jetpack_publicize_message":"","jetpack_publicize_feature_enabled":true,"jetpack_social_post_already_shared":true,"jetpack_social_options":{"image_generator_settings":{"template":"highway","default_image_id":0,"font":"","enabled":false},"version":2}},"categories":[57],"tags":[],"ppma_author":[53],"class_list":["post-1967","post","type-post","status-publish","format-standard","has-post-thumbnail","hentry","category-securite"],"aioseo_notices":[],"jetpack_publicize_connections":[],"jetpack_featured_media_url":"https:\/\/i0.wp.com\/radioecoutefm.com\/wp-content\/uploads\/2025\/03\/IMG_1467.jpeg?fit=962%2C632&ssl=1","uagb_featured_image_src":{"full":["https:\/\/i0.wp.com\/radioecoutefm.com\/wp-content\/uploads\/2025\/03\/IMG_1467.jpeg?fit=962%2C632&ssl=1",962,632,false],"thumbnail":["https:\/\/i0.wp.com\/radioecoutefm.com\/wp-content\/uploads\/2025\/03\/IMG_1467.jpeg?resize=150%2C150&ssl=1",150,150,true],"medium":["https:\/\/i0.wp.com\/radioecoutefm.com\/wp-content\/uploads\/2025\/03\/IMG_1467.jpeg?fit=300%2C197&ssl=1",300,197,true],"medium_large":["https:\/\/i0.wp.com\/radioecoutefm.com\/wp-content\/uploads\/2025\/03\/IMG_1467.jpeg?fit=640%2C421&ssl=1",640,421,true],"large":["https:\/\/i0.wp.com\/radioecoutefm.com\/wp-content\/uploads\/2025\/03\/IMG_1467.jpeg?fit=640%2C420&ssl=1",640,420,true],"1536x1536":["https:\/\/i0.wp.com\/radioecoutefm.com\/wp-content\/uploads\/2025\/03\/IMG_1467.jpeg?fit=962%2C632&ssl=1",962,632,true],"2048x2048":["https:\/\/i0.wp.com\/radioecoutefm.com\/wp-content\/uploads\/2025\/03\/IMG_1467.jpeg?fit=962%2C632&ssl=1",962,632,true],"newsair-slider-full":["https:\/\/i0.wp.com\/radioecoutefm.com\/wp-content\/uploads\/2025\/03\/IMG_1467.jpeg?resize=962%2C632&ssl=1",962,632,true],"newsair-featured":["https:\/\/i0.wp.com\/radioecoutefm.com\/wp-content\/uploads\/2025\/03\/IMG_1467.jpeg?fit=962%2C632&ssl=1",962,632,true],"newsair-medium":["https:\/\/i0.wp.com\/radioecoutefm.com\/wp-content\/uploads\/2025\/03\/IMG_1467.jpeg?resize=720%2C380&ssl=1",720,380,true]},"uagb_author_info":{"display_name":"Claude DIEUPHENE","author_link":"https:\/\/radioecoutefm.com\/index.php\/author\/claude-dieuphene\/"},"uagb_comment_info":0,"uagb_excerpt":"T\u00f4t dans la matinee du lundi 24 Mars 2025, Delmas 19 a \u00e9t\u00e9 le th\u00e9\u00e2tre de nouvelles attaques sanglantes. Des individus arm\u00e9s non identifi\u00e9s ont attaqu\u00e9 les voitures qui franchissent les routes de Bas-Delmas comme Delmas 29, Delmas 19. Au moins un mort et plus d\u2019une vingtaine de bless\u00e9s ont \u00e9t\u00e9 recens\u00e9s durant cette attaque.&hellip;","jetpack_sharing_enabled":true,"jetpack_shortlink":"https:\/\/wp.me\/pgoyna-vJ","jetpack-related-posts":[{"id":1170,"url":"https:\/\/radioecoutefm.com\/index.php\/2025\/03\/04\/des-bureaux-de-lona-a-delmas-17-incendies-par-les-gangs-armes\/","url_meta":{"origin":1967,"position":0},"title":"Des bureaux de l&#8217;ONA \u00e0 Delmas 17 incendi\u00e9s par les gangs arm\u00e9s","author":"Claude DIEUPHENE","date":"04.03.2025","format":false,"excerpt":"Des bandits de la coalition criminelle \"Viv Ansanm\" ont incendi\u00e9, dans la nuit du samedi 1er mars 2025, plusieurs bureaux de l'Office National d'Assurance-Vieillesse (ONA) \u00e0 Delmas 17. Le directeur adjoint de cette institution, Jhonson Absolu, a indiqu\u00e9 que plusieurs documents importants ont \u00e9t\u00e9 compl\u00e8tement d\u00e9truits dans les flammes. Il\u2026","rel":"","context":"In &quot;INSECURITE&quot;","block_context":{"text":"INSECURITE","link":"https:\/\/radioecoutefm.com\/index.php\/category\/securite\/"},"img":{"alt_text":"","src":"https:\/\/i0.wp.com\/radioecoutefm.com\/wp-content\/uploads\/2025\/03\/WhatsApp-Image-2025-03-03-at-17.07.41.jpeg?fit=1080%2C570&ssl=1&resize=350%2C200","width":350,"height":200,"srcset":"https:\/\/i0.wp.com\/radioecoutefm.com\/wp-content\/uploads\/2025\/03\/WhatsApp-Image-2025-03-03-at-17.07.41.jpeg?fit=1080%2C570&ssl=1&resize=350%2C200 1x, https:\/\/i0.wp.com\/radioecoutefm.com\/wp-content\/uploads\/2025\/03\/WhatsApp-Image-2025-03-03-at-17.07.41.jpeg?fit=1080%2C570&ssl=1&resize=525%2C300 1.5x, https:\/\/i0.wp.com\/radioecoutefm.com\/wp-content\/uploads\/2025\/03\/WhatsApp-Image-2025-03-03-at-17.07.41.jpeg?fit=1080%2C570&ssl=1&resize=700%2C400 2x, https:\/\/i0.wp.com\/radioecoutefm.com\/wp-content\/uploads\/2025\/03\/WhatsApp-Image-2025-03-03-at-17.07.41.jpeg?fit=1080%2C570&ssl=1&resize=1050%2C600 3x"},"classes":[]},{"id":1809,"url":"https:\/\/radioecoutefm.com\/index.php\/2025\/03\/19\/60-000-deplaces-a-port-au-prince-a-cause-des-violences-selon-loim\/","url_meta":{"origin":1967,"position":1},"title":"60 000 d\u00e9plac\u00e9s \u00e0 Port-au-Prince \u00e0 cause des violences, selon l&#8217;OIM","author":"Ecoute FM","date":"19.03.2025","format":false,"excerpt":"Selon un rapport publi\u00e9 par l'OIM le mardi 18 mars 2025, les violences des gangs ont contraint pr\u00e8s de 60 000 personnes \u00e0 fuir leurs maisons en seulement un mois. Les gangs ont intensifi\u00e9 leurs violences et ont attaqu\u00e9 plusieurs quartiers de la capitale, dont Delmas 30, 19, Tabarre 27,\u2026","rel":"","context":"In &quot;INSECURITE&quot;","block_context":{"text":"INSECURITE","link":"https:\/\/radioecoutefm.com\/index.php\/category\/securite\/"},"img":{"alt_text":"","src":"https:\/\/i0.wp.com\/radioecoutefm.com\/wp-content\/uploads\/2025\/03\/WhatsApp-Image-2025-03-19-at-10.04.24.jpeg?fit=1200%2C675&ssl=1&resize=350%2C200","width":350,"height":200,"srcset":"https:\/\/i0.wp.com\/radioecoutefm.com\/wp-content\/uploads\/2025\/03\/WhatsApp-Image-2025-03-19-at-10.04.24.jpeg?fit=1200%2C675&ssl=1&resize=350%2C200 1x, https:\/\/i0.wp.com\/radioecoutefm.com\/wp-content\/uploads\/2025\/03\/WhatsApp-Image-2025-03-19-at-10.04.24.jpeg?fit=1200%2C675&ssl=1&resize=525%2C300 1.5x, https:\/\/i0.wp.com\/radioecoutefm.com\/wp-content\/uploads\/2025\/03\/WhatsApp-Image-2025-03-19-at-10.04.24.jpeg?fit=1200%2C675&ssl=1&resize=700%2C400 2x, https:\/\/i0.wp.com\/radioecoutefm.com\/wp-content\/uploads\/2025\/03\/WhatsApp-Image-2025-03-19-at-10.04.24.jpeg?fit=1200%2C675&ssl=1&resize=1050%2C600 3x"},"classes":[]},{"id":1404,"url":"https:\/\/radioecoutefm.com\/index.php\/2025\/03\/07\/1404\/","url_meta":{"origin":1967,"position":2},"title":"Port-au-Prince secou\u00e9e par plusieurs explosions de drones","author":"Ecoute FM","date":"07.03.2025","format":false,"excerpt":"La capitale ha\u00eftienne a \u00e9t\u00e9 le th\u00e9\u00e2tre d\u2019une s\u00e9rie d\u2019explosions ce vendredi 7 mars 2025, lorsqu\u2019au moins trois drones se sont \u00e9cras\u00e9s dans diff\u00e9rents quartiers de la ville. Les impacts ont \u00e9t\u00e9 signal\u00e9s \u00e0 Delmas, Wharf J\u00e9r\u00e9mie et dans d\u2019autres zones sous le contr\u00f4le de gangs arm\u00e9s. Des attaques de\u2026","rel":"","context":"In &quot;INSECURITE&quot;","block_context":{"text":"INSECURITE","link":"https:\/\/radioecoutefm.com\/index.php\/category\/securite\/"},"img":{"alt_text":"","src":"https:\/\/i0.wp.com\/radioecoutefm.com\/wp-content\/uploads\/2025\/03\/IMG_1311.jpeg?fit=1116%2C669&ssl=1&resize=350%2C200","width":350,"height":200,"srcset":"https:\/\/i0.wp.com\/radioecoutefm.com\/wp-content\/uploads\/2025\/03\/IMG_1311.jpeg?fit=1116%2C669&ssl=1&resize=350%2C200 1x, https:\/\/i0.wp.com\/radioecoutefm.com\/wp-content\/uploads\/2025\/03\/IMG_1311.jpeg?fit=1116%2C669&ssl=1&resize=525%2C300 1.5x, https:\/\/i0.wp.com\/radioecoutefm.com\/wp-content\/uploads\/2025\/03\/IMG_1311.jpeg?fit=1116%2C669&ssl=1&resize=700%2C400 2x, https:\/\/i0.wp.com\/radioecoutefm.com\/wp-content\/uploads\/2025\/03\/IMG_1311.jpeg?fit=1116%2C669&ssl=1&resize=1050%2C600 3x"},"classes":[]},{"id":2964,"url":"https:\/\/radioecoutefm.com\/index.php\/2025\/04\/16\/haiti-delmas-32-acces-bloque-vers-christ-roi\/","url_meta":{"origin":1967,"position":3},"title":"Haiti:  Delmas 32 acc\u00e8s bloqu\u00e9 vers Christ-Roi","author":"Ecoute FM","date":"16.04.2025","format":false,"excerpt":"Port-au-Prince, mercredi 16 avril 2025 \u2014 La tension est mont\u00e9e d\u2019un cran \u00e0 Delmas 32, o\u00f9 plusieurs barricades ont \u00e9t\u00e9 \u00e9rig\u00e9es, bloquant totalement l\u2019acc\u00e8s vers le quartier Christ-Roi en voiture comme en moto. Ce mercredi qualifi\u00e9 de \u201cmercredi noir\u201d par certains riverains, laisse place \u00e0 des rues quasi d\u00e9sertes o\u00f9\u2026","rel":"","context":"In &quot;INSECURITE&quot;","block_context":{"text":"INSECURITE","link":"https:\/\/radioecoutefm.com\/index.php\/category\/securite\/"},"img":{"alt_text":"","src":"https:\/\/i0.wp.com\/radioecoutefm.com\/wp-content\/uploads\/2025\/04\/IMG_1707.jpeg?fit=974%2C961&ssl=1&resize=350%2C200","width":350,"height":200,"srcset":"https:\/\/i0.wp.com\/radioecoutefm.com\/wp-content\/uploads\/2025\/04\/IMG_1707.jpeg?fit=974%2C961&ssl=1&resize=350%2C200 1x, https:\/\/i0.wp.com\/radioecoutefm.com\/wp-content\/uploads\/2025\/04\/IMG_1707.jpeg?fit=974%2C961&ssl=1&resize=525%2C300 1.5x, https:\/\/i0.wp.com\/radioecoutefm.com\/wp-content\/uploads\/2025\/04\/IMG_1707.jpeg?fit=974%2C961&ssl=1&resize=700%2C400 2x"},"classes":[]},{"id":1081,"url":"https:\/\/radioecoutefm.com\/index.php\/2025\/03\/02\/operation-policiere-a-delmas-6-plusieurs-bandits-neutralises\/","url_meta":{"origin":1967,"position":4},"title":"Op\u00e9ration polici\u00e8re \u00e0 Delmas 6 : plusieurs bandits neutralis\u00e9s","author":"Ecoute FM","date":"02.03.2025","format":false,"excerpt":"Jimmy Ch\u00e9risier, alias \"Barbecue\", pr\u00e9sident et porte-parole de la coalition de groupes criminels surnomm\u00e9e \"Viv Ansanm\", a \u00e9chapp\u00e9 \u00e0 une op\u00e9ration de police dans le bas de Delmas, le samedi 1er mars 2025. Selon les informations, plusieurs bandits ont \u00e9t\u00e9 arr\u00eat\u00e9s lors de cette op\u00e9ration visant \u00e0 d\u00e9loger les malfrats\u2026","rel":"","context":"In &quot;POLITIQUE&quot;","block_context":{"text":"POLITIQUE","link":"https:\/\/radioecoutefm.com\/index.php\/category\/politique\/"},"img":{"alt_text":"","src":"https:\/\/i0.wp.com\/radioecoutefm.com\/wp-content\/uploads\/2025\/03\/80539609-1788-47CE-8F17-346216EC9031.jpeg?fit=750%2C480&ssl=1&resize=350%2C200","width":350,"height":200,"srcset":"https:\/\/i0.wp.com\/radioecoutefm.com\/wp-content\/uploads\/2025\/03\/80539609-1788-47CE-8F17-346216EC9031.jpeg?fit=750%2C480&ssl=1&resize=350%2C200 1x, https:\/\/i0.wp.com\/radioecoutefm.com\/wp-content\/uploads\/2025\/03\/80539609-1788-47CE-8F17-346216EC9031.jpeg?fit=750%2C480&ssl=1&resize=525%2C300 1.5x, https:\/\/i0.wp.com\/radioecoutefm.com\/wp-content\/uploads\/2025\/03\/80539609-1788-47CE-8F17-346216EC9031.jpeg?fit=750%2C480&ssl=1&resize=700%2C400 2x"},"classes":[]},{"id":5039,"url":"https:\/\/radioecoutefm.com\/index.php\/2025\/06\/11\/haiti-deux-jeunes-tues-par-balles-alors-quils-nettoyaient-leur-quartier\/","url_meta":{"origin":1967,"position":5},"title":"Ha\u00efti : deux jeunes tu\u00e9s par balles alors qu\u2019ils nettoyaient leur quartier","author":"Ecoute FM","date":"11.06.2025","format":false,"excerpt":"Deux jeunes hommes ont perdu la vie ce mardi 10 juin dans des circonstances tragiques alors qu\u2019ils prenaient part \u00e0 une activit\u00e9 communautaire de nettoyage entre Delmas 30 et Solino, \u00e0 Port-au-Prince. Selon plusieurs t\u00e9moins, ils auraient \u00e9t\u00e9 attaqu\u00e9s par des individus lourdement arm\u00e9s issus du groupe criminel \u201cViv Ansanm\u201d,\u2026","rel":"","context":"In &quot;INSECURITE&quot;","block_context":{"text":"INSECURITE","link":"https:\/\/radioecoutefm.com\/index.php\/category\/securite\/"},"img":{"alt_text":"","src":"https:\/\/i0.wp.com\/radioecoutefm.com\/wp-content\/uploads\/2025\/05\/IMG_1990.jpeg?fit=648%2C415&ssl=1&resize=350%2C200","width":350,"height":200,"srcset":"https:\/\/i0.wp.com\/radioecoutefm.com\/wp-content\/uploads\/2025\/05\/IMG_1990.jpeg?fit=648%2C415&ssl=1&resize=350%2C200 1x, https:\/\/i0.wp.com\/radioecoutefm.com\/wp-content\/uploads\/2025\/05\/IMG_1990.jpeg?fit=648%2C415&ssl=1&resize=525%2C300 1.5x"},"classes":[]}],"authors":[{"term_id":53,"user_id":5,"is_guest":0,"slug":"claude-dieuphene","display_name":"Claude DIEUPHENE","avatar_url":"https:\/\/secure.gravatar.com\/avatar\/52a9885f415a42cb79e7e24223a825cc709ae7f51b165028b5dc383e1d8c3c5f?s=96&d=mm&r=g","0":null,"1":"","2":"","3":"","4":"","5":"","6":"","7":"","8":""}],"_links":{"self":[{"href":"https:\/\/radioecoutefm.com\/index.php\/wp-json\/wp\/v2\/posts\/1967","targetHints":{"allow":["GET"]}}],"collection":[{"href":"https:\/\/radioecoutefm.com\/index.php\/wp-json\/wp\/v2\/posts"}],"about":[{"href":"https:\/\/radioecoutefm.com\/index.php\/wp-json\/wp\/v2\/types\/post"}],"author":[{"embeddable":true,"href":"https:\/\/radioecoutefm.com\/index.php\/wp-json\/wp\/v2\/users\/5"}],"replies":[{"embeddable":true,"href":"https:\/\/radioecoutefm.com\/index.php\/wp-json\/wp\/v2\/comments?post=1967"}],"version-history":[{"count":1,"href":"https:\/\/radioecoutefm.com\/index.php\/wp-json\/wp\/v2\/posts\/1967\/revisions"}],"predecessor-version":[{"id":1971,"href":"https:\/\/radioecoutefm.com\/index.php\/wp-json\/wp\/v2\/posts\/1967\/revisions\/1971"}],"wp:featuredmedia":[{"embeddable":true,"href":"https:\/\/radioecoutefm.com\/index.php\/wp-json\/wp\/v2\/media\/1961"}],"wp:attachment":[{"href":"https:\/\/radioecoutefm.com\/index.php\/wp-json\/wp\/v2\/media?parent=1967"}],"wp:term":[{"taxonomy":"category","embeddable":true,"href":"https:\/\/radioecoutefm.com\/index.php\/wp-json\/wp\/v2\/categories?post=1967"},{"taxonomy":"post_tag","embeddable":true,"href":"https:\/\/radioecoutefm.com\/index.php\/wp-json\/wp\/v2\/tags?post=1967"},{"taxonomy":"author","embeddable":true,"href":"https:\/\/radioecoutefm.com\/index.php\/wp-json\/wp\/v2\/ppma_author?post=1967"}],"curies":[{"name":"wp","href":"https:\/\/api.w.org\/{rel}","templated":true}]}}