{"id":1935,"date":"2025-03-22T22:42:37","date_gmt":"2025-03-22T22:42:37","guid":{"rendered":"https:\/\/radioecoutefm.com\/?p=1935"},"modified":"2025-03-22T22:43:15","modified_gmt":"2025-03-22T22:43:15","slug":"le-pape-francois-rentre-au-vatican-apres-cinq-semaines-dhospitalisation","status":"publish","type":"post","link":"https:\/\/radioecoutefm.com\/index.php\/2025\/03\/22\/le-pape-francois-rentre-au-vatican-apres-cinq-semaines-dhospitalisation\/","title":{"rendered":"Le Pape Fran\u00e7ois rentre au Vatican apr\u00e8s cinq semaines d&#8217;hospitalisation"},"content":{"rendered":"<p>Apr\u00e8s cinq semaines d\u2019hospitalisation, le Pape Fran\u00e7ois rentrera au Vatican dimanche 23 mars, \u00e0 l&#8217;issue de l\u2019Ang\u00e9lus. L\u2019annonce a \u00e9t\u00e9 faite samedi en fin d\u2019apr\u00e8s-midi lors d\u2019une conf\u00e9rence de presse des m\u00e9decins de l\u2019h\u00f4pital romain o\u00f9 il a \u00e9t\u00e9 soign\u00e9. Le Saint-P\u00e8re devrait saluer les fid\u00e8les \u00e0 l\u2019heure de l\u2019Ang\u00e9lus avant de regagner le Vatican. Ce retour marque une \u00e9tape importante dans son r\u00e9tablissement, apr\u00e8s une p\u00e9riode d\u2019hospitalisation suite \u00e0 un probl\u00e8me de sant\u00e9.<\/p>\n<p>Malgr\u00e9 son retour au Vatican, le Pape Fran\u00e7ois devra encore observer une \u00ab longue convalescence \u00bb d\u2019au moins deux mois. Le professeur Sergio Alfieri, qui dirige l\u2019\u00e9quipe m\u00e9dicale, a pr\u00e9cis\u00e9 que cette p\u00e9riode de repos \u00e9tait essentielle pour permettre au Saint-P\u00e8re de retrouver une pleine sant\u00e9. Pendant cette convalescence, Fran\u00e7ois poursuivra une reprise progressive de ses activit\u00e9s, tout en respectant les recommandations m\u00e9dicales.<\/p>\n<p>Les m\u00e9decins ont assur\u00e9 que le Pape, bien qu\u2019il soit de retour au Vatican, continuera \u00e0 suivre un programme m\u00e9dical strict et sera limit\u00e9 dans ses d\u00e9placements et ses engagements publics. Ce retour, tout en \u00e9tant un soulagement pour les fid\u00e8les et la communaut\u00e9 catholique, souligne l&#8217;importance d&#8217;une gu\u00e9rison compl\u00e8te avant la reprise de ses fonctions \u00e0 plein r\u00e9gime.<\/p>\n","protected":false},"excerpt":{"rendered":"<p>Apr\u00e8s cinq semaines d\u2019hospitalisation, le Pape Fran\u00e7ois rentrera au Vatican dimanche 23 mars, \u00e0 l&#8217;issue de l\u2019Ang\u00e9lus. L\u2019annonce a \u00e9t\u00e9 faite samedi en fin d\u2019apr\u00e8s-midi lors d\u2019une conf\u00e9rence de presse des m\u00e9decins de l\u2019h\u00f4pital romain o\u00f9 il a \u00e9t\u00e9 soign\u00e9. Le Saint-P\u00e8re devrait saluer les fid\u00e8les \u00e0 l\u2019heure de l\u2019Ang\u00e9lus avant de regagner le Vatican. [&hellip;]<\/p>\n","protected":false},"author":1,"featured_media":1936,"comment_status":"open","ping_status":"open","sticky":false,"template":"","format":"standard","meta":{"_uag_custom_page_level_css":"","jetpack_post_was_ever_published":false,"_jetpack_newsletter_access":"","_jetpack_dont_email_post_to_subs":false,"_jetpack_newsletter_tier_id":0,"_jetpack_memberships_contains_paywalled_content":false,"_jetpack_memberships_contains_paid_content":false,"footnotes":"","jetpack_publicize_message":"","jetpack_publicize_feature_enabled":true,"jetpack_social_post_already_shared":true,"jetpack_social_options":{"image_generator_settings":{"template":"highway","default_image_id":0,"font":"","enabled":false},"version":2}},"categories":[46],"tags":[],"ppma_author":[15],"class_list":["post-1935","post","type-post","status-publish","format-standard","has-post-thumbnail","hentry","category-international"],"aioseo_notices":[],"jetpack_publicize_connections":[],"jetpack_featured_media_url":"https:\/\/i0.wp.com\/radioecoutefm.com\/wp-content\/uploads\/2025\/03\/pape.jpg?fit=1280%2C720&ssl=1","uagb_featured_image_src":{"full":["https:\/\/i0.wp.com\/radioecoutefm.com\/wp-content\/uploads\/2025\/03\/pape.jpg?fit=1280%2C720&ssl=1",1280,720,false],"thumbnail":["https:\/\/i0.wp.com\/radioecoutefm.com\/wp-content\/uploads\/2025\/03\/pape.jpg?resize=150%2C150&ssl=1",150,150,true],"medium":["https:\/\/i0.wp.com\/radioecoutefm.com\/wp-content\/uploads\/2025\/03\/pape.jpg?fit=300%2C169&ssl=1",300,169,true],"medium_large":["https:\/\/i0.wp.com\/radioecoutefm.com\/wp-content\/uploads\/2025\/03\/pape.jpg?fit=640%2C360&ssl=1",640,360,true],"large":["https:\/\/i0.wp.com\/radioecoutefm.com\/wp-content\/uploads\/2025\/03\/pape.jpg?fit=640%2C360&ssl=1",640,360,true],"1536x1536":["https:\/\/i0.wp.com\/radioecoutefm.com\/wp-content\/uploads\/2025\/03\/pape.jpg?fit=1280%2C720&ssl=1",1280,720,true],"2048x2048":["https:\/\/i0.wp.com\/radioecoutefm.com\/wp-content\/uploads\/2025\/03\/pape.jpg?fit=1280%2C720&ssl=1",1280,720,true],"newsair-slider-full":["https:\/\/i0.wp.com\/radioecoutefm.com\/wp-content\/uploads\/2025\/03\/pape.jpg?resize=1280%2C720&ssl=1",1280,720,true],"newsair-featured":["https:\/\/i0.wp.com\/radioecoutefm.com\/wp-content\/uploads\/2025\/03\/pape.jpg?fit=1024%2C576&ssl=1",1024,576,true],"newsair-medium":["https:\/\/i0.wp.com\/radioecoutefm.com\/wp-content\/uploads\/2025\/03\/pape.jpg?resize=720%2C380&ssl=1",720,380,true]},"uagb_author_info":{"display_name":"Ecoute FM","author_link":"https:\/\/radioecoutefm.com\/index.php\/author\/borgellaattis\/"},"uagb_comment_info":0,"uagb_excerpt":"Apr\u00e8s cinq semaines d\u2019hospitalisation, le Pape Fran\u00e7ois rentrera au Vatican dimanche 23 mars, \u00e0 l&#8217;issue de l\u2019Ang\u00e9lus. L\u2019annonce a \u00e9t\u00e9 faite samedi en fin d\u2019apr\u00e8s-midi lors d\u2019une conf\u00e9rence de presse des m\u00e9decins de l\u2019h\u00f4pital romain o\u00f9 il a \u00e9t\u00e9 soign\u00e9. Le Saint-P\u00e8re devrait saluer les fid\u00e8les \u00e0 l\u2019heure de l\u2019Ang\u00e9lus avant de regagner le Vatican.&hellip;","jetpack_sharing_enabled":true,"jetpack_shortlink":"https:\/\/wp.me\/pgoyna-vd","jetpack-related-posts":[{"id":2771,"url":"https:\/\/radioecoutefm.com\/index.php\/2025\/04\/14\/dimanche-des-rameaux-apparition-du-pape-francois-place-saint-pierre\/","url_meta":{"origin":1935,"position":0},"title":"Dimanche des Rameaux : apparition du pape Fran\u00e7ois place Saint-Pierre","author":"Ecoute FM","date":"14.04.2025","format":false,"excerpt":"Le pape Fran\u00e7ois continue de surprendre les fid\u00e8les. Apr\u00e8s sa visite impr\u00e9vue \u00e0 Sainte-Marie-Majeure samedi, le souverain pontife a travers\u00e9 la place Saint-Pierre ce dimanche matin dans son fauteuil roulant \u00e0 la fin de la messe des Rameaux. \"Joyeux dimanche des Rameaux et joyeuses P\u00e2ques\". Tels sont les mots prononc\u00e9s\u2026","rel":"","context":"In &quot;INTERNATIONAL&quot;","block_context":{"text":"INTERNATIONAL","link":"https:\/\/radioecoutefm.com\/index.php\/category\/international\/"},"img":{"alt_text":"","src":"","width":0,"height":0},"classes":[]},{"id":3161,"url":"https:\/\/radioecoutefm.com\/index.php\/2025\/04\/21\/le-pape-francois-sest-eteint-a-lage-de-88-ans\/","url_meta":{"origin":1935,"position":1},"title":"Le pape Fran\u00e7ois s\u2019est \u00e9teint \u00e0 l\u2019\u00e2ge de 88 ans","author":"Ecoute FM","date":"21.04.2025","format":false,"excerpt":"Le pape Fran\u00e7ois, premier pontife latino-am\u00e9ricain de l\u2019histoire de l\u2019\u00c9glise catholique, est d\u00e9c\u00e9d\u00e9 \u00e0 l\u2019\u00e2ge de 88 ans. L\u2019annonce a \u00e9t\u00e9 faite par le cardinal Kevin Farrell, camerlingue du Vatican, depuis la chapelle de la Domus Santa Marta, la r\u00e9sidence o\u00f9 vivait le souverain pontife. Souffrant depuis plusieurs ann\u00e9es d\u2019une\u2026","rel":"","context":"In &quot;NECROLOGIE&quot;","block_context":{"text":"NECROLOGIE","link":"https:\/\/radioecoutefm.com\/index.php\/category\/necrologie\/"},"img":{"alt_text":"","src":"https:\/\/i0.wp.com\/radioecoutefm.com\/wp-content\/uploads\/2025\/04\/IMG_1751.webp?fit=1200%2C900&ssl=1&resize=350%2C200","width":350,"height":200,"srcset":"https:\/\/i0.wp.com\/radioecoutefm.com\/wp-content\/uploads\/2025\/04\/IMG_1751.webp?fit=1200%2C900&ssl=1&resize=350%2C200 1x, https:\/\/i0.wp.com\/radioecoutefm.com\/wp-content\/uploads\/2025\/04\/IMG_1751.webp?fit=1200%2C900&ssl=1&resize=525%2C300 1.5x, https:\/\/i0.wp.com\/radioecoutefm.com\/wp-content\/uploads\/2025\/04\/IMG_1751.webp?fit=1200%2C900&ssl=1&resize=700%2C400 2x, https:\/\/i0.wp.com\/radioecoutefm.com\/wp-content\/uploads\/2025\/04\/IMG_1751.webp?fit=1200%2C900&ssl=1&resize=1050%2C600 3x"},"classes":[]},{"id":3262,"url":"https:\/\/radioecoutefm.com\/index.php\/2025\/04\/22\/les-funerailles-du-pape-francois-auront-lieu-le-26-avril-sur-la-place-saint-pierre\/","url_meta":{"origin":1935,"position":2},"title":"Les fun\u00e9railles du pape Fran\u00e7ois auront lieu le 26 avril sur la place Saint-Pierre","author":"Ecoute FM","date":"22.04.2025","format":false,"excerpt":"Les fun\u00e9railles du pape Fran\u00e7ois, d\u00e9c\u00e9d\u00e9 \u00e0 l\u2019\u00e2ge de 88 ans, se tiendront vendredi 26 avril \u00e0 10h00 (08h00 GMT) sur la place Saint-Pierre au Vatican. La c\u00e9r\u00e9monie solennelle sera pr\u00e9sid\u00e9e par le doyen du Coll\u00e8ge des cardinaux, Giovanni Battista Re, en pr\u00e9sence de chefs d'\u00c9tat, de dignitaires religieux et\u2026","rel":"","context":"In &quot;NECROLOGIE&quot;","block_context":{"text":"NECROLOGIE","link":"https:\/\/radioecoutefm.com\/index.php\/category\/necrologie\/"},"img":{"alt_text":"","src":"https:\/\/i0.wp.com\/radioecoutefm.com\/wp-content\/uploads\/2025\/04\/PAPE.png?fit=546%2C352&ssl=1&resize=350%2C200","width":350,"height":200,"srcset":"https:\/\/i0.wp.com\/radioecoutefm.com\/wp-content\/uploads\/2025\/04\/PAPE.png?fit=546%2C352&ssl=1&resize=350%2C200 1x, https:\/\/i0.wp.com\/radioecoutefm.com\/wp-content\/uploads\/2025\/04\/PAPE.png?fit=546%2C352&ssl=1&resize=525%2C300 1.5x"},"classes":[]},{"id":1167,"url":"https:\/\/radioecoutefm.com\/index.php\/2025\/03\/03\/le-pape-francois-victime-de-deux-crises-respiratoires-aigues\/","url_meta":{"origin":1935,"position":3},"title":"Le pape Fran\u00e7ois victime de deux crises respiratoires \u00abaigu\u00ebs\u00bb","author":"Ecoute FM","date":"03.03.2025","format":false,"excerpt":"Le pape Fran\u00e7ois, hospitalis\u00e9 \u00e0 Rome pour une pneumonie des deux poumons, a \u00e9t\u00e9 victime d\u2019une nouvelle crise respiratoire s\u00e9v\u00e8re lundi et les m\u00e9decins restent r\u00e9serv\u00e9s sur l\u2019\u00e9volution de son \u00e9tat de sant\u00e9. Fran\u00e7ois est hospitalis\u00e9 depuis le 14 f\u00e9vrier \u00e0 l\u2019h\u00f4pital Gemelli de Rome, date depuis laquelle il n\u2019a\u2026","rel":"","context":"In &quot;SANTE&quot;","block_context":{"text":"SANTE","link":"https:\/\/radioecoutefm.com\/index.php\/category\/sante\/"},"img":{"alt_text":"","src":"","width":0,"height":0},"classes":[]},{"id":3427,"url":"https:\/\/radioecoutefm.com\/index.php\/2025\/04\/25\/haiti-rend-hommage-au-pape-francois-lors-dune-messe-solennelle-a-petion-ville\/","url_meta":{"origin":1935,"position":4},"title":"Ha\u00efti rend hommage au Pape Fran\u00e7ois lors d\u2019une messe solennelle \u00e0 P\u00e9tion-Ville","author":"Ecoute FM","date":"25.04.2025","format":false,"excerpt":"Ce vendredi 25 avril 2025, l\u2019\u00e9glise Saint-Pierre de P\u00e9tion-Ville a accueilli une messe d\u2019action de gr\u00e2ce en hommage au Pape Fran\u00e7ois, d\u00e9c\u00e9d\u00e9 le 21 avril \u00e0 l\u2019\u00e2ge de 88 ans. La c\u00e9r\u00e9monie, pr\u00e9sid\u00e9e par Monseigneur Max Leroy M\u00e9sidor, Archev\u00eaque de Port-au-Prince, a r\u00e9uni des figures de premier plan du pays,\u2026","rel":"","context":"In &quot;NECROLOGIE&quot;","block_context":{"text":"NECROLOGIE","link":"https:\/\/radioecoutefm.com\/index.php\/category\/necrologie\/"},"img":{"alt_text":"","src":"https:\/\/i0.wp.com\/radioecoutefm.com\/wp-content\/uploads\/2025\/04\/IMG_1811.jpeg?fit=1200%2C800&ssl=1&resize=350%2C200","width":350,"height":200,"srcset":"https:\/\/i0.wp.com\/radioecoutefm.com\/wp-content\/uploads\/2025\/04\/IMG_1811.jpeg?fit=1200%2C800&ssl=1&resize=350%2C200 1x, https:\/\/i0.wp.com\/radioecoutefm.com\/wp-content\/uploads\/2025\/04\/IMG_1811.jpeg?fit=1200%2C800&ssl=1&resize=525%2C300 1.5x, https:\/\/i0.wp.com\/radioecoutefm.com\/wp-content\/uploads\/2025\/04\/IMG_1811.jpeg?fit=1200%2C800&ssl=1&resize=700%2C400 2x, https:\/\/i0.wp.com\/radioecoutefm.com\/wp-content\/uploads\/2025\/04\/IMG_1811.jpeg?fit=1200%2C800&ssl=1&resize=1050%2C600 3x"},"classes":[]},{"id":4030,"url":"https:\/\/radioecoutefm.com\/index.php\/2025\/05\/08\/lamericain-robert-francis-prevost-devient-le-pape-leon-xiv\/","url_meta":{"origin":1935,"position":5},"title":"l\u2019Am\u00e9ricain Robert Francis Pr\u00e9vost devient le pape L\u00e9on XIV","author":"Ecoute FM","date":"08.05.2025","format":false,"excerpt":"\u00c0 l\u2019issue du deuxi\u00e8me jour du conclave, les 133 cardinaux \u00e9lecteurs r\u00e9unis au Vatican ont \u00e9lu Robert Francis Pr\u00e9vost comme nouveau pape, ce jeudi \u00e0 18h08. De nationalit\u00e9 am\u00e9ricaine, il succ\u00e8de au d\u00e9funt pape Fran\u00e7ois, devenant ainsi le premier souverain pontife originaire des \u00c9tats-Unis. Son \u00e9lection marque un tournant historique\u2026","rel":"","context":"In &quot;RELIGION&quot;","block_context":{"text":"RELIGION","link":"https:\/\/radioecoutefm.com\/index.php\/category\/religion\/"},"img":{"alt_text":"","src":"https:\/\/i0.wp.com\/radioecoutefm.com\/wp-content\/uploads\/2025\/05\/IMG_1957.jpeg?fit=1170%2C1084&ssl=1&resize=350%2C200","width":350,"height":200,"srcset":"https:\/\/i0.wp.com\/radioecoutefm.com\/wp-content\/uploads\/2025\/05\/IMG_1957.jpeg?fit=1170%2C1084&ssl=1&resize=350%2C200 1x, https:\/\/i0.wp.com\/radioecoutefm.com\/wp-content\/uploads\/2025\/05\/IMG_1957.jpeg?fit=1170%2C1084&ssl=1&resize=525%2C300 1.5x, https:\/\/i0.wp.com\/radioecoutefm.com\/wp-content\/uploads\/2025\/05\/IMG_1957.jpeg?fit=1170%2C1084&ssl=1&resize=700%2C400 2x, https:\/\/i0.wp.com\/radioecoutefm.com\/wp-content\/uploads\/2025\/05\/IMG_1957.jpeg?fit=1170%2C1084&ssl=1&resize=1050%2C600 3x"},"classes":[]}],"authors":[{"term_id":15,"user_id":1,"is_guest":0,"slug":"borgellaattis","display_name":"Ecoute FM","avatar_url":"https:\/\/secure.gravatar.com\/avatar\/a5369629745bf29c5deb65198d5e38aed1dc2c880c04b3b630ab3f6e8c623b70?s=96&d=mm&r=g","0":null,"1":"","2":"","3":"","4":"","5":"","6":"","7":"","8":""}],"_links":{"self":[{"href":"https:\/\/radioecoutefm.com\/index.php\/wp-json\/wp\/v2\/posts\/1935","targetHints":{"allow":["GET"]}}],"collection":[{"href":"https:\/\/radioecoutefm.com\/index.php\/wp-json\/wp\/v2\/posts"}],"about":[{"href":"https:\/\/radioecoutefm.com\/index.php\/wp-json\/wp\/v2\/types\/post"}],"author":[{"embeddable":true,"href":"https:\/\/radioecoutefm.com\/index.php\/wp-json\/wp\/v2\/users\/1"}],"replies":[{"embeddable":true,"href":"https:\/\/radioecoutefm.com\/index.php\/wp-json\/wp\/v2\/comments?post=1935"}],"version-history":[{"count":1,"href":"https:\/\/radioecoutefm.com\/index.php\/wp-json\/wp\/v2\/posts\/1935\/revisions"}],"predecessor-version":[{"id":1940,"href":"https:\/\/radioecoutefm.com\/index.php\/wp-json\/wp\/v2\/posts\/1935\/revisions\/1940"}],"wp:featuredmedia":[{"embeddable":true,"href":"https:\/\/radioecoutefm.com\/index.php\/wp-json\/wp\/v2\/media\/1936"}],"wp:attachment":[{"href":"https:\/\/radioecoutefm.com\/index.php\/wp-json\/wp\/v2\/media?parent=1935"}],"wp:term":[{"taxonomy":"category","embeddable":true,"href":"https:\/\/radioecoutefm.com\/index.php\/wp-json\/wp\/v2\/categories?post=1935"},{"taxonomy":"post_tag","embeddable":true,"href":"https:\/\/radioecoutefm.com\/index.php\/wp-json\/wp\/v2\/tags?post=1935"},{"taxonomy":"author","embeddable":true,"href":"https:\/\/radioecoutefm.com\/index.php\/wp-json\/wp\/v2\/ppma_author?post=1935"}],"curies":[{"name":"wp","href":"https:\/\/api.w.org\/{rel}","templated":true}]}}