{"id":1929,"date":"2025-03-22T22:38:20","date_gmt":"2025-03-22T22:38:20","guid":{"rendered":"https:\/\/radioecoutefm.com\/?p=1929"},"modified":"2025-03-22T22:38:20","modified_gmt":"2025-03-22T22:38:20","slug":"nouvelle-flambee-de-violence-a-uvero-alto-en-republique-dominicaine","status":"publish","type":"post","link":"https:\/\/radioecoutefm.com\/index.php\/2025\/03\/22\/nouvelle-flambee-de-violence-a-uvero-alto-en-republique-dominicaine\/","title":{"rendered":"Nouvelle flamb\u00e9e de violence \u00e0 Uvero Alto, en R\u00e9publique Dominicaine"},"content":{"rendered":"<p data-start=\"74\" data-end=\"557\">Une nouvelle flamb\u00e9e de violence a secou\u00e9 la localit\u00e9 d\u2019Uvero Alto, situ\u00e9e dans la province de La Altagracia, en R\u00e9publique Dominicaine, rapportent les m\u00e9dias locaux, dont List\u00edn Diario. Selon les premiers \u00e9l\u00e9ments de l&#8217;enqu\u00eate, un groupe d&#8217;Ha\u00eftiens aurait incendi\u00e9 le camion d\u2019un enseignant sur un chantier h\u00f4telier. Cet acte de violence a imm\u00e9diatement provoqu\u00e9 une r\u00e9action muscl\u00e9e de l&#8217;arm\u00e9e dominicaine, d\u00e9ploy\u00e9e pour ma\u00eetriser la situation.<\/p>\n<p data-start=\"559\" data-end=\"1062\">L&#8217;incident a exacerb\u00e9 les tensions dans la r\u00e9gion, o\u00f9 des affrontements entre diff\u00e9rentes communaut\u00e9s ont d\u00e9j\u00e0 \u00e9t\u00e9 rapport\u00e9s par le pass\u00e9. L&#8217;arm\u00e9e dominicaine a rapidement pris le contr\u00f4le de la situation, mais les autorit\u00e9s locales restent sur le qui-vive, surveillant de pr\u00e8s tout d\u00e9veloppement ult\u00e9rieur. Les autorit\u00e9s ha\u00eftiennes et dominicaines n&#8217;ont pas encore comment\u00e9 officiellement l&#8217;incident, mais une enqu\u00eate est en cours pour identifier les responsables et les motifs de cet acte de violence.<\/p>\n<p data-start=\"1064\" data-end=\"1375\" data-is-last-node=\"\" data-is-only-node=\"\">Ce nouvel \u00e9pisode de violence survient dans un contexte de tensions croissantes entre les deux nations, avec des incidents sporadiques qui perturbent la paix et la stabilit\u00e9 dans la r\u00e9gion frontali\u00e8re. Les habitants d\u2019Uvero Alto et des zones avoisinantes restent dans l&#8217;attente d&#8217;une r\u00e9solution de la situation.<\/p>\n","protected":false},"excerpt":{"rendered":"<p>Une nouvelle flamb\u00e9e de violence a secou\u00e9 la localit\u00e9 d\u2019Uvero Alto, situ\u00e9e dans la province de La Altagracia, en R\u00e9publique Dominicaine, rapportent les m\u00e9dias locaux, dont List\u00edn Diario. Selon les premiers \u00e9l\u00e9ments de l&#8217;enqu\u00eate, un groupe d&#8217;Ha\u00eftiens aurait incendi\u00e9 le camion d\u2019un enseignant sur un chantier h\u00f4telier. Cet acte de violence a imm\u00e9diatement provoqu\u00e9 une [&hellip;]<\/p>\n","protected":false},"author":1,"featured_media":1930,"comment_status":"open","ping_status":"open","sticky":false,"template":"","format":"standard","meta":{"_uag_custom_page_level_css":"","jetpack_post_was_ever_published":false,"_jetpack_newsletter_access":"","_jetpack_dont_email_post_to_subs":false,"_jetpack_newsletter_tier_id":0,"_jetpack_memberships_contains_paywalled_content":false,"_jetpack_memberships_contains_paid_content":false,"footnotes":"","jetpack_publicize_message":"","jetpack_publicize_feature_enabled":true,"jetpack_social_post_already_shared":true,"jetpack_social_options":{"image_generator_settings":{"template":"highway","default_image_id":0,"font":"","enabled":false},"version":2}},"categories":[46],"tags":[],"ppma_author":[15],"class_list":["post-1929","post","type-post","status-publish","format-standard","has-post-thumbnail","hentry","category-international"],"aioseo_notices":[],"jetpack_publicize_connections":[],"jetpack_featured_media_url":"https:\/\/i0.wp.com\/radioecoutefm.com\/wp-content\/uploads\/2025\/03\/Domini.jpg?fit=600%2C400&ssl=1","uagb_featured_image_src":{"full":["https:\/\/i0.wp.com\/radioecoutefm.com\/wp-content\/uploads\/2025\/03\/Domini.jpg?fit=600%2C400&ssl=1",600,400,false],"thumbnail":["https:\/\/i0.wp.com\/radioecoutefm.com\/wp-content\/uploads\/2025\/03\/Domini.jpg?resize=150%2C150&ssl=1",150,150,true],"medium":["https:\/\/i0.wp.com\/radioecoutefm.com\/wp-content\/uploads\/2025\/03\/Domini.jpg?fit=300%2C200&ssl=1",300,200,true],"medium_large":["https:\/\/i0.wp.com\/radioecoutefm.com\/wp-content\/uploads\/2025\/03\/Domini.jpg?fit=600%2C400&ssl=1",600,400,true],"large":["https:\/\/i0.wp.com\/radioecoutefm.com\/wp-content\/uploads\/2025\/03\/Domini.jpg?fit=600%2C400&ssl=1",600,400,true],"1536x1536":["https:\/\/i0.wp.com\/radioecoutefm.com\/wp-content\/uploads\/2025\/03\/Domini.jpg?fit=600%2C400&ssl=1",600,400,true],"2048x2048":["https:\/\/i0.wp.com\/radioecoutefm.com\/wp-content\/uploads\/2025\/03\/Domini.jpg?fit=600%2C400&ssl=1",600,400,true],"newsair-slider-full":["https:\/\/i0.wp.com\/radioecoutefm.com\/wp-content\/uploads\/2025\/03\/Domini.jpg?resize=600%2C400&ssl=1",600,400,true],"newsair-featured":["https:\/\/i0.wp.com\/radioecoutefm.com\/wp-content\/uploads\/2025\/03\/Domini.jpg?fit=600%2C400&ssl=1",600,400,true],"newsair-medium":["https:\/\/i0.wp.com\/radioecoutefm.com\/wp-content\/uploads\/2025\/03\/Domini.jpg?resize=600%2C380&ssl=1",600,380,true]},"uagb_author_info":{"display_name":"Ecoute FM","author_link":"https:\/\/radioecoutefm.com\/index.php\/author\/borgellaattis\/"},"uagb_comment_info":0,"uagb_excerpt":"Une nouvelle flamb\u00e9e de violence a secou\u00e9 la localit\u00e9 d\u2019Uvero Alto, situ\u00e9e dans la province de La Altagracia, en R\u00e9publique Dominicaine, rapportent les m\u00e9dias locaux, dont List\u00edn Diario. Selon les premiers \u00e9l\u00e9ments de l&#8217;enqu\u00eate, un groupe d&#8217;Ha\u00eftiens aurait incendi\u00e9 le camion d\u2019un enseignant sur un chantier h\u00f4telier. Cet acte de violence a imm\u00e9diatement provoqu\u00e9 une&hellip;","jetpack_sharing_enabled":true,"jetpack_shortlink":"https:\/\/wp.me\/pgoyna-v7","jetpack-related-posts":[{"id":2220,"url":"https:\/\/radioecoutefm.com\/index.php\/2025\/04\/02\/arrestation-de-21-haitiens-en-situation-irreguliere-dans-la-province-de-san-juan-en-republique-dominicaine\/","url_meta":{"origin":1929,"position":0},"title":"Arrestation de 21 Ha\u00eftiens en situation irr\u00e9guli\u00e8re dans la province de San Juan en R\u00e9publique Dominicaine","author":"Ecoute FM","date":"02.04.2025","format":false,"excerpt":"L'Arm\u00e9e de la R\u00e9publique Dominicaine a annonc\u00e9, ce mardi, l'arrestation de 21 ressortissants ha\u00eftiens en situation irr\u00e9guli\u00e8re, dans la province de San Juan, situ\u00e9e \u00e0 l\u2019ouest du pays. Parmi ces arrestations, huit personnes ont \u00e9t\u00e9 retrouv\u00e9es \u00e0 l'int\u00e9rieur d'un v\u00e9hicule abandonn\u00e9, un SUV Honda CRV, immatricul\u00e9 G1772992, dans lequel les\u2026","rel":"","context":"In &quot;INTERNATIONAL&quot;","block_context":{"text":"INTERNATIONAL","link":"https:\/\/radioecoutefm.com\/index.php\/category\/international\/"},"img":{"alt_text":"","src":"https:\/\/i0.wp.com\/radioecoutefm.com\/wp-content\/uploads\/2025\/04\/Dominican-scaled.jpg?fit=1200%2C819&ssl=1&resize=350%2C200","width":350,"height":200,"srcset":"https:\/\/i0.wp.com\/radioecoutefm.com\/wp-content\/uploads\/2025\/04\/Dominican-scaled.jpg?fit=1200%2C819&ssl=1&resize=350%2C200 1x, https:\/\/i0.wp.com\/radioecoutefm.com\/wp-content\/uploads\/2025\/04\/Dominican-scaled.jpg?fit=1200%2C819&ssl=1&resize=525%2C300 1.5x, https:\/\/i0.wp.com\/radioecoutefm.com\/wp-content\/uploads\/2025\/04\/Dominican-scaled.jpg?fit=1200%2C819&ssl=1&resize=700%2C400 2x, https:\/\/i0.wp.com\/radioecoutefm.com\/wp-content\/uploads\/2025\/04\/Dominican-scaled.jpg?fit=1200%2C819&ssl=1&resize=1050%2C600 3x"},"classes":[]},{"id":2927,"url":"https:\/\/radioecoutefm.com\/index.php\/2025\/04\/15\/republique-dominicaine-migration-plus-de-1-200-haitiens-arretes-et-expulses-de-republique-dominicaine\/","url_meta":{"origin":1929,"position":1},"title":"Migration: Plus de 1 200 Ha\u00eftiens arr\u00eat\u00e9s et expuls\u00e9s de R\u00e9publique dominicaine","author":"Ecoute FM","date":"15.04.2025","format":false,"excerpt":"La Direction G\u00e9n\u00e9rale de la Migration (DGM) a annonc\u00e9 l\u2019arrestation de 1 234 ressortissants ha\u00eftiens en situation irr\u00e9guli\u00e8re sur le territoire dominicain, ainsi que la d\u00e9portation de 1 213 d\u2019entre eux vers Ha\u00efti. Les arrestations ont \u00e9t\u00e9 men\u00e9es lors de plusieurs op\u00e9rations coordonn\u00e9es dans diff\u00e9rentes r\u00e9gions du pays, notamment le\u2026","rel":"","context":"In &quot;INTERNATIONAL&quot;","block_context":{"text":"INTERNATIONAL","link":"https:\/\/radioecoutefm.com\/index.php\/category\/international\/"},"img":{"alt_text":"","src":"https:\/\/i0.wp.com\/radioecoutefm.com\/wp-content\/uploads\/2025\/04\/Deportation.jpg?fit=896%2C504&ssl=1&resize=350%2C200","width":350,"height":200,"srcset":"https:\/\/i0.wp.com\/radioecoutefm.com\/wp-content\/uploads\/2025\/04\/Deportation.jpg?fit=896%2C504&ssl=1&resize=350%2C200 1x, https:\/\/i0.wp.com\/radioecoutefm.com\/wp-content\/uploads\/2025\/04\/Deportation.jpg?fit=896%2C504&ssl=1&resize=525%2C300 1.5x, https:\/\/i0.wp.com\/radioecoutefm.com\/wp-content\/uploads\/2025\/04\/Deportation.jpg?fit=896%2C504&ssl=1&resize=700%2C400 2x"},"classes":[]},{"id":1897,"url":"https:\/\/radioecoutefm.com\/index.php\/2025\/03\/20\/me-andre-michel-agresse-par-un-groupe-haitien-en-republique-dominicaine\/","url_meta":{"origin":1929,"position":2},"title":"Me Andr\u00e9 Michel agress\u00e9 par un groupe ha\u00eftien en R\u00e9publique Dominicaine","author":"Claude DIEUPHENE","date":"20.03.2025","format":false,"excerpt":"Le militant politique Me Andr\u00e9 Michel a re\u00e7u de l'aide de l'arm\u00e9e dominicaine \u00e0 Dajab\u00f3n face \u00e0 une foule de ressortissants ha\u00eftiens le jeudi 20 mars 2025, alors qu'il se rendait en R\u00e9publique Dominicaine. Le porte-parole du SDP a \u00e9t\u00e9 la cible de ces ressortissants ha\u00eftiens qui lan\u00e7aient des propos\u2026","rel":"","context":"In &quot;INSECURITE&quot;","block_context":{"text":"INSECURITE","link":"https:\/\/radioecoutefm.com\/index.php\/category\/securite\/"},"img":{"alt_text":"","src":"https:\/\/i0.wp.com\/radioecoutefm.com\/wp-content\/uploads\/2025\/03\/90EF8265-CA3F-4879-AEEC-BA8B16CDA276.jpeg?fit=720%2C405&ssl=1&resize=350%2C200","width":350,"height":200,"srcset":"https:\/\/i0.wp.com\/radioecoutefm.com\/wp-content\/uploads\/2025\/03\/90EF8265-CA3F-4879-AEEC-BA8B16CDA276.jpeg?fit=720%2C405&ssl=1&resize=350%2C200 1x, https:\/\/i0.wp.com\/radioecoutefm.com\/wp-content\/uploads\/2025\/03\/90EF8265-CA3F-4879-AEEC-BA8B16CDA276.jpeg?fit=720%2C405&ssl=1&resize=525%2C300 1.5x, https:\/\/i0.wp.com\/radioecoutefm.com\/wp-content\/uploads\/2025\/03\/90EF8265-CA3F-4879-AEEC-BA8B16CDA276.jpeg?fit=720%2C405&ssl=1&resize=700%2C400 2x"},"classes":[]},{"id":5300,"url":"https:\/\/radioecoutefm.com\/index.php\/2025\/06\/21\/la-republique-dominicaine-evacue-ses-diplomates-de-port-au-prince\/","url_meta":{"origin":1929,"position":3},"title":"La R\u00e9publique dominicaine \u00e9vacue ses diplomates de Port-au-Prince","author":"Ecoute FM","date":"21.06.2025","format":false,"excerpt":"Dans un moment de violence extr\u00eame en Ha\u00efti, la R\u00e9publique dominicaine a proc\u00e9d\u00e9, vendredi 20 juin 2025, \u00e0 l\u2019\u00e9vacuation de l\u2019ensemble du personnel de son ambassade \u00e0 Port-au-Prince. Trois h\u00e9licopt\u00e8res militaires des Forces a\u00e9riennes dominicaines (FARD) ont \u00e9t\u00e9 d\u00e9ploy\u00e9s pour rapatrier les diplomates vers la base militaire du 14e bataillon\u2026","rel":"","context":"In &quot;DIPLOMATIE&quot;","block_context":{"text":"DIPLOMATIE","link":"https:\/\/radioecoutefm.com\/index.php\/category\/diplomatie\/"},"img":{"alt_text":"","src":"https:\/\/i0.wp.com\/radioecoutefm.com\/wp-content\/uploads\/2025\/06\/drapo-dominiken-desann.jpg?fit=1200%2C803&ssl=1&resize=350%2C200","width":350,"height":200,"srcset":"https:\/\/i0.wp.com\/radioecoutefm.com\/wp-content\/uploads\/2025\/06\/drapo-dominiken-desann.jpg?fit=1200%2C803&ssl=1&resize=350%2C200 1x, https:\/\/i0.wp.com\/radioecoutefm.com\/wp-content\/uploads\/2025\/06\/drapo-dominiken-desann.jpg?fit=1200%2C803&ssl=1&resize=525%2C300 1.5x, https:\/\/i0.wp.com\/radioecoutefm.com\/wp-content\/uploads\/2025\/06\/drapo-dominiken-desann.jpg?fit=1200%2C803&ssl=1&resize=700%2C400 2x, https:\/\/i0.wp.com\/radioecoutefm.com\/wp-content\/uploads\/2025\/06\/drapo-dominiken-desann.jpg?fit=1200%2C803&ssl=1&resize=1050%2C600 3x"},"classes":[]},{"id":3467,"url":"https:\/\/radioecoutefm.com\/index.php\/2025\/04\/25\/migration-haitienne-en-republique-dominicaine-entre-securite-dominicaine-et-discrimination\/","url_meta":{"origin":1929,"position":4},"title":"Migration Ha\u00eftienne en Republique Dominicaine: Entre s\u00e9curit\u00e9 dominicaine et discrimination","author":"Ecoute FM","date":"25.04.2025","format":false,"excerpt":"La R\u00e9publique dominicaine a r\u00e9pondu fermement au Conseil pr\u00e9sidentiel de transition d\u2019Ha\u00efti, r\u00e9affirmant son droit souverain \u00e0 prot\u00e9ger son int\u00e9grit\u00e9 territoriale face \u00e0 la crise migratoire ha\u00eftienne. Par la voix de son minist\u00e8re des Affaires \u00e9trang\u00e8res, le gouvernement dominicain a soulign\u00e9 que, bien qu\u2019il reste ouvert au dialogue et \u00e0\u2026","rel":"","context":"In &quot;MIGRATION&quot;","block_context":{"text":"MIGRATION","link":"https:\/\/radioecoutefm.com\/index.php\/category\/migration\/"},"img":{"alt_text":"","src":"https:\/\/i0.wp.com\/radioecoutefm.com\/wp-content\/uploads\/2025\/04\/migration.jpg?fit=1200%2C675&ssl=1&resize=350%2C200","width":350,"height":200,"srcset":"https:\/\/i0.wp.com\/radioecoutefm.com\/wp-content\/uploads\/2025\/04\/migration.jpg?fit=1200%2C675&ssl=1&resize=350%2C200 1x, https:\/\/i0.wp.com\/radioecoutefm.com\/wp-content\/uploads\/2025\/04\/migration.jpg?fit=1200%2C675&ssl=1&resize=525%2C300 1.5x, https:\/\/i0.wp.com\/radioecoutefm.com\/wp-content\/uploads\/2025\/04\/migration.jpg?fit=1200%2C675&ssl=1&resize=700%2C400 2x, https:\/\/i0.wp.com\/radioecoutefm.com\/wp-content\/uploads\/2025\/04\/migration.jpg?fit=1200%2C675&ssl=1&resize=1050%2C600 3x"},"classes":[]},{"id":2976,"url":"https:\/\/radioecoutefm.com\/index.php\/2025\/04\/16\/larmee-dominicaine-arrete-deux-suv-transportant-des-migrants-haitiens-illegaux\/","url_meta":{"origin":1929,"position":5},"title":"L&#8217;arm\u00e9e dominicaine arr\u00eate deux SUV transportant des migrants ha\u00eftiens ill\u00e9gaux","author":"Ecoute FM","date":"16.04.2025","format":false,"excerpt":"Mercredi 16 avril 2025:\u00a0 L'arm\u00e9e de la R\u00e9publique dominicaine a annonc\u00e9 ce lundi l'arrestation de deux v\u00e9hicules transportant des Ha\u00eftiens en situation irr\u00e9guli\u00e8re, lors d'une intervention men\u00e9e dans la zone de Navarrete, \u00e0 proximit\u00e9 du canal principal de Barreno. L'incident s'est d\u00e9roul\u00e9 lorsque des soldats ont intercept\u00e9 un SUV abandonn\u00e9\u2026","rel":"","context":"In &quot;INTERNATIONAL&quot;","block_context":{"text":"INTERNATIONAL","link":"https:\/\/radioecoutefm.com\/index.php\/category\/international\/"},"img":{"alt_text":"","src":"https:\/\/i0.wp.com\/radioecoutefm.com\/wp-content\/uploads\/2025\/04\/Jeep-Range-rover.jpg?fit=896%2C504&ssl=1&resize=350%2C200","width":350,"height":200,"srcset":"https:\/\/i0.wp.com\/radioecoutefm.com\/wp-content\/uploads\/2025\/04\/Jeep-Range-rover.jpg?fit=896%2C504&ssl=1&resize=350%2C200 1x, https:\/\/i0.wp.com\/radioecoutefm.com\/wp-content\/uploads\/2025\/04\/Jeep-Range-rover.jpg?fit=896%2C504&ssl=1&resize=525%2C300 1.5x, https:\/\/i0.wp.com\/radioecoutefm.com\/wp-content\/uploads\/2025\/04\/Jeep-Range-rover.jpg?fit=896%2C504&ssl=1&resize=700%2C400 2x"},"classes":[]}],"authors":[{"term_id":15,"user_id":1,"is_guest":0,"slug":"borgellaattis","display_name":"Ecoute FM","avatar_url":"https:\/\/secure.gravatar.com\/avatar\/a5369629745bf29c5deb65198d5e38aed1dc2c880c04b3b630ab3f6e8c623b70?s=96&d=mm&r=g","0":null,"1":"","2":"","3":"","4":"","5":"","6":"","7":"","8":""}],"_links":{"self":[{"href":"https:\/\/radioecoutefm.com\/index.php\/wp-json\/wp\/v2\/posts\/1929","targetHints":{"allow":["GET"]}}],"collection":[{"href":"https:\/\/radioecoutefm.com\/index.php\/wp-json\/wp\/v2\/posts"}],"about":[{"href":"https:\/\/radioecoutefm.com\/index.php\/wp-json\/wp\/v2\/types\/post"}],"author":[{"embeddable":true,"href":"https:\/\/radioecoutefm.com\/index.php\/wp-json\/wp\/v2\/users\/1"}],"replies":[{"embeddable":true,"href":"https:\/\/radioecoutefm.com\/index.php\/wp-json\/wp\/v2\/comments?post=1929"}],"version-history":[{"count":1,"href":"https:\/\/radioecoutefm.com\/index.php\/wp-json\/wp\/v2\/posts\/1929\/revisions"}],"predecessor-version":[{"id":1934,"href":"https:\/\/radioecoutefm.com\/index.php\/wp-json\/wp\/v2\/posts\/1929\/revisions\/1934"}],"wp:featuredmedia":[{"embeddable":true,"href":"https:\/\/radioecoutefm.com\/index.php\/wp-json\/wp\/v2\/media\/1930"}],"wp:attachment":[{"href":"https:\/\/radioecoutefm.com\/index.php\/wp-json\/wp\/v2\/media?parent=1929"}],"wp:term":[{"taxonomy":"category","embeddable":true,"href":"https:\/\/radioecoutefm.com\/index.php\/wp-json\/wp\/v2\/categories?post=1929"},{"taxonomy":"post_tag","embeddable":true,"href":"https:\/\/radioecoutefm.com\/index.php\/wp-json\/wp\/v2\/tags?post=1929"},{"taxonomy":"author","embeddable":true,"href":"https:\/\/radioecoutefm.com\/index.php\/wp-json\/wp\/v2\/ppma_author?post=1929"}],"curies":[{"name":"wp","href":"https:\/\/api.w.org\/{rel}","templated":true}]}}