{"id":1854,"date":"2025-03-19T18:51:29","date_gmt":"2025-03-19T18:51:29","guid":{"rendered":"https:\/\/radioecoutefm.com\/?p=1854"},"modified":"2025-03-19T19:40:30","modified_gmt":"2025-03-19T19:40:30","slug":"manifestation-contre-le-pouvoir-a-canape-vert-des-milliers-de-manifestants-exigent-des-changements-immediats","status":"publish","type":"post","link":"https:\/\/radioecoutefm.com\/index.php\/2025\/03\/19\/manifestation-contre-le-pouvoir-a-canape-vert-des-milliers-de-manifestants-exigent-des-changements-immediats\/","title":{"rendered":"Manifestation contre le pouvoir \u00e0 Canap\u00e9-Vert : Des milliers de manifestants exigent des changements imm\u00e9diats"},"content":{"rendered":"<p>Ce mervredi 19 mars 2025, une manifestation d&#8217;une ampleur in\u00e9dite se d\u00e9roule \u00e0 Canap\u00e9-Vert, un quartier de la capitale ha\u00eftienne, Port-au-Prince. Des milliers de citoyens, en col\u00e8re contre la situation politique et sociale du pays, ont investi les rues pour exprimer leur m\u00e9contentement.<\/p>\n<p>Les manifestants d\u00e9noncent vivement l&#8217;incapacit\u00e9 des autorit\u00e9s \u00e0 r\u00e9soudre la crise des gangs qui ravage le pays. Ils exigent des actions imm\u00e9diates pour lutter contre ce fl\u00e9au, qui semble de plus en plus incontr\u00f4lable. &#8220;Les autorit\u00e9s ont \u00e9chou\u00e9 \u00e0 tenir leurs promesses&#8221;, clament-ils, en r\u00e9f\u00e9rence aux engagements pris par le gouvernement de r\u00e9tablir la s\u00e9curit\u00e9 et de lutter contre la criminalit\u00e9 organis\u00e9e.<\/p>\n<p>Au-del\u00e0 des revendications internes, les manifestants expriment \u00e9galement leur frustration face \u00e0 l&#8217;influence \u00e9trang\u00e8re, notamment celle des \u00c9tats-Unis. Ils appellent \u00e0 l&#8217;expulsion de l&#8217;ambassade am\u00e9ricaine et r\u00e9clament une intervention de la Russie pour aider Ha\u00efti \u00e0 sortir de la crise profonde qu&#8217;elle traverse. Cette prise de position marque un tournant dans la dynamique des manifestations, qui se veulent de plus en plus radicales dans leurs appels \u00e0 un changement radical.<\/p>\n<p>La situation sur le terrain est tendue. De nombreux manifestants sont arm\u00e9s de machettes, de b\u00e2tons, de pierres et m\u00eame de cocktails Molotov, des objets qui t\u00e9moignent du caract\u00e8re violent de cette protestation. Ce rassemblement ne ressemble en rien \u00e0 une manifestation pacifique. Les autorit\u00e9s locales et les forces de l&#8217;ordre sont sous pression, alors que les manifestants intensifient leurs appels \u00e0 la d\u00e9mission des dirigeants actuels.<\/p>\n<p>Le climat de m\u00e9contentement g\u00e9n\u00e9ral s&#8217;intensifie, et ces nouvelles manifestations risquent d&#8217;aggraver une situation d\u00e9j\u00e0 explosive. \u00c0 mesure que les heures passent, la question demeure : comment le gouvernement r\u00e9pondra-t-il \u00e0 cette pression populaire grandissante ? Une chose est s\u00fbre, la col\u00e8re des Ha\u00eftiens ne semble pas pr\u00eate \u00e0 se calmer.<\/p>\n","protected":false},"excerpt":{"rendered":"<p>Ce mervredi 19 mars 2025, une manifestation d&#8217;une ampleur in\u00e9dite se d\u00e9roule \u00e0 Canap\u00e9-Vert, un quartier de la capitale ha\u00eftienne, Port-au-Prince. Des milliers de citoyens, en col\u00e8re contre la situation politique et sociale du pays, ont investi les rues pour exprimer leur m\u00e9contentement. Les manifestants d\u00e9noncent vivement l&#8217;incapacit\u00e9 des autorit\u00e9s \u00e0 r\u00e9soudre la crise des [&hellip;]<\/p>\n","protected":false},"author":1,"featured_media":1855,"comment_status":"open","ping_status":"open","sticky":false,"template":"","format":"standard","meta":{"_uag_custom_page_level_css":"","jetpack_post_was_ever_published":false,"_jetpack_newsletter_access":"","_jetpack_dont_email_post_to_subs":false,"_jetpack_newsletter_tier_id":0,"_jetpack_memberships_contains_paywalled_content":false,"_jetpack_memberships_contains_paid_content":false,"footnotes":"","jetpack_publicize_message":"","jetpack_publicize_feature_enabled":true,"jetpack_social_post_already_shared":true,"jetpack_social_options":{"image_generator_settings":{"template":"highway","default_image_id":0,"font":"","enabled":false},"version":2}},"categories":[57],"tags":[],"ppma_author":[15],"class_list":["post-1854","post","type-post","status-publish","format-standard","has-post-thumbnail","hentry","category-securite"],"aioseo_notices":[],"jetpack_publicize_connections":[],"jetpack_featured_media_url":"https:\/\/i0.wp.com\/radioecoutefm.com\/wp-content\/uploads\/2025\/03\/D4C8932C-C1F5-4EAF-8AC7-E4B466FC7AE5.jpeg?fit=600%2C400&ssl=1","uagb_featured_image_src":{"full":["https:\/\/i0.wp.com\/radioecoutefm.com\/wp-content\/uploads\/2025\/03\/D4C8932C-C1F5-4EAF-8AC7-E4B466FC7AE5.jpeg?fit=600%2C400&ssl=1",600,400,false],"thumbnail":["https:\/\/i0.wp.com\/radioecoutefm.com\/wp-content\/uploads\/2025\/03\/D4C8932C-C1F5-4EAF-8AC7-E4B466FC7AE5.jpeg?resize=150%2C150&ssl=1",150,150,true],"medium":["https:\/\/i0.wp.com\/radioecoutefm.com\/wp-content\/uploads\/2025\/03\/D4C8932C-C1F5-4EAF-8AC7-E4B466FC7AE5.jpeg?fit=300%2C200&ssl=1",300,200,true],"medium_large":["https:\/\/i0.wp.com\/radioecoutefm.com\/wp-content\/uploads\/2025\/03\/D4C8932C-C1F5-4EAF-8AC7-E4B466FC7AE5.jpeg?fit=600%2C400&ssl=1",600,400,true],"large":["https:\/\/i0.wp.com\/radioecoutefm.com\/wp-content\/uploads\/2025\/03\/D4C8932C-C1F5-4EAF-8AC7-E4B466FC7AE5.jpeg?fit=600%2C400&ssl=1",600,400,true],"1536x1536":["https:\/\/i0.wp.com\/radioecoutefm.com\/wp-content\/uploads\/2025\/03\/D4C8932C-C1F5-4EAF-8AC7-E4B466FC7AE5.jpeg?fit=600%2C400&ssl=1",600,400,true],"2048x2048":["https:\/\/i0.wp.com\/radioecoutefm.com\/wp-content\/uploads\/2025\/03\/D4C8932C-C1F5-4EAF-8AC7-E4B466FC7AE5.jpeg?fit=600%2C400&ssl=1",600,400,true],"newsair-slider-full":["https:\/\/i0.wp.com\/radioecoutefm.com\/wp-content\/uploads\/2025\/03\/D4C8932C-C1F5-4EAF-8AC7-E4B466FC7AE5.jpeg?resize=600%2C400&ssl=1",600,400,true],"newsair-featured":["https:\/\/i0.wp.com\/radioecoutefm.com\/wp-content\/uploads\/2025\/03\/D4C8932C-C1F5-4EAF-8AC7-E4B466FC7AE5.jpeg?fit=600%2C400&ssl=1",600,400,true],"newsair-medium":["https:\/\/i0.wp.com\/radioecoutefm.com\/wp-content\/uploads\/2025\/03\/D4C8932C-C1F5-4EAF-8AC7-E4B466FC7AE5.jpeg?resize=600%2C380&ssl=1",600,380,true]},"uagb_author_info":{"display_name":"Ecoute FM","author_link":"https:\/\/radioecoutefm.com\/index.php\/author\/borgellaattis\/"},"uagb_comment_info":0,"uagb_excerpt":"Ce mervredi 19 mars 2025, une manifestation d&#8217;une ampleur in\u00e9dite se d\u00e9roule \u00e0 Canap\u00e9-Vert, un quartier de la capitale ha\u00eftienne, Port-au-Prince. Des milliers de citoyens, en col\u00e8re contre la situation politique et sociale du pays, ont investi les rues pour exprimer leur m\u00e9contentement. Les manifestants d\u00e9noncent vivement l&#8217;incapacit\u00e9 des autorit\u00e9s \u00e0 r\u00e9soudre la crise des&hellip;","jetpack_sharing_enabled":true,"jetpack_shortlink":"https:\/\/wp.me\/pgoyna-tU","jetpack-related-posts":[{"id":3016,"url":"https:\/\/radioecoutefm.com\/index.php\/2025\/04\/17\/manifestation-tuee-dans-loeuf-a-port-au-prince\/","url_meta":{"origin":1854,"position":0},"title":"Manifestation tu\u00e9e dans l&#8217;\u0153uf \u00e0 Port-au-Prince","author":"Ecoute FM","date":"17.04.2025","format":false,"excerpt":"Des milliers de personnes avaient pris rendez-vous, ce mercredi 16 avril 2025, \u00e0 Port-au-Prince, pour manifester contre l'ins\u00e9curit\u00e9 et l\u2019inaction du gouvernement face aux actions destructrices des groupes arm\u00e9s. Les manifestants n\u2019ont pas eu la chance d'atteindre leur objectif en raison d'un fort dispositif de s\u00e9curit\u00e9 compos\u00e9 des policiers et\u2026","rel":"","context":"In &quot;POLITIQUE&quot;","block_context":{"text":"POLITIQUE","link":"https:\/\/radioecoutefm.com\/index.php\/category\/politique\/"},"img":{"alt_text":"","src":"https:\/\/i0.wp.com\/radioecoutefm.com\/wp-content\/uploads\/2025\/04\/8FBC2299-7B71-4214-84F2-9162E33709D8.jpeg?fit=1200%2C675&ssl=1&resize=350%2C200","width":350,"height":200,"srcset":"https:\/\/i0.wp.com\/radioecoutefm.com\/wp-content\/uploads\/2025\/04\/8FBC2299-7B71-4214-84F2-9162E33709D8.jpeg?fit=1200%2C675&ssl=1&resize=350%2C200 1x, https:\/\/i0.wp.com\/radioecoutefm.com\/wp-content\/uploads\/2025\/04\/8FBC2299-7B71-4214-84F2-9162E33709D8.jpeg?fit=1200%2C675&ssl=1&resize=525%2C300 1.5x, https:\/\/i0.wp.com\/radioecoutefm.com\/wp-content\/uploads\/2025\/04\/8FBC2299-7B71-4214-84F2-9162E33709D8.jpeg?fit=1200%2C675&ssl=1&resize=700%2C400 2x, https:\/\/i0.wp.com\/radioecoutefm.com\/wp-content\/uploads\/2025\/04\/8FBC2299-7B71-4214-84F2-9162E33709D8.jpeg?fit=1200%2C675&ssl=1&resize=1050%2C600 3x"},"classes":[]},{"id":2119,"url":"https:\/\/radioecoutefm.com\/index.php\/2025\/03\/28\/nouvelle-protestation-des-residents-de-canape-vert-contre-linsecurite\/","url_meta":{"origin":1854,"position":1},"title":"Nouvelle protestation des r\u00e9sidents de Canap\u00e9 vert contre l&#8217;ins\u00e9curit\u00e9","author":"Ecoute FM","date":"28.03.2025","format":false,"excerpt":"Plusieurs habitants venant du Canap\u00e9-vert, de D\u00e9bussy et de Turgeau, ont une nouvelle fois ont occup\u00e9s les rues de la capitale d'Haiti ce jeudi 25 mars 2025 pour continuer d\u00e9noncer l'ins\u00e9curit\u00e9 et r\u00e9clamer le d\u00e9part du Conseil pr\u00e9sidentiel de transition, \u00ab incapable de mettre un terme \u00e0 la terreur des\u2026","rel":"","context":"In &quot;INSECURITE&quot;","block_context":{"text":"INSECURITE","link":"https:\/\/radioecoutefm.com\/index.php\/category\/securite\/"},"img":{"alt_text":"","src":"","width":0,"height":0},"classes":[]},{"id":2970,"url":"https:\/\/radioecoutefm.com\/index.php\/2025\/04\/16\/debut-de-la-manifestation-a-canape-vert-contre-linsecurite-des-barricades-erigees-des-le-matin\/","url_meta":{"origin":1854,"position":2},"title":"D\u00e9but de la manifestation \u00e0 Canap\u00e9-Vert contre l\u2019ins\u00e9curit\u00e9 : des barricades \u00e9rig\u00e9es d\u00e8s le matin","author":"Ecoute FM","date":"16.04.2025","format":false,"excerpt":"Port-au-Prince, 16 avril 2025 \u2014 La journ\u00e9e de ce mercredi a d\u00e9marr\u00e9 sous haute tension dans plusieurs zones de la capitale ha\u00eftienne. Comme annonc\u00e9, un rassemblement contre l\u2019ins\u00e9curit\u00e9 a d\u00e9but\u00e9 dans la matin\u00e9e au niveau \u00a0de Canap\u00e9-Vert, o\u00f9 des barricades ont \u00e9t\u00e9 rapidement \u00e9rig\u00e9es par des manifestants. Pneus enflamm\u00e9s, pierres\u2026","rel":"","context":"In &quot;INSECURITE&quot;","block_context":{"text":"INSECURITE","link":"https:\/\/radioecoutefm.com\/index.php\/category\/securite\/"},"img":{"alt_text":"","src":"https:\/\/i0.wp.com\/radioecoutefm.com\/wp-content\/uploads\/2025\/04\/IMG_1709.jpeg?fit=1077%2C718&ssl=1&resize=350%2C200","width":350,"height":200,"srcset":"https:\/\/i0.wp.com\/radioecoutefm.com\/wp-content\/uploads\/2025\/04\/IMG_1709.jpeg?fit=1077%2C718&ssl=1&resize=350%2C200 1x, https:\/\/i0.wp.com\/radioecoutefm.com\/wp-content\/uploads\/2025\/04\/IMG_1709.jpeg?fit=1077%2C718&ssl=1&resize=525%2C300 1.5x, https:\/\/i0.wp.com\/radioecoutefm.com\/wp-content\/uploads\/2025\/04\/IMG_1709.jpeg?fit=1077%2C718&ssl=1&resize=700%2C400 2x, https:\/\/i0.wp.com\/radioecoutefm.com\/wp-content\/uploads\/2025\/04\/IMG_1709.jpeg?fit=1077%2C718&ssl=1&resize=1050%2C600 3x"},"classes":[]},{"id":1866,"url":"https:\/\/radioecoutefm.com\/index.php\/2025\/03\/19\/canape-vert-resistance-persistante-malgre-lintervention-de-la-police\/","url_meta":{"origin":1854,"position":3},"title":"Canap\u00e9-vert R\u00e9sistance persistante malgr\u00e9 l\u2019intervention de la police","author":"Ecoute FM","date":"19.03.2025","format":false,"excerpt":"La tension est mont\u00e9e d\u2019un cran \u00e0 Canap\u00e9-vert alors que des milliers de manifestants ont affront\u00e9 les forces de l'ordre dans une nouvelle journ\u00e9e de protestation contre les autorit\u00e9s locales. Depuis ce mercredi 19 mars, les rues de Boudon, une zone strat\u00e9gique de la ville, sont le th\u00e9\u00e2tre de violents\u2026","rel":"","context":"In &quot;INSECURITE&quot;","block_context":{"text":"INSECURITE","link":"https:\/\/radioecoutefm.com\/index.php\/category\/securite\/"},"img":{"alt_text":"","src":"https:\/\/i0.wp.com\/radioecoutefm.com\/wp-content\/uploads\/2025\/03\/8EAA9D65-1CB4-48DB-97D1-92F127958EDB.jpeg?fit=1200%2C788&ssl=1&resize=350%2C200","width":350,"height":200,"srcset":"https:\/\/i0.wp.com\/radioecoutefm.com\/wp-content\/uploads\/2025\/03\/8EAA9D65-1CB4-48DB-97D1-92F127958EDB.jpeg?fit=1200%2C788&ssl=1&resize=350%2C200 1x, https:\/\/i0.wp.com\/radioecoutefm.com\/wp-content\/uploads\/2025\/03\/8EAA9D65-1CB4-48DB-97D1-92F127958EDB.jpeg?fit=1200%2C788&ssl=1&resize=525%2C300 1.5x, https:\/\/i0.wp.com\/radioecoutefm.com\/wp-content\/uploads\/2025\/03\/8EAA9D65-1CB4-48DB-97D1-92F127958EDB.jpeg?fit=1200%2C788&ssl=1&resize=700%2C400 2x, https:\/\/i0.wp.com\/radioecoutefm.com\/wp-content\/uploads\/2025\/03\/8EAA9D65-1CB4-48DB-97D1-92F127958EDB.jpeg?fit=1200%2C788&ssl=1&resize=1050%2C600 3x"},"classes":[]},{"id":2240,"url":"https:\/\/radioecoutefm.com\/index.php\/2025\/04\/02\/haiti-journee-de-protestation-a-port-au-prince-contre-linsecurite\/","url_meta":{"origin":1854,"position":4},"title":"Haiti: Journ\u00e9e de protestation \u00e0 Port-au-Prince contre l&#8217;ins\u00e9curit\u00e9","author":"Ecoute FM","date":"02.04.2025","format":false,"excerpt":"La capitale ha\u00eftienne a connu une journ\u00e9e mouvement\u00e9e, ce 2 avril 2025, o\u00f9 plusieurs art\u00e8res dans l\u2019aire m\u00e9tropolitaine de Port-au-Prince ont \u00e9t\u00e9 bloqu\u00e9es. Des milliers de citoyens ont regagn\u00e9 les rues pour exiger aux autorit\u00e9s de prendre des mesures contre l\u2019ins\u00e9curit\u00e9 et mettre fin aux actions des bandits de la\u2026","rel":"","context":"In &quot;INSECURITE&quot;","block_context":{"text":"INSECURITE","link":"https:\/\/radioecoutefm.com\/index.php\/category\/securite\/"},"img":{"alt_text":"","src":"https:\/\/i0.wp.com\/radioecoutefm.com\/wp-content\/uploads\/2025\/04\/jj.jpg?fit=1057%2C592&ssl=1&resize=350%2C200","width":350,"height":200,"srcset":"https:\/\/i0.wp.com\/radioecoutefm.com\/wp-content\/uploads\/2025\/04\/jj.jpg?fit=1057%2C592&ssl=1&resize=350%2C200 1x, https:\/\/i0.wp.com\/radioecoutefm.com\/wp-content\/uploads\/2025\/04\/jj.jpg?fit=1057%2C592&ssl=1&resize=525%2C300 1.5x, https:\/\/i0.wp.com\/radioecoutefm.com\/wp-content\/uploads\/2025\/04\/jj.jpg?fit=1057%2C592&ssl=1&resize=700%2C400 2x, https:\/\/i0.wp.com\/radioecoutefm.com\/wp-content\/uploads\/2025\/04\/jj.jpg?fit=1057%2C592&ssl=1&resize=1050%2C600 3x"},"classes":[]},{"id":2416,"url":"https:\/\/radioecoutefm.com\/index.php\/2025\/04\/06\/canape-vert-symbole-de-resistance-contre-les-gangs\/","url_meta":{"origin":1854,"position":5},"title":"Canap\u00e9 Vert, symbole de r\u00e9sistance contre les gangs","author":"Ecoute FM","date":"06.04.2025","format":false,"excerpt":"Si plusieurs quartiers de la capitale ha\u00eftienne sont sous le contr\u00f4le des gangs arm\u00e9s, Canap\u00e9 Vert, situ\u00e9 \u00e0 l'est de Port-au-Prince, repr\u00e9sente un d\u00e9fi pour ces criminels. Prot\u00e9g\u00e9e par une brigade compos\u00e9e de civils et de policiers r\u00e9sidant dans la zone et ayant \u00e0 sa t\u00eate le policier Samuel, cette\u2026","rel":"","context":"In &quot;INSECURITE&quot;","block_context":{"text":"INSECURITE","link":"https:\/\/radioecoutefm.com\/index.php\/category\/securite\/"},"img":{"alt_text":"","src":"https:\/\/i0.wp.com\/radioecoutefm.com\/wp-content\/uploads\/2025\/04\/CC565E64-313A-4DC8-B1CB-670AA9436D7B.jpeg?fit=720%2C540&ssl=1&resize=350%2C200","width":350,"height":200,"srcset":"https:\/\/i0.wp.com\/radioecoutefm.com\/wp-content\/uploads\/2025\/04\/CC565E64-313A-4DC8-B1CB-670AA9436D7B.jpeg?fit=720%2C540&ssl=1&resize=350%2C200 1x, https:\/\/i0.wp.com\/radioecoutefm.com\/wp-content\/uploads\/2025\/04\/CC565E64-313A-4DC8-B1CB-670AA9436D7B.jpeg?fit=720%2C540&ssl=1&resize=525%2C300 1.5x, https:\/\/i0.wp.com\/radioecoutefm.com\/wp-content\/uploads\/2025\/04\/CC565E64-313A-4DC8-B1CB-670AA9436D7B.jpeg?fit=720%2C540&ssl=1&resize=700%2C400 2x"},"classes":[]}],"authors":[{"term_id":15,"user_id":1,"is_guest":0,"slug":"borgellaattis","display_name":"Ecoute FM","avatar_url":"https:\/\/secure.gravatar.com\/avatar\/a5369629745bf29c5deb65198d5e38aed1dc2c880c04b3b630ab3f6e8c623b70?s=96&d=mm&r=g","0":null,"1":"","2":"","3":"","4":"","5":"","6":"","7":"","8":""}],"_links":{"self":[{"href":"https:\/\/radioecoutefm.com\/index.php\/wp-json\/wp\/v2\/posts\/1854","targetHints":{"allow":["GET"]}}],"collection":[{"href":"https:\/\/radioecoutefm.com\/index.php\/wp-json\/wp\/v2\/posts"}],"about":[{"href":"https:\/\/radioecoutefm.com\/index.php\/wp-json\/wp\/v2\/types\/post"}],"author":[{"embeddable":true,"href":"https:\/\/radioecoutefm.com\/index.php\/wp-json\/wp\/v2\/users\/1"}],"replies":[{"embeddable":true,"href":"https:\/\/radioecoutefm.com\/index.php\/wp-json\/wp\/v2\/comments?post=1854"}],"version-history":[{"count":2,"href":"https:\/\/radioecoutefm.com\/index.php\/wp-json\/wp\/v2\/posts\/1854\/revisions"}],"predecessor-version":[{"id":1872,"href":"https:\/\/radioecoutefm.com\/index.php\/wp-json\/wp\/v2\/posts\/1854\/revisions\/1872"}],"wp:featuredmedia":[{"embeddable":true,"href":"https:\/\/radioecoutefm.com\/index.php\/wp-json\/wp\/v2\/media\/1855"}],"wp:attachment":[{"href":"https:\/\/radioecoutefm.com\/index.php\/wp-json\/wp\/v2\/media?parent=1854"}],"wp:term":[{"taxonomy":"category","embeddable":true,"href":"https:\/\/radioecoutefm.com\/index.php\/wp-json\/wp\/v2\/categories?post=1854"},{"taxonomy":"post_tag","embeddable":true,"href":"https:\/\/radioecoutefm.com\/index.php\/wp-json\/wp\/v2\/tags?post=1854"},{"taxonomy":"author","embeddable":true,"href":"https:\/\/radioecoutefm.com\/index.php\/wp-json\/wp\/v2\/ppma_author?post=1854"}],"curies":[{"name":"wp","href":"https:\/\/api.w.org\/{rel}","templated":true}]}}