{"id":1676,"date":"2025-03-16T20:50:21","date_gmt":"2025-03-16T20:50:21","guid":{"rendered":"https:\/\/radioecoutefm.com\/?p=1676"},"modified":"2025-03-16T20:50:21","modified_gmt":"2025-03-16T20:50:21","slug":"report-de-la-premiere-journee-du-championnat-national-special-de-d1","status":"publish","type":"post","link":"https:\/\/radioecoutefm.com\/index.php\/2025\/03\/16\/report-de-la-premiere-journee-du-championnat-national-special-de-d1\/","title":{"rendered":"Report de la premi\u00e8re journ\u00e9e du championnat national sp\u00e9cial de D1"},"content":{"rendered":"<p>La F\u00e9d\u00e9ration ha\u00eftienne de football a publi\u00e9 une note le dimanche 16 mars 2025 pour annoncer le report de la premi\u00e8re journ\u00e9e du championnat national sp\u00e9cial de D1.<\/p>\n<p>Cette d\u00e9cision a \u00e9t\u00e9 prise en raison de l\u2019indisponibilit\u00e9 des arbitres, qui ont fix\u00e9 diverses conditions devant \u00eatre respect\u00e9es par les membres de la F\u00e9d\u00e9ration.<\/p>\n<p>Un accord doit \u00eatre trouv\u00e9 dans les plus brefs d\u00e9lais entre les parties pour le plaisir des amateurs de football.<\/p>\n","protected":false},"excerpt":{"rendered":"<p>La F\u00e9d\u00e9ration ha\u00eftienne de football a publi\u00e9 une note le dimanche 16 mars 2025 pour annoncer le report de la premi\u00e8re journ\u00e9e du championnat national sp\u00e9cial de D1. Cette d\u00e9cision a \u00e9t\u00e9 prise en raison de l\u2019indisponibilit\u00e9 des arbitres, qui ont fix\u00e9 diverses conditions devant \u00eatre respect\u00e9es par les membres de la F\u00e9d\u00e9ration. Un accord [&hellip;]<\/p>\n","protected":false},"author":5,"featured_media":1677,"comment_status":"open","ping_status":"open","sticky":false,"template":"","format":"standard","meta":{"_uag_custom_page_level_css":"","jetpack_post_was_ever_published":false,"_jetpack_newsletter_access":"","_jetpack_dont_email_post_to_subs":false,"_jetpack_newsletter_tier_id":0,"_jetpack_memberships_contains_paywalled_content":false,"_jetpack_memberships_contains_paid_content":false,"footnotes":"","jetpack_publicize_message":"","jetpack_publicize_feature_enabled":true,"jetpack_social_post_already_shared":true,"jetpack_social_options":{"image_generator_settings":{"template":"highway","default_image_id":0,"font":"","enabled":false},"version":2}},"categories":[10],"tags":[],"ppma_author":[53],"class_list":["post-1676","post","type-post","status-publish","format-standard","has-post-thumbnail","hentry","category-sport"],"aioseo_notices":[],"jetpack_publicize_connections":[],"jetpack_featured_media_url":"https:\/\/i0.wp.com\/radioecoutefm.com\/wp-content\/uploads\/2025\/03\/64CE9738-674F-41F1-B27B-DF04200641EC.webp?fit=512%2C341&ssl=1","uagb_featured_image_src":{"full":["https:\/\/i0.wp.com\/radioecoutefm.com\/wp-content\/uploads\/2025\/03\/64CE9738-674F-41F1-B27B-DF04200641EC.webp?fit=512%2C341&ssl=1",512,341,false],"thumbnail":["https:\/\/i0.wp.com\/radioecoutefm.com\/wp-content\/uploads\/2025\/03\/64CE9738-674F-41F1-B27B-DF04200641EC.webp?resize=150%2C150&ssl=1",150,150,true],"medium":["https:\/\/i0.wp.com\/radioecoutefm.com\/wp-content\/uploads\/2025\/03\/64CE9738-674F-41F1-B27B-DF04200641EC.webp?fit=300%2C200&ssl=1",300,200,true],"medium_large":["https:\/\/i0.wp.com\/radioecoutefm.com\/wp-content\/uploads\/2025\/03\/64CE9738-674F-41F1-B27B-DF04200641EC.webp?fit=512%2C341&ssl=1",512,341,true],"large":["https:\/\/i0.wp.com\/radioecoutefm.com\/wp-content\/uploads\/2025\/03\/64CE9738-674F-41F1-B27B-DF04200641EC.webp?fit=512%2C341&ssl=1",512,341,true],"1536x1536":["https:\/\/i0.wp.com\/radioecoutefm.com\/wp-content\/uploads\/2025\/03\/64CE9738-674F-41F1-B27B-DF04200641EC.webp?fit=512%2C341&ssl=1",512,341,true],"2048x2048":["https:\/\/i0.wp.com\/radioecoutefm.com\/wp-content\/uploads\/2025\/03\/64CE9738-674F-41F1-B27B-DF04200641EC.webp?fit=512%2C341&ssl=1",512,341,true],"newsair-slider-full":["https:\/\/i0.wp.com\/radioecoutefm.com\/wp-content\/uploads\/2025\/03\/64CE9738-674F-41F1-B27B-DF04200641EC.webp?resize=512%2C341&ssl=1",512,341,true],"newsair-featured":["https:\/\/i0.wp.com\/radioecoutefm.com\/wp-content\/uploads\/2025\/03\/64CE9738-674F-41F1-B27B-DF04200641EC.webp?fit=512%2C341&ssl=1",512,341,true],"newsair-medium":["https:\/\/i0.wp.com\/radioecoutefm.com\/wp-content\/uploads\/2025\/03\/64CE9738-674F-41F1-B27B-DF04200641EC.webp?resize=512%2C341&ssl=1",512,341,true]},"uagb_author_info":{"display_name":"Claude DIEUPHENE","author_link":"https:\/\/radioecoutefm.com\/index.php\/author\/claude-dieuphene\/"},"uagb_comment_info":0,"uagb_excerpt":"La F\u00e9d\u00e9ration ha\u00eftienne de football a publi\u00e9 une note le dimanche 16 mars 2025 pour annoncer le report de la premi\u00e8re journ\u00e9e du championnat national sp\u00e9cial de D1. Cette d\u00e9cision a \u00e9t\u00e9 prise en raison de l\u2019indisponibilit\u00e9 des arbitres, qui ont fix\u00e9 diverses conditions devant \u00eatre respect\u00e9es par les membres de la F\u00e9d\u00e9ration. Un accord&hellip;","jetpack_sharing_enabled":true,"jetpack_shortlink":"https:\/\/wp.me\/pgoyna-r2","jetpack-related-posts":[{"id":2718,"url":"https:\/\/radioecoutefm.com\/index.php\/2025\/04\/12\/championnat-special-trois-derbys-programmes-ce-weekend\/","url_meta":{"origin":1676,"position":0},"title":"Championnat sp\u00e9cial: Trois derbys programm\u00e9s ce weekend","author":"Ecoute FM","date":"12.04.2025","format":false,"excerpt":"La quatri\u00e8me journ\u00e9e du championnat national sp\u00e9cial de premi\u00e8re division va jouer pour le compte de la quatri\u00e8me journ\u00e9e. Trois matchs sont \u00e0 l'affiche dans les groupes Artibonite, Ouest et Sud. On suivra particuli\u00e8rement le derby de Port-au-Prince entre le Violette AC et le Racing CH, ainsi que celui de\u2026","rel":"","context":"In &quot;SPORT&quot;","block_context":{"text":"SPORT","link":"https:\/\/radioecoutefm.com\/index.php\/category\/sport\/"},"img":{"alt_text":"","src":"https:\/\/i0.wp.com\/radioecoutefm.com\/wp-content\/uploads\/2025\/04\/Championnat.jpeg?fit=960%2C646&ssl=1&resize=350%2C200","width":350,"height":200,"srcset":"https:\/\/i0.wp.com\/radioecoutefm.com\/wp-content\/uploads\/2025\/04\/Championnat.jpeg?fit=960%2C646&ssl=1&resize=350%2C200 1x, https:\/\/i0.wp.com\/radioecoutefm.com\/wp-content\/uploads\/2025\/04\/Championnat.jpeg?fit=960%2C646&ssl=1&resize=525%2C300 1.5x, https:\/\/i0.wp.com\/radioecoutefm.com\/wp-content\/uploads\/2025\/04\/Championnat.jpeg?fit=960%2C646&ssl=1&resize=700%2C400 2x"},"classes":[]},{"id":4292,"url":"https:\/\/radioecoutefm.com\/index.php\/2025\/05\/17\/lyon-ecrase-le-psg-et-poursuit-sa-domination-en-d1-arkema\/","url_meta":{"origin":1676,"position":1},"title":"Lyon \u00e9crase le PSG et poursuit sa domination en D1 Arkema","author":"Ecoute FM","date":"17.05.2025","format":false,"excerpt":"Lors de la finale de l'Arkema, l'Olympique Lyonnais s'est impos\u00e9, ce vendredi 16 mai 2025, face au Paris Saint-Germain (3-0). Les Lyonnaises ont une nouvelle fois d\u00e9montr\u00e9 leur supr\u00e9matie sur le football f\u00e9minin fran\u00e7ais, avec en figure de proue l'\u00e9tincelante Melchie Dumornay, premi\u00e8re buteuse de la partie. Ce succ\u00e8s de\u2026","rel":"","context":"In &quot;SPORT&quot;","block_context":{"text":"SPORT","link":"https:\/\/radioecoutefm.com\/index.php\/category\/sport\/"},"img":{"alt_text":"","src":"https:\/\/i0.wp.com\/radioecoutefm.com\/wp-content\/uploads\/2025\/05\/Melchie-ecoute.png?fit=393%2C262&ssl=1&resize=350%2C200","width":350,"height":200},"classes":[]},{"id":155,"url":"https:\/\/radioecoutefm.com\/index.php\/2024\/12\/28\/melchie-dumornay-candidate-pour-le-prix-de-meilleure-joueuse-du-mois-de-decembre\/","url_meta":{"origin":1676,"position":2},"title":"Melchie Dumornay candidate pour le prix de meilleure joueuse du mois de d\u00e9cembre","author":"Ecoute FM","date":"28.12.2024","format":false,"excerpt":"Apr\u00e8s une moiti\u00e9 de saison fleurissante avec Lyon, la star ha\u00eftienne Melchie Daelle Dumornay est dans la liste des trois joueuses qui sont nomin\u00e9es pour \u00eatre la meilleure joueuse du mois de d\u00e9cembre dans l\u2019Arkema premi\u00e8re Ligue. La liste est compos\u00e9 de Marie Antoinette Katoto du Paris Saint Germain et\u2026","rel":"","context":"In &quot;Ecoute FM&quot;","block_context":{"text":"Ecoute FM","link":"https:\/\/radioecoutefm.com\/index.php\/category\/ecoute-fm\/"},"img":{"alt_text":"","src":"https:\/\/i0.wp.com\/radioecoutefm.com\/wp-content\/uploads\/2024\/12\/melchie.webp?fit=640%2C360&ssl=1&resize=350%2C200","width":350,"height":200,"srcset":"https:\/\/i0.wp.com\/radioecoutefm.com\/wp-content\/uploads\/2024\/12\/melchie.webp?fit=640%2C360&ssl=1&resize=350%2C200 1x, https:\/\/i0.wp.com\/radioecoutefm.com\/wp-content\/uploads\/2024\/12\/melchie.webp?fit=640%2C360&ssl=1&resize=525%2C300 1.5x"},"classes":[]},{"id":4274,"url":"https:\/\/radioecoutefm.com\/index.php\/2025\/05\/16\/playoffs-les-deux-groupes-connus\/","url_meta":{"origin":1676,"position":3},"title":"Playoffs: Les deux groupes connus","author":"Ecoute FM","date":"16.05.2025","format":false,"excerpt":"Le championnat national sp\u00e9cial va jouer pour le compte des playoffs du 21 au 30 mai 2025. Les huit \u00e9quipes sont r\u00e9partis en deux groupes. Le groupe I se compose des qualifi\u00e9s des groupes A et B, tandis que Le groupe B sera constitu\u00e9 des formations de Port-au-Prince et du\u2026","rel":"","context":"In &quot;SPORT&quot;","block_context":{"text":"SPORT","link":"https:\/\/radioecoutefm.com\/index.php\/category\/sport\/"},"img":{"alt_text":"","src":"https:\/\/i0.wp.com\/radioecoutefm.com\/wp-content\/uploads\/2025\/05\/champio.webp?fit=1080%2C720&ssl=1&resize=350%2C200","width":350,"height":200,"srcset":"https:\/\/i0.wp.com\/radioecoutefm.com\/wp-content\/uploads\/2025\/05\/champio.webp?fit=1080%2C720&ssl=1&resize=350%2C200 1x, https:\/\/i0.wp.com\/radioecoutefm.com\/wp-content\/uploads\/2025\/05\/champio.webp?fit=1080%2C720&ssl=1&resize=525%2C300 1.5x, https:\/\/i0.wp.com\/radioecoutefm.com\/wp-content\/uploads\/2025\/05\/champio.webp?fit=1080%2C720&ssl=1&resize=700%2C400 2x, https:\/\/i0.wp.com\/radioecoutefm.com\/wp-content\/uploads\/2025\/05\/champio.webp?fit=1080%2C720&ssl=1&resize=1050%2C600 3x"},"classes":[]},{"id":5740,"url":"https:\/\/radioecoutefm.com\/index.php\/2025\/09\/07\/arkema-premiere-ligue-sherly-jeudy-arrache-le-nul-pour-lens-face-au-psg\/","url_meta":{"origin":1676,"position":4},"title":"Arkema Premi\u00e8re Ligue : Sherly Jeudy arrache le nul pour Lens face au PSG","author":"Ecoute FM","date":"07.09.2025","format":false,"excerpt":"Le RC Lens a r\u00e9ussi son entr\u00e9e en Arkema Premi\u00e8re Ligue en tenant t\u00eate au Paris Saint-Germain (1-1), ce samedi, au Stade Bollaert-Delelis. Devant plus de 10 000 spectateurs, les Sang et Or ont arrach\u00e9 leur tout premier point en D1 gr\u00e2ce \u00e0 un but d\u00e9cisif de l\u2019attaquante ha\u00eftienne Sherly\u2026","rel":"","context":"In &quot;SPORT&quot;","block_context":{"text":"SPORT","link":"https:\/\/radioecoutefm.com\/index.php\/category\/sport\/"},"img":{"alt_text":"","src":"https:\/\/i0.wp.com\/radioecoutefm.com\/wp-content\/uploads\/2025\/09\/2ECDF202-681F-4101-904D-0EBF319EDEDA.jpeg?fit=960%2C1200&ssl=1&resize=350%2C200","width":350,"height":200,"srcset":"https:\/\/i0.wp.com\/radioecoutefm.com\/wp-content\/uploads\/2025\/09\/2ECDF202-681F-4101-904D-0EBF319EDEDA.jpeg?fit=960%2C1200&ssl=1&resize=350%2C200 1x, https:\/\/i0.wp.com\/radioecoutefm.com\/wp-content\/uploads\/2025\/09\/2ECDF202-681F-4101-904D-0EBF319EDEDA.jpeg?fit=960%2C1200&ssl=1&resize=525%2C300 1.5x, https:\/\/i0.wp.com\/radioecoutefm.com\/wp-content\/uploads\/2025\/09\/2ECDF202-681F-4101-904D-0EBF319EDEDA.jpeg?fit=960%2C1200&ssl=1&resize=700%2C400 2x"},"classes":[]},{"id":3493,"url":"https:\/\/radioecoutefm.com\/index.php\/2025\/04\/26\/melchie-dumornay-elue-joueuse-du-mois-de-mars-en-france\/","url_meta":{"origin":1676,"position":5},"title":"Melchie Dumornay \u00e9lue joueuse du mois de mars en France","author":"Ecoute FM","date":"26.04.2025","format":false,"excerpt":"Les organisateurs de la Premi\u00e8re Ligue Arkema ont d\u00e9sign\u00e9 Melchie Dumornay comme la joueuse du mois de mars, ce 26 avril. L' Ha\u00eftienne qui r\u00e9alise une saison exceptionnelle a boucl\u00e9 ce mois avec 3 buts pour l'Olympique Lyonnais. C'est un fait, Melchie r\u00e9alise sa meilleure saison sur le continent europ\u00e9en.\u2026","rel":"","context":"In &quot;SPORT&quot;","block_context":{"text":"SPORT","link":"https:\/\/radioecoutefm.com\/index.php\/category\/sport\/"},"img":{"alt_text":"","src":"https:\/\/i0.wp.com\/radioecoutefm.com\/wp-content\/uploads\/2025\/04\/FA17715B-B410-49E0-B198-B6E965F3B809.jpeg?fit=771%2C575&ssl=1&resize=350%2C200","width":350,"height":200,"srcset":"https:\/\/i0.wp.com\/radioecoutefm.com\/wp-content\/uploads\/2025\/04\/FA17715B-B410-49E0-B198-B6E965F3B809.jpeg?fit=771%2C575&ssl=1&resize=350%2C200 1x, https:\/\/i0.wp.com\/radioecoutefm.com\/wp-content\/uploads\/2025\/04\/FA17715B-B410-49E0-B198-B6E965F3B809.jpeg?fit=771%2C575&ssl=1&resize=525%2C300 1.5x, https:\/\/i0.wp.com\/radioecoutefm.com\/wp-content\/uploads\/2025\/04\/FA17715B-B410-49E0-B198-B6E965F3B809.jpeg?fit=771%2C575&ssl=1&resize=700%2C400 2x"},"classes":[]}],"authors":[{"term_id":53,"user_id":5,"is_guest":0,"slug":"claude-dieuphene","display_name":"Claude DIEUPHENE","avatar_url":"https:\/\/secure.gravatar.com\/avatar\/52a9885f415a42cb79e7e24223a825cc709ae7f51b165028b5dc383e1d8c3c5f?s=96&d=mm&r=g","0":null,"1":"","2":"","3":"","4":"","5":"","6":"","7":"","8":""}],"_links":{"self":[{"href":"https:\/\/radioecoutefm.com\/index.php\/wp-json\/wp\/v2\/posts\/1676","targetHints":{"allow":["GET"]}}],"collection":[{"href":"https:\/\/radioecoutefm.com\/index.php\/wp-json\/wp\/v2\/posts"}],"about":[{"href":"https:\/\/radioecoutefm.com\/index.php\/wp-json\/wp\/v2\/types\/post"}],"author":[{"embeddable":true,"href":"https:\/\/radioecoutefm.com\/index.php\/wp-json\/wp\/v2\/users\/5"}],"replies":[{"embeddable":true,"href":"https:\/\/radioecoutefm.com\/index.php\/wp-json\/wp\/v2\/comments?post=1676"}],"version-history":[{"count":1,"href":"https:\/\/radioecoutefm.com\/index.php\/wp-json\/wp\/v2\/posts\/1676\/revisions"}],"predecessor-version":[{"id":1681,"href":"https:\/\/radioecoutefm.com\/index.php\/wp-json\/wp\/v2\/posts\/1676\/revisions\/1681"}],"wp:featuredmedia":[{"embeddable":true,"href":"https:\/\/radioecoutefm.com\/index.php\/wp-json\/wp\/v2\/media\/1677"}],"wp:attachment":[{"href":"https:\/\/radioecoutefm.com\/index.php\/wp-json\/wp\/v2\/media?parent=1676"}],"wp:term":[{"taxonomy":"category","embeddable":true,"href":"https:\/\/radioecoutefm.com\/index.php\/wp-json\/wp\/v2\/categories?post=1676"},{"taxonomy":"post_tag","embeddable":true,"href":"https:\/\/radioecoutefm.com\/index.php\/wp-json\/wp\/v2\/tags?post=1676"},{"taxonomy":"author","embeddable":true,"href":"https:\/\/radioecoutefm.com\/index.php\/wp-json\/wp\/v2\/ppma_author?post=1676"}],"curies":[{"name":"wp","href":"https:\/\/api.w.org\/{rel}","templated":true}]}}