{"id":1579,"date":"2025-03-13T16:15:15","date_gmt":"2025-03-13T16:15:15","guid":{"rendered":"https:\/\/radioecoutefm.com\/?p=1579"},"modified":"2025-03-13T16:15:15","modified_gmt":"2025-03-13T16:15:15","slug":"arrestation-dun-fournisseur-de-munitions-a-la-bande-de-viv-ansanm","status":"publish","type":"post","link":"https:\/\/radioecoutefm.com\/index.php\/2025\/03\/13\/arrestation-dun-fournisseur-de-munitions-a-la-bande-de-viv-ansanm\/","title":{"rendered":"Arrestation d&#8217;un fournisseur de munitions a la bande de Viv ansanm"},"content":{"rendered":"<p>Lionel Lazare Porte-parole Adjoint de la Police Nationale d&#8217;Ha\u00efti, a annonc\u00e9 durant une conf\u00e9rence de presse le mercredi 12 Mars, la police Nationale d&#8217;Haiti a proc\u00e9d\u00e9 a l\u2019arrestation du nomm\u00e9 Jo\u00e9 Pascal Clerg\u00e9 alias \u201cDilou\u201d, num\u00e9ro 2 de l&#8217; \u00ab op\u00e9ration Bagdad \u00bb durant les ann\u00e9es 2004-2006.<\/p>\n<p>Cet individu est l&#8217;un des fournisseurs de minutions au gang Kraze Bary\u00e8 dirig\u00e9 par le nomm\u00e9 Vitelhomme Innocent , ainsi qu&#8217;aux gangs krache dife.<\/p>\n<p>Le pr\u00e9sum\u00e9 gang Jo\u00e9 Pascal Clerg\u00e9, r\u00e9sidait en R\u00e9publique Dominicaine sous une fausse carte de r\u00e9sidence appartenant \u00e0 un citoyen Dominicain du nom de L\u00e9onard Gr\u00e9gory.<\/p>\n<p>Selon les enqu\u00eateurs de la DCPJ,<br \/>\nJo\u00e9 Pascal Clerg\u00e9 utilisait le t\u00e9l\u00e9phone de sa femme pour effectuer des transactions.<\/p>\n<p>Pour transiter ces minutions aux gangs, il empruntait plusieurs voies notamment Anse \u00e0 Pitres, P\u00e9dernales, Plaisance et Marigot, \u00e0 destination Des gangs Kraze Bary\u00e8 et Krafe dife dirig\u00e9 par kempes<\/p>\n","protected":false},"excerpt":{"rendered":"<p>Lionel Lazare Porte-parole Adjoint de la Police Nationale d&#8217;Ha\u00efti, a annonc\u00e9 durant une conf\u00e9rence de presse le mercredi 12 Mars, la police Nationale d&#8217;Haiti a proc\u00e9d\u00e9 a l\u2019arrestation du nomm\u00e9 Jo\u00e9 Pascal Clerg\u00e9 alias \u201cDilou\u201d, num\u00e9ro 2 de l&#8217; \u00ab op\u00e9ration Bagdad \u00bb durant les ann\u00e9es 2004-2006. Cet individu est l&#8217;un des fournisseurs de minutions [&hellip;]<\/p>\n","protected":false},"author":5,"featured_media":1580,"comment_status":"open","ping_status":"open","sticky":false,"template":"","format":"standard","meta":{"_uag_custom_page_level_css":"","jetpack_post_was_ever_published":false,"_jetpack_newsletter_access":"","_jetpack_dont_email_post_to_subs":false,"_jetpack_newsletter_tier_id":0,"_jetpack_memberships_contains_paywalled_content":false,"_jetpack_memberships_contains_paid_content":false,"footnotes":"","jetpack_publicize_message":"","jetpack_publicize_feature_enabled":true,"jetpack_social_post_already_shared":true,"jetpack_social_options":{"image_generator_settings":{"template":"highway","default_image_id":0,"font":"","enabled":false},"version":2}},"categories":[57],"tags":[],"ppma_author":[53],"class_list":["post-1579","post","type-post","status-publish","format-standard","has-post-thumbnail","hentry","category-securite"],"aioseo_notices":[],"jetpack_publicize_connections":[],"jetpack_featured_media_url":"https:\/\/i0.wp.com\/radioecoutefm.com\/wp-content\/uploads\/2025\/03\/gang.jpeg?fit=259%2C194&ssl=1","uagb_featured_image_src":{"full":["https:\/\/i0.wp.com\/radioecoutefm.com\/wp-content\/uploads\/2025\/03\/gang.jpeg?fit=259%2C194&ssl=1",259,194,false],"thumbnail":["https:\/\/i0.wp.com\/radioecoutefm.com\/wp-content\/uploads\/2025\/03\/gang.jpeg?resize=150%2C150&ssl=1",150,150,true],"medium":["https:\/\/i0.wp.com\/radioecoutefm.com\/wp-content\/uploads\/2025\/03\/gang.jpeg?fit=259%2C194&ssl=1",259,194,true],"medium_large":["https:\/\/i0.wp.com\/radioecoutefm.com\/wp-content\/uploads\/2025\/03\/gang.jpeg?fit=259%2C194&ssl=1",259,194,true],"large":["https:\/\/i0.wp.com\/radioecoutefm.com\/wp-content\/uploads\/2025\/03\/gang.jpeg?fit=259%2C194&ssl=1",259,194,true],"1536x1536":["https:\/\/i0.wp.com\/radioecoutefm.com\/wp-content\/uploads\/2025\/03\/gang.jpeg?fit=259%2C194&ssl=1",259,194,true],"2048x2048":["https:\/\/i0.wp.com\/radioecoutefm.com\/wp-content\/uploads\/2025\/03\/gang.jpeg?fit=259%2C194&ssl=1",259,194,true],"newsair-slider-full":["https:\/\/i0.wp.com\/radioecoutefm.com\/wp-content\/uploads\/2025\/03\/gang.jpeg?resize=259%2C194&ssl=1",259,194,true],"newsair-featured":["https:\/\/i0.wp.com\/radioecoutefm.com\/wp-content\/uploads\/2025\/03\/gang.jpeg?fit=259%2C194&ssl=1",259,194,true],"newsair-medium":["https:\/\/i0.wp.com\/radioecoutefm.com\/wp-content\/uploads\/2025\/03\/gang.jpeg?resize=259%2C194&ssl=1",259,194,true]},"uagb_author_info":{"display_name":"Claude DIEUPHENE","author_link":"https:\/\/radioecoutefm.com\/index.php\/author\/claude-dieuphene\/"},"uagb_comment_info":0,"uagb_excerpt":"Lionel Lazare Porte-parole Adjoint de la Police Nationale d&#8217;Ha\u00efti, a annonc\u00e9 durant une conf\u00e9rence de presse le mercredi 12 Mars, la police Nationale d&#8217;Haiti a proc\u00e9d\u00e9 a l\u2019arrestation du nomm\u00e9 Jo\u00e9 Pascal Clerg\u00e9 alias \u201cDilou\u201d, num\u00e9ro 2 de l&#8217; \u00ab op\u00e9ration Bagdad \u00bb durant les ann\u00e9es 2004-2006. Cet individu est l&#8217;un des fournisseurs de minutions&hellip;","jetpack_sharing_enabled":true,"jetpack_shortlink":"https:\/\/wp.me\/pgoyna-pt","jetpack-related-posts":[{"id":2500,"url":"https:\/\/radioecoutefm.com\/index.php\/2025\/04\/08\/le-delegue-departemental-du-centre-confirme-la-mort-du-policier-gary-luma\/","url_meta":{"origin":1579,"position":0},"title":"Le D\u00e9l\u00e9gu\u00e9 d\u00e9partemental du Centre confirme la mort du policier Gary Luma","author":"Ecoute FM","date":"08.04.2025","format":false,"excerpt":"Lors d'un raid men\u00e9 par les forces de l'ordre \u00e0 Mirebalais dans la localit\u00e9 de Carrefour Peligre, ce lundi 8 avril 2025, un agent de l\u2019Unit\u00e9 Temporaire Anti-Gang (UTAG) a tragiquement perdu la vie. Il s'agit de Luma Gary qui a \u00e9t\u00e9 touch\u00e9 lors des affrontements avec les gangs pour\u2026","rel":"","context":"In &quot;INSECURITE&quot;","block_context":{"text":"INSECURITE","link":"https:\/\/radioecoutefm.com\/index.php\/category\/securite\/"},"img":{"alt_text":"","src":"https:\/\/i0.wp.com\/radioecoutefm.com\/wp-content\/uploads\/2025\/04\/80C5224F-27DB-406B-8E56-EC48659831CF.jpeg?fit=1170%2C675&ssl=1&resize=350%2C200","width":350,"height":200,"srcset":"https:\/\/i0.wp.com\/radioecoutefm.com\/wp-content\/uploads\/2025\/04\/80C5224F-27DB-406B-8E56-EC48659831CF.jpeg?fit=1170%2C675&ssl=1&resize=350%2C200 1x, https:\/\/i0.wp.com\/radioecoutefm.com\/wp-content\/uploads\/2025\/04\/80C5224F-27DB-406B-8E56-EC48659831CF.jpeg?fit=1170%2C675&ssl=1&resize=525%2C300 1.5x, https:\/\/i0.wp.com\/radioecoutefm.com\/wp-content\/uploads\/2025\/04\/80C5224F-27DB-406B-8E56-EC48659831CF.jpeg?fit=1170%2C675&ssl=1&resize=700%2C400 2x, https:\/\/i0.wp.com\/radioecoutefm.com\/wp-content\/uploads\/2025\/04\/80C5224F-27DB-406B-8E56-EC48659831CF.jpeg?fit=1170%2C675&ssl=1&resize=1050%2C600 3x"},"classes":[]},{"id":2119,"url":"https:\/\/radioecoutefm.com\/index.php\/2025\/03\/28\/nouvelle-protestation-des-residents-de-canape-vert-contre-linsecurite\/","url_meta":{"origin":1579,"position":1},"title":"Nouvelle protestation des r\u00e9sidents de Canap\u00e9 vert contre l&#8217;ins\u00e9curit\u00e9","author":"Ecoute FM","date":"28.03.2025","format":false,"excerpt":"Plusieurs habitants venant du Canap\u00e9-vert, de D\u00e9bussy et de Turgeau, ont une nouvelle fois ont occup\u00e9s les rues de la capitale d'Haiti ce jeudi 25 mars 2025 pour continuer d\u00e9noncer l'ins\u00e9curit\u00e9 et r\u00e9clamer le d\u00e9part du Conseil pr\u00e9sidentiel de transition, \u00ab incapable de mettre un terme \u00e0 la terreur des\u2026","rel":"","context":"In &quot;INSECURITE&quot;","block_context":{"text":"INSECURITE","link":"https:\/\/radioecoutefm.com\/index.php\/category\/securite\/"},"img":{"alt_text":"","src":"","width":0,"height":0},"classes":[]},{"id":4633,"url":"https:\/\/radioecoutefm.com\/index.php\/2025\/05\/29\/frantz-elbe-nomme-representant-dhaiti-a-la-junte-interamericaine-de-defense\/","url_meta":{"origin":1579,"position":2},"title":"Frantz Elb\u00e9 nomm\u00e9 repr\u00e9sentant d\u2019Ha\u00efti \u00e0 la Junte Interam\u00e9ricaine de D\u00e9fense","author":"Ecoute FM","date":"29.05.2025","format":false,"excerpt":"L\u2019ancien directeur g\u00e9n\u00e9ral de la Police Nationale d\u2019Ha\u00efti (PNH), Frantz Elb\u00e9, entame une nouvelle mission diplomatique en tant que repr\u00e9sentant officiel d\u2019Ha\u00efti aupr\u00e8s de la Junte Interam\u00e9ricaine de D\u00e9fense (JID). s\u00e9curit\u00e9. R\u00e9voqu\u00e9 de son poste \u00e0 la t\u00eate de l\u2019institution polici\u00e8re en juin 2024, Frantz Elb\u00e9 retrouve aujourd\u2019hui la sc\u00e8ne\u2026","rel":"","context":"In &quot;POLITIQUE&quot;","block_context":{"text":"POLITIQUE","link":"https:\/\/radioecoutefm.com\/index.php\/category\/politique\/"},"img":{"alt_text":"","src":"https:\/\/i0.wp.com\/radioecoutefm.com\/wp-content\/uploads\/2025\/05\/ELBE.jpeg?fit=1086%2C775&ssl=1&resize=350%2C200","width":350,"height":200,"srcset":"https:\/\/i0.wp.com\/radioecoutefm.com\/wp-content\/uploads\/2025\/05\/ELBE.jpeg?fit=1086%2C775&ssl=1&resize=350%2C200 1x, https:\/\/i0.wp.com\/radioecoutefm.com\/wp-content\/uploads\/2025\/05\/ELBE.jpeg?fit=1086%2C775&ssl=1&resize=525%2C300 1.5x, https:\/\/i0.wp.com\/radioecoutefm.com\/wp-content\/uploads\/2025\/05\/ELBE.jpeg?fit=1086%2C775&ssl=1&resize=700%2C400 2x, https:\/\/i0.wp.com\/radioecoutefm.com\/wp-content\/uploads\/2025\/05\/ELBE.jpeg?fit=1086%2C775&ssl=1&resize=1050%2C600 3x"},"classes":[]},{"id":4403,"url":"https:\/\/radioecoutefm.com\/index.php\/2025\/05\/21\/pnh-securite-mackenzie-jacques-nomme-directeur-departemental-du-centre\/","url_meta":{"origin":1579,"position":3},"title":"PNH\/S\u00e9curit\u00e9 : Mackenzie Jacques nomm\u00e9 directeur d\u00e9partemental du Centre","author":"Ecoute FM","date":"21.05.2025","format":false,"excerpt":"Ce mardi 20 mai, le Commissaire divisionnaire Mackenzie Jacques a \u00e9t\u00e9 officiellement install\u00e9 dans ses nouvelles fonctions de directeur d\u00e9partemental du Centre de la Police Nationale d'Ha\u00efti. Il remplace \u00e0 ce poste le Commissaire divisionnaire Delin Boyer, qui assurait jusque-l\u00e0 la coordination des op\u00e9rations polici\u00e8res dans cette r\u00e9gion. Ce changement\u2026","rel":"","context":"In &quot;SECURITE&quot;","block_context":{"text":"SECURITE","link":"https:\/\/radioecoutefm.com\/index.php\/category\/insecurite\/"},"img":{"alt_text":"","src":"https:\/\/i0.wp.com\/radioecoutefm.com\/wp-content\/uploads\/2025\/05\/FEDBC007-A405-4AF8-928C-EFC538FB31B4.jpeg?fit=346%2C294&ssl=1&resize=350%2C200","width":350,"height":200},"classes":[]},{"id":5255,"url":"https:\/\/radioecoutefm.com\/index.php\/2025\/06\/20\/la-france-renforce-la-police-haitienne-face-aux-gangs-avec-une-nouvelle-livraison-dequipements\/","url_meta":{"origin":1579,"position":4},"title":"La France renforce la Police ha\u00eftienne face aux gangs avec une nouvelle livraison d\u2019\u00e9quipements","author":"Ecoute FM","date":"20.06.2025","format":false,"excerpt":"Alors que la situation s\u00e9curitaire en Ha\u00efti reste critique, la France vient de livrer quatre tonnes de mat\u00e9riel \u00e0 la Police nationale d\u2019Ha\u00efti (PNH). Ce don, achemin\u00e9 cette semaine \u00e0 Port-au-Prince, est destin\u00e9 aux unit\u00e9s sp\u00e9cialis\u00e9es charg\u00e9es de l\u2019intervention et du maintien de l\u2019ordre, en premi\u00e8re ligne dans la lutte\u2026","rel":"","context":"In &quot;SECURITE&quot;","block_context":{"text":"SECURITE","link":"https:\/\/radioecoutefm.com\/index.php\/category\/insecurite\/"},"img":{"alt_text":"","src":"https:\/\/i0.wp.com\/radioecoutefm.com\/wp-content\/uploads\/2025\/06\/france-materiels.webp?fit=945%2C700&ssl=1&resize=350%2C200","width":350,"height":200,"srcset":"https:\/\/i0.wp.com\/radioecoutefm.com\/wp-content\/uploads\/2025\/06\/france-materiels.webp?fit=945%2C700&ssl=1&resize=350%2C200 1x, https:\/\/i0.wp.com\/radioecoutefm.com\/wp-content\/uploads\/2025\/06\/france-materiels.webp?fit=945%2C700&ssl=1&resize=525%2C300 1.5x, https:\/\/i0.wp.com\/radioecoutefm.com\/wp-content\/uploads\/2025\/06\/france-materiels.webp?fit=945%2C700&ssl=1&resize=700%2C400 2x"},"classes":[]},{"id":3870,"url":"https:\/\/radioecoutefm.com\/index.php\/2025\/05\/06\/operation-a-gran-ravine-17-morts-et-40-blesses-dans-les-rangs-des-gangs-selon-le-rnddh\/","url_meta":{"origin":1579,"position":5},"title":"Op\u00e9ration \u00e0 Gran Ravine : 17 morts et 40 bless\u00e9s dans les rangs des gangs, selon le RNDDH","author":"Ecoute FM","date":"06.05.2025","format":false,"excerpt":"Une importante op\u00e9ration men\u00e9e dimanche par la Police nationale d\u2019Ha\u00efti (PNH) \u00e0 Gran Ravine a entra\u00een\u00e9 la mort de 17 pr\u00e9sum\u00e9s bandits et fait 40 bless\u00e9s dans les rangs des groupes arm\u00e9s. L\u2019assaut visait particuli\u00e8rement le chef de gang notoire, Ti Lapli, selon les informations fournies par Pierre Esp\u00e9rance, directeur\u2026","rel":"","context":"In &quot;SECURITE&quot;","block_context":{"text":"SECURITE","link":"https:\/\/radioecoutefm.com\/index.php\/category\/insecurite\/"},"img":{"alt_text":"","src":"https:\/\/i0.wp.com\/radioecoutefm.com\/wp-content\/uploads\/2025\/05\/9F921905-0C1B-4369-B822-CB1F8C452F49.jpeg?fit=1200%2C801&ssl=1&resize=350%2C200","width":350,"height":200,"srcset":"https:\/\/i0.wp.com\/radioecoutefm.com\/wp-content\/uploads\/2025\/05\/9F921905-0C1B-4369-B822-CB1F8C452F49.jpeg?fit=1200%2C801&ssl=1&resize=350%2C200 1x, https:\/\/i0.wp.com\/radioecoutefm.com\/wp-content\/uploads\/2025\/05\/9F921905-0C1B-4369-B822-CB1F8C452F49.jpeg?fit=1200%2C801&ssl=1&resize=525%2C300 1.5x, https:\/\/i0.wp.com\/radioecoutefm.com\/wp-content\/uploads\/2025\/05\/9F921905-0C1B-4369-B822-CB1F8C452F49.jpeg?fit=1200%2C801&ssl=1&resize=700%2C400 2x, https:\/\/i0.wp.com\/radioecoutefm.com\/wp-content\/uploads\/2025\/05\/9F921905-0C1B-4369-B822-CB1F8C452F49.jpeg?fit=1200%2C801&ssl=1&resize=1050%2C600 3x"},"classes":[]}],"authors":[{"term_id":53,"user_id":5,"is_guest":0,"slug":"claude-dieuphene","display_name":"Claude DIEUPHENE","avatar_url":"https:\/\/secure.gravatar.com\/avatar\/52a9885f415a42cb79e7e24223a825cc709ae7f51b165028b5dc383e1d8c3c5f?s=96&d=mm&r=g","0":null,"1":"","2":"","3":"","4":"","5":"","6":"","7":"","8":""}],"_links":{"self":[{"href":"https:\/\/radioecoutefm.com\/index.php\/wp-json\/wp\/v2\/posts\/1579","targetHints":{"allow":["GET"]}}],"collection":[{"href":"https:\/\/radioecoutefm.com\/index.php\/wp-json\/wp\/v2\/posts"}],"about":[{"href":"https:\/\/radioecoutefm.com\/index.php\/wp-json\/wp\/v2\/types\/post"}],"author":[{"embeddable":true,"href":"https:\/\/radioecoutefm.com\/index.php\/wp-json\/wp\/v2\/users\/5"}],"replies":[{"embeddable":true,"href":"https:\/\/radioecoutefm.com\/index.php\/wp-json\/wp\/v2\/comments?post=1579"}],"version-history":[{"count":1,"href":"https:\/\/radioecoutefm.com\/index.php\/wp-json\/wp\/v2\/posts\/1579\/revisions"}],"predecessor-version":[{"id":1584,"href":"https:\/\/radioecoutefm.com\/index.php\/wp-json\/wp\/v2\/posts\/1579\/revisions\/1584"}],"wp:featuredmedia":[{"embeddable":true,"href":"https:\/\/radioecoutefm.com\/index.php\/wp-json\/wp\/v2\/media\/1580"}],"wp:attachment":[{"href":"https:\/\/radioecoutefm.com\/index.php\/wp-json\/wp\/v2\/media?parent=1579"}],"wp:term":[{"taxonomy":"category","embeddable":true,"href":"https:\/\/radioecoutefm.com\/index.php\/wp-json\/wp\/v2\/categories?post=1579"},{"taxonomy":"post_tag","embeddable":true,"href":"https:\/\/radioecoutefm.com\/index.php\/wp-json\/wp\/v2\/tags?post=1579"},{"taxonomy":"author","embeddable":true,"href":"https:\/\/radioecoutefm.com\/index.php\/wp-json\/wp\/v2\/ppma_author?post=1579"}],"curies":[{"name":"wp","href":"https:\/\/api.w.org\/{rel}","templated":true}]}}