{"id":1573,"date":"2025-03-13T16:13:33","date_gmt":"2025-03-13T16:13:33","guid":{"rendered":"https:\/\/radioecoutefm.com\/?p=1573"},"modified":"2025-03-13T16:13:33","modified_gmt":"2025-03-13T16:13:33","slug":"depart-du-celebre-poete-romancier-et-diseur-haitien-anthony-phelps","status":"publish","type":"post","link":"https:\/\/radioecoutefm.com\/index.php\/2025\/03\/13\/depart-du-celebre-poete-romancier-et-diseur-haitien-anthony-phelps\/","title":{"rendered":"D\u00e9part du c\u00e9l\u00e8bre po\u00e8te, romancier et diseur ha\u00eftien Anthony Phelps !"},"content":{"rendered":"<p>Apr\u00e8s la disparition de Frank\u00e9tienne, c\u2019est au tour d\u2019Anthony Phelps de faire son grand voyage. L\u2019un des piliers de la litt\u00e9rature ha\u00eftienne s\u2019est \u00e9teint<\/p>\n<p>En effet, le grand \u00e9crivain a rendu l\u2019\u00e2me sur un lit d\u2019h\u00f4pital \u00e0 Montr\u00e9al le mercredi 12 mars 2025 \u00e0 l\u2019\u00e2ge de 96 ans.<\/p>\n<p>Passionn\u00e9 du Roman et de la Po\u00e9sie ,Anthony Phelps a laiss\u00e9 plus d\u2019une vingtaine d\u2019ouvrages, dont le plus c\u00e9l\u00e8bre, Mon pays que voici.<\/p>\n<p>Apr\u00e8s l\u2019annonce de la mort de ce grand homme, le gouvernement ha\u00eftien, dans un communiqu\u00e9, a adress\u00e9 ses sympathies \u00e0 la famille de l\u2019\u00e9crivain et a salu\u00e9 ses prouesses litt\u00e9raires.<\/p>\n<p>\u00ab C\u2019est avec une profonde tristesse et une immense \u00e9motion que le Premier ministre, Monsieur Alix Didier Fils-Aim\u00e9, s\u2019incline devant la m\u00e9moire d\u2019Anthony Phelps, po\u00e8te, romancier et diseur, d\u00e9c\u00e9d\u00e9 r\u00e9cemment. \u00bb<\/p>\n<p>Rappelons qu&#8217;Anthony Phelps etait emprisonn\u00e9, puis contraint \u00e0 l\u2019exil au Canada de 1957 \u00e0 1971 sous le r\u00e9gime dictatorial de Fran\u00e7ois Duvalier.<\/p>\n","protected":false},"excerpt":{"rendered":"<p>Apr\u00e8s la disparition de Frank\u00e9tienne, c\u2019est au tour d\u2019Anthony Phelps de faire son grand voyage. L\u2019un des piliers de la litt\u00e9rature ha\u00eftienne s\u2019est \u00e9teint En effet, le grand \u00e9crivain a rendu l\u2019\u00e2me sur un lit d\u2019h\u00f4pital \u00e0 Montr\u00e9al le mercredi 12 mars 2025 \u00e0 l\u2019\u00e2ge de 96 ans. Passionn\u00e9 du Roman et de la Po\u00e9sie [&hellip;]<\/p>\n","protected":false},"author":5,"featured_media":1574,"comment_status":"open","ping_status":"open","sticky":false,"template":"","format":"standard","meta":{"_uag_custom_page_level_css":"","jetpack_post_was_ever_published":false,"_jetpack_newsletter_access":"","_jetpack_dont_email_post_to_subs":false,"_jetpack_newsletter_tier_id":0,"_jetpack_memberships_contains_paywalled_content":false,"_jetpack_memberships_contains_paid_content":false,"footnotes":"","jetpack_publicize_message":"","jetpack_publicize_feature_enabled":true,"jetpack_social_post_already_shared":true,"jetpack_social_options":{"image_generator_settings":{"template":"highway","default_image_id":0,"font":"","enabled":false},"version":2}},"categories":[8],"tags":[],"ppma_author":[53],"class_list":["post-1573","post","type-post","status-publish","format-standard","has-post-thumbnail","hentry","category-politique"],"aioseo_notices":[],"jetpack_publicize_connections":[],"jetpack_featured_media_url":"https:\/\/i0.wp.com\/radioecoutefm.com\/wp-content\/uploads\/2025\/03\/anthony-phels.jpeg?fit=318%2C159&ssl=1","uagb_featured_image_src":{"full":["https:\/\/i0.wp.com\/radioecoutefm.com\/wp-content\/uploads\/2025\/03\/anthony-phels.jpeg?fit=318%2C159&ssl=1",318,159,false],"thumbnail":["https:\/\/i0.wp.com\/radioecoutefm.com\/wp-content\/uploads\/2025\/03\/anthony-phels.jpeg?resize=150%2C150&ssl=1",150,150,true],"medium":["https:\/\/i0.wp.com\/radioecoutefm.com\/wp-content\/uploads\/2025\/03\/anthony-phels.jpeg?fit=300%2C150&ssl=1",300,150,true],"medium_large":["https:\/\/i0.wp.com\/radioecoutefm.com\/wp-content\/uploads\/2025\/03\/anthony-phels.jpeg?fit=318%2C159&ssl=1",318,159,true],"large":["https:\/\/i0.wp.com\/radioecoutefm.com\/wp-content\/uploads\/2025\/03\/anthony-phels.jpeg?fit=318%2C159&ssl=1",318,159,true],"1536x1536":["https:\/\/i0.wp.com\/radioecoutefm.com\/wp-content\/uploads\/2025\/03\/anthony-phels.jpeg?fit=318%2C159&ssl=1",318,159,true],"2048x2048":["https:\/\/i0.wp.com\/radioecoutefm.com\/wp-content\/uploads\/2025\/03\/anthony-phels.jpeg?fit=318%2C159&ssl=1",318,159,true],"newsair-slider-full":["https:\/\/i0.wp.com\/radioecoutefm.com\/wp-content\/uploads\/2025\/03\/anthony-phels.jpeg?resize=318%2C159&ssl=1",318,159,true],"newsair-featured":["https:\/\/i0.wp.com\/radioecoutefm.com\/wp-content\/uploads\/2025\/03\/anthony-phels.jpeg?fit=318%2C159&ssl=1",318,159,true],"newsair-medium":["https:\/\/i0.wp.com\/radioecoutefm.com\/wp-content\/uploads\/2025\/03\/anthony-phels.jpeg?resize=318%2C159&ssl=1",318,159,true]},"uagb_author_info":{"display_name":"Claude DIEUPHENE","author_link":"https:\/\/radioecoutefm.com\/index.php\/author\/claude-dieuphene\/"},"uagb_comment_info":0,"uagb_excerpt":"Apr\u00e8s la disparition de Frank\u00e9tienne, c\u2019est au tour d\u2019Anthony Phelps de faire son grand voyage. L\u2019un des piliers de la litt\u00e9rature ha\u00eftienne s\u2019est \u00e9teint En effet, le grand \u00e9crivain a rendu l\u2019\u00e2me sur un lit d\u2019h\u00f4pital \u00e0 Montr\u00e9al le mercredi 12 mars 2025 \u00e0 l\u2019\u00e2ge de 96 ans. Passionn\u00e9 du Roman et de la Po\u00e9sie&hellip;","jetpack_sharing_enabled":true,"jetpack_shortlink":"https:\/\/wp.me\/pgoyna-pn","jetpack-related-posts":[{"id":1903,"url":"https:\/\/radioecoutefm.com\/index.php\/2025\/03\/21\/naomi-osaka-brandit-le-drapeau-haitien-apres-sa-victoire-a-indian-wells\/","url_meta":{"origin":1573,"position":0},"title":"Naomi Osaka brandit le drapeau ha\u00eftien apr\u00e8s sa victoire \u00e0 Indian Wells","author":"Ecoute FM","date":"21.03.2025","format":false,"excerpt":"Quelques jours apr\u00e8s avoir interpell\u00e9 sur X sur la restitution de la dette d\u2019ind\u00e9pendance d\u2019Ha\u00efti, Naomi Osaka a une nouvelle fois affich\u00e9 son attachement \u00e0 ses origines ha\u00eftiennes. Ce jeudi 20 mars 2025, apr\u00e8s sa victoire contre la Russe Liudmila Samsonova (6-2, 6-4) au deuxi\u00e8me tour du tournoi d\u2019Indian Wells,\u2026","rel":"","context":"In &quot;SOCIETE&quot;","block_context":{"text":"SOCIETE","link":"https:\/\/radioecoutefm.com\/index.php\/category\/societe\/"},"img":{"alt_text":"","src":"https:\/\/i0.wp.com\/radioecoutefm.com\/wp-content\/uploads\/2025\/03\/IMG_1444.webp?fit=720%2C405&ssl=1&resize=350%2C200","width":350,"height":200,"srcset":"https:\/\/i0.wp.com\/radioecoutefm.com\/wp-content\/uploads\/2025\/03\/IMG_1444.webp?fit=720%2C405&ssl=1&resize=350%2C200 1x, https:\/\/i0.wp.com\/radioecoutefm.com\/wp-content\/uploads\/2025\/03\/IMG_1444.webp?fit=720%2C405&ssl=1&resize=525%2C300 1.5x, https:\/\/i0.wp.com\/radioecoutefm.com\/wp-content\/uploads\/2025\/03\/IMG_1444.webp?fit=720%2C405&ssl=1&resize=700%2C400 2x"},"classes":[]},{"id":4144,"url":"https:\/\/radioecoutefm.com\/index.php\/2025\/05\/11\/cavaly-as-celebre-ses-50-ans-un-demi-siecle-au-service-du-football-haitien\/","url_meta":{"origin":1573,"position":1},"title":"Cavaly AS c\u00e9l\u00e8bre ses 50 ans, un demi-si\u00e8cle au service du football ha\u00eftien","author":"Ecoute FM","date":"11.05.2025","format":false,"excerpt":"Fond\u00e9 en 1975, le Cavaly Association Sportive souffle, ce samedi 10 mai 2025, ses 50 bougies. Cette institution sportive embl\u00e9matique continue de marquer de son empreinte l'histoire du ballon rond en Ha\u00efti. Plusieurs institutions dont la FHF a adress\u00e9 ses v\u0153ux les plus chaleureux au club l\u00e9og\u00e2nais, soulignant l'importance de\u2026","rel":"","context":"In &quot;SPORT&quot;","block_context":{"text":"SPORT","link":"https:\/\/radioecoutefm.com\/index.php\/category\/sport\/"},"img":{"alt_text":"","src":"https:\/\/i0.wp.com\/radioecoutefm.com\/wp-content\/uploads\/2025\/05\/699303D8-54F2-4F95-AEC4-25E5260FA9CA.jpeg?fit=1200%2C800&ssl=1&resize=350%2C200","width":350,"height":200,"srcset":"https:\/\/i0.wp.com\/radioecoutefm.com\/wp-content\/uploads\/2025\/05\/699303D8-54F2-4F95-AEC4-25E5260FA9CA.jpeg?fit=1200%2C800&ssl=1&resize=350%2C200 1x, https:\/\/i0.wp.com\/radioecoutefm.com\/wp-content\/uploads\/2025\/05\/699303D8-54F2-4F95-AEC4-25E5260FA9CA.jpeg?fit=1200%2C800&ssl=1&resize=525%2C300 1.5x, https:\/\/i0.wp.com\/radioecoutefm.com\/wp-content\/uploads\/2025\/05\/699303D8-54F2-4F95-AEC4-25E5260FA9CA.jpeg?fit=1200%2C800&ssl=1&resize=700%2C400 2x, https:\/\/i0.wp.com\/radioecoutefm.com\/wp-content\/uploads\/2025\/05\/699303D8-54F2-4F95-AEC4-25E5260FA9CA.jpeg?fit=1200%2C800&ssl=1&resize=1050%2C600 3x"},"classes":[]},{"id":3283,"url":"https:\/\/radioecoutefm.com\/index.php\/2025\/04\/22\/la-rtnh-celebre-ses-48-ans-avec-une-nouvelle-impulsion\/","url_meta":{"origin":1573,"position":2},"title":"La RTNH c\u00e9l\u00e8bre ses 48 ans avec une nouvelle impulsion","author":"Ecoute FM","date":"22.04.2025","format":false,"excerpt":"Ce mardi 22 avril marque le 48e anniversaire de la Radio nationale d\u2019Ha\u00efti (RTNH), une institution phare du paysage m\u00e9diatique ha\u00eftien. \u00c0 l\u2019occasion de cette date symbolique, la pr\u00e9sidente de la commission de gestion et de restructuration de la RTNH, Sandra Duvivier, a renouvel\u00e9 son engagement \u00e0 \u0153uvrer pour le\u2026","rel":"","context":"In &quot;SOCIETE&quot;","block_context":{"text":"SOCIETE","link":"https:\/\/radioecoutefm.com\/index.php\/category\/societe\/"},"img":{"alt_text":"","src":"","width":0,"height":0},"classes":[]},{"id":218,"url":"https:\/\/radioecoutefm.com\/index.php\/2024\/12\/30\/retour-sur-scene-reussi-pour-carimi\/","url_meta":{"origin":1573,"position":3},"title":"Retour sur sc\u00e8ne r\u00e9ussi pour Carimi","author":"Carl \u00c9douard R\u00e9gis","date":"30.12.2024","format":false,"excerpt":"Pour des retrouvailles avec ses fans nostalgiques, le groupe ha\u00eftien aura sans doute offert un spectacle m\u00e9morable. Samedi soir, \u00e0 New-York, l' UBS Arena, o\u00f9 a eu lieu l'\u00e9v\u00e9nement, affichait complet, tous les tickets mis en vente ayant trouv\u00e9 preneur. Pr\u00e8s de 19 mille personnes, excit\u00e9es, enthousiasm\u00e9es et qui ne\u2026","rel":"","context":"In &quot;CULTURE&quot;","block_context":{"text":"CULTURE","link":"https:\/\/radioecoutefm.com\/index.php\/category\/culture\/"},"img":{"alt_text":"","src":"https:\/\/i0.wp.com\/radioecoutefm.com\/wp-content\/uploads\/2024\/12\/35FA88EC-BBBA-40E0-BB97-007C9967D4FE.jpeg?fit=1200%2C632&ssl=1&resize=350%2C200","width":350,"height":200,"srcset":"https:\/\/i0.wp.com\/radioecoutefm.com\/wp-content\/uploads\/2024\/12\/35FA88EC-BBBA-40E0-BB97-007C9967D4FE.jpeg?fit=1200%2C632&ssl=1&resize=350%2C200 1x, https:\/\/i0.wp.com\/radioecoutefm.com\/wp-content\/uploads\/2024\/12\/35FA88EC-BBBA-40E0-BB97-007C9967D4FE.jpeg?fit=1200%2C632&ssl=1&resize=525%2C300 1.5x, https:\/\/i0.wp.com\/radioecoutefm.com\/wp-content\/uploads\/2024\/12\/35FA88EC-BBBA-40E0-BB97-007C9967D4FE.jpeg?fit=1200%2C632&ssl=1&resize=700%2C400 2x, https:\/\/i0.wp.com\/radioecoutefm.com\/wp-content\/uploads\/2024\/12\/35FA88EC-BBBA-40E0-BB97-007C9967D4FE.jpeg?fit=1200%2C632&ssl=1&resize=1050%2C600 3x"},"classes":[]},{"id":4878,"url":"https:\/\/radioecoutefm.com\/index.php\/2025\/06\/05\/tijuana-accueille-le-deuxieme-consulat-haitien-au-mexique\/","url_meta":{"origin":1573,"position":4},"title":"Tijuana accueille le deuxi\u00e8me consulat ha\u00eftien au Mexique","author":"Ecoute FM","date":"05.06.2025","format":false,"excerpt":"Le gouvernement ha\u00eftien s\u2019appr\u00eate \u00e0 renforcer sa pr\u00e9sence diplomatique au Mexique avec l\u2019ouverture imminente d\u2019un nouveau Consulat G\u00e9n\u00e9ral \u00e0 Tijuana, dans le sud du pays. Le professeur Ronald Merveille a \u00e9t\u00e9 d\u00e9sign\u00e9 pour prendre la t\u00eate de cette mission, marquant une \u00e9tape significative dans les relations bilat\u00e9rales entre Ha\u00efti et\u2026","rel":"","context":"In &quot;DIPLOMATIE&quot;","block_context":{"text":"DIPLOMATIE","link":"https:\/\/radioecoutefm.com\/index.php\/category\/diplomatie\/"},"img":{"alt_text":"","src":"https:\/\/i0.wp.com\/radioecoutefm.com\/wp-content\/uploads\/2025\/06\/E06167E7-0F3B-468E-AAF3-FC93F137A1D1.jpeg?fit=267%2C200&ssl=1&resize=350%2C200","width":350,"height":200},"classes":[]},{"id":2934,"url":"https:\/\/radioecoutefm.com\/index.php\/2025\/04\/16\/angelo-exilus-buteur-pour-ses-debuts-avec-mont-pleasant\/","url_meta":{"origin":1573,"position":5},"title":"Angelo Exilus buteur pour ses d\u00e9buts avec Mont Pleasant","author":"Ecoute FM","date":"16.04.2025","format":false,"excerpt":"La formation Mount Pleasant s'est impos\u00e9e 2-0 face \u00e0 Chapelton, le lundi 14 avril 2025, au Anthony Spaulding Sports Comple, dans le cadre de la 36e journ\u00e9e du championnat jama\u00efcain de football. Angelo Exilus a profit\u00e9 de cette rencontre pour marquer les esprits en inscrivant un but lors de la\u2026","rel":"","context":"In &quot;SPORT&quot;","block_context":{"text":"SPORT","link":"https:\/\/radioecoutefm.com\/index.php\/category\/sport\/"},"img":{"alt_text":"","src":"https:\/\/i0.wp.com\/radioecoutefm.com\/wp-content\/uploads\/2025\/04\/8F98FCE9-E08F-477D-9B24-7F02A8277934.jpeg?fit=1024%2C622&ssl=1&resize=350%2C200","width":350,"height":200,"srcset":"https:\/\/i0.wp.com\/radioecoutefm.com\/wp-content\/uploads\/2025\/04\/8F98FCE9-E08F-477D-9B24-7F02A8277934.jpeg?fit=1024%2C622&ssl=1&resize=350%2C200 1x, https:\/\/i0.wp.com\/radioecoutefm.com\/wp-content\/uploads\/2025\/04\/8F98FCE9-E08F-477D-9B24-7F02A8277934.jpeg?fit=1024%2C622&ssl=1&resize=525%2C300 1.5x, https:\/\/i0.wp.com\/radioecoutefm.com\/wp-content\/uploads\/2025\/04\/8F98FCE9-E08F-477D-9B24-7F02A8277934.jpeg?fit=1024%2C622&ssl=1&resize=700%2C400 2x"},"classes":[]}],"authors":[{"term_id":53,"user_id":5,"is_guest":0,"slug":"claude-dieuphene","display_name":"Claude DIEUPHENE","avatar_url":"https:\/\/secure.gravatar.com\/avatar\/52a9885f415a42cb79e7e24223a825cc709ae7f51b165028b5dc383e1d8c3c5f?s=96&d=mm&r=g","0":null,"1":"","2":"","3":"","4":"","5":"","6":"","7":"","8":""}],"_links":{"self":[{"href":"https:\/\/radioecoutefm.com\/index.php\/wp-json\/wp\/v2\/posts\/1573","targetHints":{"allow":["GET"]}}],"collection":[{"href":"https:\/\/radioecoutefm.com\/index.php\/wp-json\/wp\/v2\/posts"}],"about":[{"href":"https:\/\/radioecoutefm.com\/index.php\/wp-json\/wp\/v2\/types\/post"}],"author":[{"embeddable":true,"href":"https:\/\/radioecoutefm.com\/index.php\/wp-json\/wp\/v2\/users\/5"}],"replies":[{"embeddable":true,"href":"https:\/\/radioecoutefm.com\/index.php\/wp-json\/wp\/v2\/comments?post=1573"}],"version-history":[{"count":1,"href":"https:\/\/radioecoutefm.com\/index.php\/wp-json\/wp\/v2\/posts\/1573\/revisions"}],"predecessor-version":[{"id":1578,"href":"https:\/\/radioecoutefm.com\/index.php\/wp-json\/wp\/v2\/posts\/1573\/revisions\/1578"}],"wp:featuredmedia":[{"embeddable":true,"href":"https:\/\/radioecoutefm.com\/index.php\/wp-json\/wp\/v2\/media\/1574"}],"wp:attachment":[{"href":"https:\/\/radioecoutefm.com\/index.php\/wp-json\/wp\/v2\/media?parent=1573"}],"wp:term":[{"taxonomy":"category","embeddable":true,"href":"https:\/\/radioecoutefm.com\/index.php\/wp-json\/wp\/v2\/categories?post=1573"},{"taxonomy":"post_tag","embeddable":true,"href":"https:\/\/radioecoutefm.com\/index.php\/wp-json\/wp\/v2\/tags?post=1573"},{"taxonomy":"author","embeddable":true,"href":"https:\/\/radioecoutefm.com\/index.php\/wp-json\/wp\/v2\/ppma_author?post=1573"}],"curies":[{"name":"wp","href":"https:\/\/api.w.org\/{rel}","templated":true}]}}