{"id":1550,"date":"2025-03-12T19:26:51","date_gmt":"2025-03-12T19:26:51","guid":{"rendered":"https:\/\/radioecoutefm.com\/?p=1550"},"modified":"2025-03-12T19:26:51","modified_gmt":"2025-03-12T19:26:51","slug":"protestation-devant-la-residence-du-premier-ministre-lemergence-patriotique-denonce-la-gestion-du-cpt","status":"publish","type":"post","link":"https:\/\/radioecoutefm.com\/index.php\/2025\/03\/12\/protestation-devant-la-residence-du-premier-ministre-lemergence-patriotique-denonce-la-gestion-du-cpt\/","title":{"rendered":"Protestation devant la r\u00e9sidence du Premier ministre : L\u2019\u00c9mergence Patriotique d\u00e9nonce la gestion du CPT"},"content":{"rendered":"<p>\u00c9mergence Patriotique a entam\u00e9 ce mardi une action de protestation devant la Villa d\u2019Accuei l, r\u00e9sidence officielle du Premier ministre. Les manifestants d\u00e9noncent ce qu\u2019ils consid\u00e8rent comme une mauvaise gestion du CPT et exigent des comptes de la part des autorit\u00e9s.<\/p>\n<p>D\u00e8s les premi\u00e8res heures de la matin\u00e9e, des militants ont plant\u00e9 des piquets aux abords, exprimant leur m\u00e9contentement \u00e0 travers des slogans et des pancartes. Selon les organisateurs, cette mobilisation vise \u00e0 attirer l\u2019attention du gouvernement sur des probl\u00e8mes de gouvernance qu\u2019ils jugent pr\u00e9occupants.<\/p>\n<p><img data-recalc-dims=\"1\" fetchpriority=\"high\" decoding=\"async\" class=\"alignnone size-medium wp-image-1551\" src=\"https:\/\/i0.wp.com\/radioecoutefm.com\/wp-content\/uploads\/2025\/03\/IMG_1367.jpeg?resize=300%2C228&#038;ssl=1\" alt=\"\" width=\"300\" height=\"228\" srcset=\"https:\/\/i0.wp.com\/radioecoutefm.com\/wp-content\/uploads\/2025\/03\/IMG_1367.jpeg?resize=300%2C228&amp;ssl=1 300w, https:\/\/i0.wp.com\/radioecoutefm.com\/wp-content\/uploads\/2025\/03\/IMG_1367.jpeg?resize=1024%2C780&amp;ssl=1 1024w, https:\/\/i0.wp.com\/radioecoutefm.com\/wp-content\/uploads\/2025\/03\/IMG_1367.jpeg?resize=768%2C585&amp;ssl=1 768w, https:\/\/i0.wp.com\/radioecoutefm.com\/wp-content\/uploads\/2025\/03\/IMG_1367.jpeg?w=1170&amp;ssl=1 1170w\" sizes=\"(max-width: 300px) 100vw, 300px\" \/><\/p>\n<p>L\u2019\u00c9mergence Patriotique affirme que ce mouvement pourrait se poursuivre dans les jours \u00e0 venir si les autorit\u00e9s ne prennent pas en compte leurs revendications. De son c\u00f4t\u00e9, le gouvernement n\u2019a pas encore r\u00e9agi officiellement \u00e0 cette mobilisation.<\/p>\n","protected":false},"excerpt":{"rendered":"<p>\u00c9mergence Patriotique a entam\u00e9 ce mardi une action de protestation devant la Villa d\u2019Accuei l, r\u00e9sidence officielle du Premier ministre. Les manifestants d\u00e9noncent ce qu\u2019ils consid\u00e8rent comme une mauvaise gestion du CPT et exigent des comptes de la part des autorit\u00e9s. D\u00e8s les premi\u00e8res heures de la matin\u00e9e, des militants ont plant\u00e9 des piquets aux [&hellip;]<\/p>\n","protected":false},"author":1,"featured_media":1552,"comment_status":"open","ping_status":"open","sticky":false,"template":"","format":"standard","meta":{"_uag_custom_page_level_css":"","jetpack_post_was_ever_published":false,"_jetpack_newsletter_access":"","_jetpack_dont_email_post_to_subs":false,"_jetpack_newsletter_tier_id":0,"_jetpack_memberships_contains_paywalled_content":false,"_jetpack_memberships_contains_paid_content":false,"footnotes":"","jetpack_publicize_message":"","jetpack_publicize_feature_enabled":true,"jetpack_social_post_already_shared":true,"jetpack_social_options":{"image_generator_settings":{"template":"highway","default_image_id":0,"font":"","enabled":false},"version":2}},"categories":[8],"tags":[],"ppma_author":[15],"class_list":["post-1550","post","type-post","status-publish","format-standard","has-post-thumbnail","hentry","category-politique"],"aioseo_notices":[],"jetpack_publicize_connections":[],"jetpack_featured_media_url":"https:\/\/i0.wp.com\/radioecoutefm.com\/wp-content\/uploads\/2025\/03\/IMG_1368.jpeg?fit=1170%2C530&ssl=1","uagb_featured_image_src":{"full":["https:\/\/i0.wp.com\/radioecoutefm.com\/wp-content\/uploads\/2025\/03\/IMG_1368.jpeg?fit=1170%2C530&ssl=1",1170,530,false],"thumbnail":["https:\/\/i0.wp.com\/radioecoutefm.com\/wp-content\/uploads\/2025\/03\/IMG_1368.jpeg?resize=150%2C150&ssl=1",150,150,true],"medium":["https:\/\/i0.wp.com\/radioecoutefm.com\/wp-content\/uploads\/2025\/03\/IMG_1368.jpeg?fit=300%2C136&ssl=1",300,136,true],"medium_large":["https:\/\/i0.wp.com\/radioecoutefm.com\/wp-content\/uploads\/2025\/03\/IMG_1368.jpeg?fit=640%2C290&ssl=1",640,290,true],"large":["https:\/\/i0.wp.com\/radioecoutefm.com\/wp-content\/uploads\/2025\/03\/IMG_1368.jpeg?fit=640%2C290&ssl=1",640,290,true],"1536x1536":["https:\/\/i0.wp.com\/radioecoutefm.com\/wp-content\/uploads\/2025\/03\/IMG_1368.jpeg?fit=1170%2C530&ssl=1",1170,530,true],"2048x2048":["https:\/\/i0.wp.com\/radioecoutefm.com\/wp-content\/uploads\/2025\/03\/IMG_1368.jpeg?fit=1170%2C530&ssl=1",1170,530,true],"newsair-slider-full":["https:\/\/i0.wp.com\/radioecoutefm.com\/wp-content\/uploads\/2025\/03\/IMG_1368.jpeg?resize=1170%2C530&ssl=1",1170,530,true],"newsair-featured":["https:\/\/i0.wp.com\/radioecoutefm.com\/wp-content\/uploads\/2025\/03\/IMG_1368.jpeg?fit=1024%2C464&ssl=1",1024,464,true],"newsair-medium":["https:\/\/i0.wp.com\/radioecoutefm.com\/wp-content\/uploads\/2025\/03\/IMG_1368.jpeg?resize=720%2C380&ssl=1",720,380,true]},"uagb_author_info":{"display_name":"Ecoute FM","author_link":"https:\/\/radioecoutefm.com\/index.php\/author\/borgellaattis\/"},"uagb_comment_info":0,"uagb_excerpt":"\u00c9mergence Patriotique a entam\u00e9 ce mardi une action de protestation devant la Villa d\u2019Accuei l, r\u00e9sidence officielle du Premier ministre. Les manifestants d\u00e9noncent ce qu\u2019ils consid\u00e8rent comme une mauvaise gestion du CPT et exigent des comptes de la part des autorit\u00e9s. D\u00e8s les premi\u00e8res heures de la matin\u00e9e, des militants ont plant\u00e9 des piquets aux&hellip;","jetpack_sharing_enabled":true,"jetpack_shortlink":"https:\/\/wp.me\/pgoyna-p0","jetpack-related-posts":[{"id":2240,"url":"https:\/\/radioecoutefm.com\/index.php\/2025\/04\/02\/haiti-journee-de-protestation-a-port-au-prince-contre-linsecurite\/","url_meta":{"origin":1550,"position":0},"title":"Haiti: Journ\u00e9e de protestation \u00e0 Port-au-Prince contre l&#8217;ins\u00e9curit\u00e9","author":"Ecoute FM","date":"02.04.2025","format":false,"excerpt":"La capitale ha\u00eftienne a connu une journ\u00e9e mouvement\u00e9e, ce 2 avril 2025, o\u00f9 plusieurs art\u00e8res dans l\u2019aire m\u00e9tropolitaine de Port-au-Prince ont \u00e9t\u00e9 bloqu\u00e9es. Des milliers de citoyens ont regagn\u00e9 les rues pour exiger aux autorit\u00e9s de prendre des mesures contre l\u2019ins\u00e9curit\u00e9 et mettre fin aux actions des bandits de la\u2026","rel":"","context":"In &quot;INSECURITE&quot;","block_context":{"text":"INSECURITE","link":"https:\/\/radioecoutefm.com\/index.php\/category\/securite\/"},"img":{"alt_text":"","src":"https:\/\/i0.wp.com\/radioecoutefm.com\/wp-content\/uploads\/2025\/04\/jj.jpg?fit=1057%2C592&ssl=1&resize=350%2C200","width":350,"height":200,"srcset":"https:\/\/i0.wp.com\/radioecoutefm.com\/wp-content\/uploads\/2025\/04\/jj.jpg?fit=1057%2C592&ssl=1&resize=350%2C200 1x, https:\/\/i0.wp.com\/radioecoutefm.com\/wp-content\/uploads\/2025\/04\/jj.jpg?fit=1057%2C592&ssl=1&resize=525%2C300 1.5x, https:\/\/i0.wp.com\/radioecoutefm.com\/wp-content\/uploads\/2025\/04\/jj.jpg?fit=1057%2C592&ssl=1&resize=700%2C400 2x, https:\/\/i0.wp.com\/radioecoutefm.com\/wp-content\/uploads\/2025\/04\/jj.jpg?fit=1057%2C592&ssl=1&resize=1050%2C600 3x"},"classes":[]},{"id":3995,"url":"https:\/\/radioecoutefm.com\/index.php\/2025\/05\/08\/le-premier-ministre-mobilise-les-autorites-du-grand-sud-autour-du-processus-electoral-et-constitutionnel\/","url_meta":{"origin":1550,"position":1},"title":"Le Premier ministre mobilise les autorit\u00e9s du Grand Sud autour du processus \u00e9lectoral et constitutionnel","author":"Ecoute FM","date":"08.05.2025","format":false,"excerpt":"Le Premier ministre Alix Didier Fils-Aim\u00e9 a pr\u00e9sid\u00e9 ce mercredi une r\u00e9union institutionnelle de haut niveau dans la ville des Cayes, en marge de l\u2019activation des Cellules de S\u00e9curit\u00e9 Municipales (CSM). Cette rencontre a r\u00e9uni les d\u00e9l\u00e9gu\u00e9s d\u00e9partementaux, les directeurs de la Police nationale, les commissaires du gouvernement, les coordonnateurs\u2026","rel":"","context":"In &quot;SECURITE&quot;","block_context":{"text":"SECURITE","link":"https:\/\/radioecoutefm.com\/index.php\/category\/insecurite\/"},"img":{"alt_text":"","src":"https:\/\/i0.wp.com\/radioecoutefm.com\/wp-content\/uploads\/2025\/05\/IMG_1948.jpeg?fit=1200%2C674&ssl=1&resize=350%2C200","width":350,"height":200,"srcset":"https:\/\/i0.wp.com\/radioecoutefm.com\/wp-content\/uploads\/2025\/05\/IMG_1948.jpeg?fit=1200%2C674&ssl=1&resize=350%2C200 1x, https:\/\/i0.wp.com\/radioecoutefm.com\/wp-content\/uploads\/2025\/05\/IMG_1948.jpeg?fit=1200%2C674&ssl=1&resize=525%2C300 1.5x, https:\/\/i0.wp.com\/radioecoutefm.com\/wp-content\/uploads\/2025\/05\/IMG_1948.jpeg?fit=1200%2C674&ssl=1&resize=700%2C400 2x, https:\/\/i0.wp.com\/radioecoutefm.com\/wp-content\/uploads\/2025\/05\/IMG_1948.jpeg?fit=1200%2C674&ssl=1&resize=1050%2C600 3x"},"classes":[]},{"id":4342,"url":"https:\/\/radioecoutefm.com\/index.php\/2025\/05\/18\/les-autorites-etatiques-celebrent-la-fete-du-drapeau-aux-cotes-de-la-jeunesse-capoise\/","url_meta":{"origin":1550,"position":2},"title":"Les autorit\u00e9s \u00e9tatiques c\u00e9l\u00e8brent la f\u00eate du Drapeau aux c\u00f4t\u00e9s de la jeunesse capoise","author":"Ecoute FM","date":"18.05.2025","format":false,"excerpt":"La ville du Cap-Ha\u00eftien a vibr\u00e9, ce dimanche 18 mai 2025, au rythme des chants, danses et d\u00e9monstrations artistiques \u00e0 l\u2019occasion de la F\u00eate du Drapeau et de l\u2019Universit\u00e9. Le Premier ministre, Alix Didier Fils-Aim\u00e9, accompagn\u00e9 du Conseil pr\u00e9sidentiel de transition (CPT), a assist\u00e9 au traditionnel d\u00e9fil\u00e9 du 18 mai,\u2026","rel":"","context":"In &quot;SOCIETE&quot;","block_context":{"text":"SOCIETE","link":"https:\/\/radioecoutefm.com\/index.php\/category\/societe\/"},"img":{"alt_text":"","src":"https:\/\/i0.wp.com\/radioecoutefm.com\/wp-content\/uploads\/2025\/05\/EAB0B2DB-4CAB-4B68-B718-EA2266F48D68.jpeg?fit=1080%2C810&ssl=1&resize=350%2C200","width":350,"height":200,"srcset":"https:\/\/i0.wp.com\/radioecoutefm.com\/wp-content\/uploads\/2025\/05\/EAB0B2DB-4CAB-4B68-B718-EA2266F48D68.jpeg?fit=1080%2C810&ssl=1&resize=350%2C200 1x, https:\/\/i0.wp.com\/radioecoutefm.com\/wp-content\/uploads\/2025\/05\/EAB0B2DB-4CAB-4B68-B718-EA2266F48D68.jpeg?fit=1080%2C810&ssl=1&resize=525%2C300 1.5x, https:\/\/i0.wp.com\/radioecoutefm.com\/wp-content\/uploads\/2025\/05\/EAB0B2DB-4CAB-4B68-B718-EA2266F48D68.jpeg?fit=1080%2C810&ssl=1&resize=700%2C400 2x, https:\/\/i0.wp.com\/radioecoutefm.com\/wp-content\/uploads\/2025\/05\/EAB0B2DB-4CAB-4B68-B718-EA2266F48D68.jpeg?fit=1080%2C810&ssl=1&resize=1050%2C600 3x"},"classes":[]},{"id":3016,"url":"https:\/\/radioecoutefm.com\/index.php\/2025\/04\/17\/manifestation-tuee-dans-loeuf-a-port-au-prince\/","url_meta":{"origin":1550,"position":3},"title":"Manifestation tu\u00e9e dans l&#8217;\u0153uf \u00e0 Port-au-Prince","author":"Ecoute FM","date":"17.04.2025","format":false,"excerpt":"Des milliers de personnes avaient pris rendez-vous, ce mercredi 16 avril 2025, \u00e0 Port-au-Prince, pour manifester contre l'ins\u00e9curit\u00e9 et l\u2019inaction du gouvernement face aux actions destructrices des groupes arm\u00e9s. Les manifestants n\u2019ont pas eu la chance d'atteindre leur objectif en raison d'un fort dispositif de s\u00e9curit\u00e9 compos\u00e9 des policiers et\u2026","rel":"","context":"In &quot;POLITIQUE&quot;","block_context":{"text":"POLITIQUE","link":"https:\/\/radioecoutefm.com\/index.php\/category\/politique\/"},"img":{"alt_text":"","src":"https:\/\/i0.wp.com\/radioecoutefm.com\/wp-content\/uploads\/2025\/04\/8FBC2299-7B71-4214-84F2-9162E33709D8.jpeg?fit=1200%2C675&ssl=1&resize=350%2C200","width":350,"height":200,"srcset":"https:\/\/i0.wp.com\/radioecoutefm.com\/wp-content\/uploads\/2025\/04\/8FBC2299-7B71-4214-84F2-9162E33709D8.jpeg?fit=1200%2C675&ssl=1&resize=350%2C200 1x, https:\/\/i0.wp.com\/radioecoutefm.com\/wp-content\/uploads\/2025\/04\/8FBC2299-7B71-4214-84F2-9162E33709D8.jpeg?fit=1200%2C675&ssl=1&resize=525%2C300 1.5x, https:\/\/i0.wp.com\/radioecoutefm.com\/wp-content\/uploads\/2025\/04\/8FBC2299-7B71-4214-84F2-9162E33709D8.jpeg?fit=1200%2C675&ssl=1&resize=700%2C400 2x, https:\/\/i0.wp.com\/radioecoutefm.com\/wp-content\/uploads\/2025\/04\/8FBC2299-7B71-4214-84F2-9162E33709D8.jpeg?fit=1200%2C675&ssl=1&resize=1050%2C600 3x"},"classes":[]},{"id":3969,"url":"https:\/\/radioecoutefm.com\/index.php\/2025\/05\/07\/3969\/","url_meta":{"origin":1550,"position":4},"title":"Le Premier ministre  haitien, r\u00e9affirme l\u2019engagement du Gouvernement en faveur du renouveau d\u00e9mocratique","author":"Ecoute FM","date":"07.05.2025","format":false,"excerpt":"En d\u00e9placement officiel dans la ville des Cayes, le Premier ministre de la R\u00e9publique a r\u00e9affirm\u00e9 la volont\u00e9 in\u00e9branlable du Gouvernement d\u2019organiser, dans les meilleurs d\u00e9lais, des \u00e9lections libres, honn\u00eates et inclusives, essentielles \u00e0 la restauration\u00a0 des institutions etatiques du pays. Devant une assembl\u00e9e compos\u00e9e d\u2019acteurs locaux, de repr\u00e9sentants des\u2026","rel":"","context":"In &quot;POLITIQUE&quot;","block_context":{"text":"POLITIQUE","link":"https:\/\/radioecoutefm.com\/index.php\/category\/politique\/"},"img":{"alt_text":"","src":"https:\/\/i0.wp.com\/radioecoutefm.com\/wp-content\/uploads\/2025\/05\/PM-ALIX.jpeg?fit=1080%2C1029&ssl=1&resize=350%2C200","width":350,"height":200,"srcset":"https:\/\/i0.wp.com\/radioecoutefm.com\/wp-content\/uploads\/2025\/05\/PM-ALIX.jpeg?fit=1080%2C1029&ssl=1&resize=350%2C200 1x, https:\/\/i0.wp.com\/radioecoutefm.com\/wp-content\/uploads\/2025\/05\/PM-ALIX.jpeg?fit=1080%2C1029&ssl=1&resize=525%2C300 1.5x, https:\/\/i0.wp.com\/radioecoutefm.com\/wp-content\/uploads\/2025\/05\/PM-ALIX.jpeg?fit=1080%2C1029&ssl=1&resize=700%2C400 2x, https:\/\/i0.wp.com\/radioecoutefm.com\/wp-content\/uploads\/2025\/05\/PM-ALIX.jpeg?fit=1080%2C1029&ssl=1&resize=1050%2C600 3x"},"classes":[]},{"id":5759,"url":"https:\/\/radioecoutefm.com\/index.php\/2025\/09\/09\/haiti-accueille-le-nouvel-ambassadeur-du-mexique\/","url_meta":{"origin":1550,"position":5},"title":"Ha\u00efti accueille le nouvel ambassadeur du Mexique","author":"Ecoute FM","date":"09.09.2025","format":false,"excerpt":"Le Pr\u00e9sident du Conseil Pr\u00e9sidentiel de Transition (CPT), Laurent Saint-Cyr, a re\u00e7u ce lundi, \u00e0 la Villa d\u2019Accueil, les lettres de cr\u00e9ance de S.E.M. Jos\u00e9 de Jes\u00fas Cisneros Ch\u00e1vez, nouvel ambassadeur de la R\u00e9publique des \u00c9tats-Unis du Mexique en Ha\u00efti. La c\u00e9r\u00e9monie s\u2019est d\u00e9roul\u00e9e en pr\u00e9sence des autres Conseillers-Pr\u00e9sidents du\u2026","rel":"","context":"In &quot;DIPLOMATIE&quot;","block_context":{"text":"DIPLOMATIE","link":"https:\/\/radioecoutefm.com\/index.php\/category\/diplomatie\/"},"img":{"alt_text":"","src":"https:\/\/i0.wp.com\/radioecoutefm.com\/wp-content\/uploads\/2025\/09\/amba.png?fit=690%2C450&ssl=1&resize=350%2C200","width":350,"height":200,"srcset":"https:\/\/i0.wp.com\/radioecoutefm.com\/wp-content\/uploads\/2025\/09\/amba.png?fit=690%2C450&ssl=1&resize=350%2C200 1x, https:\/\/i0.wp.com\/radioecoutefm.com\/wp-content\/uploads\/2025\/09\/amba.png?fit=690%2C450&ssl=1&resize=525%2C300 1.5x"},"classes":[]}],"authors":[{"term_id":15,"user_id":1,"is_guest":0,"slug":"borgellaattis","display_name":"Ecoute FM","avatar_url":"https:\/\/secure.gravatar.com\/avatar\/a5369629745bf29c5deb65198d5e38aed1dc2c880c04b3b630ab3f6e8c623b70?s=96&d=mm&r=g","0":null,"1":"","2":"","3":"","4":"","5":"","6":"","7":"","8":""}],"_links":{"self":[{"href":"https:\/\/radioecoutefm.com\/index.php\/wp-json\/wp\/v2\/posts\/1550","targetHints":{"allow":["GET"]}}],"collection":[{"href":"https:\/\/radioecoutefm.com\/index.php\/wp-json\/wp\/v2\/posts"}],"about":[{"href":"https:\/\/radioecoutefm.com\/index.php\/wp-json\/wp\/v2\/types\/post"}],"author":[{"embeddable":true,"href":"https:\/\/radioecoutefm.com\/index.php\/wp-json\/wp\/v2\/users\/1"}],"replies":[{"embeddable":true,"href":"https:\/\/radioecoutefm.com\/index.php\/wp-json\/wp\/v2\/comments?post=1550"}],"version-history":[{"count":1,"href":"https:\/\/radioecoutefm.com\/index.php\/wp-json\/wp\/v2\/posts\/1550\/revisions"}],"predecessor-version":[{"id":1556,"href":"https:\/\/radioecoutefm.com\/index.php\/wp-json\/wp\/v2\/posts\/1550\/revisions\/1556"}],"wp:featuredmedia":[{"embeddable":true,"href":"https:\/\/radioecoutefm.com\/index.php\/wp-json\/wp\/v2\/media\/1552"}],"wp:attachment":[{"href":"https:\/\/radioecoutefm.com\/index.php\/wp-json\/wp\/v2\/media?parent=1550"}],"wp:term":[{"taxonomy":"category","embeddable":true,"href":"https:\/\/radioecoutefm.com\/index.php\/wp-json\/wp\/v2\/categories?post=1550"},{"taxonomy":"post_tag","embeddable":true,"href":"https:\/\/radioecoutefm.com\/index.php\/wp-json\/wp\/v2\/tags?post=1550"},{"taxonomy":"author","embeddable":true,"href":"https:\/\/radioecoutefm.com\/index.php\/wp-json\/wp\/v2\/ppma_author?post=1550"}],"curies":[{"name":"wp","href":"https:\/\/api.w.org\/{rel}","templated":true}]}}