{"id":1480,"date":"2025-03-10T23:37:18","date_gmt":"2025-03-10T23:37:18","guid":{"rendered":"https:\/\/radioecoutefm.com\/?p=1480"},"modified":"2025-03-10T23:37:18","modified_gmt":"2025-03-10T23:37:18","slug":"le-gouvernement-relance-la-cnddr-pour-combattre-linsecurite-en-haiti","status":"publish","type":"post","link":"https:\/\/radioecoutefm.com\/index.php\/2025\/03\/10\/le-gouvernement-relance-la-cnddr-pour-combattre-linsecurite-en-haiti\/","title":{"rendered":"Le gouvernement relance la CNDDR pour combattre l\u2019ins\u00e9curit\u00e9 en Ha\u00efti"},"content":{"rendered":"<p>Le ministre de l\u2019Int\u00e9rieur, Paul Antoine Bien-Aim\u00e9, a install\u00e9 ce lundi les membres de la Commission Nationale de D\u00e9mant\u00e8lement, de D\u00e9sarmement et de R\u00e9int\u00e9gration (CNDDR), sur instruction du Premier ministre Alix Didier Fils-Aim\u00e9. Cette commission, cr\u00e9\u00e9e par arr\u00eat\u00e9 le 21 f\u00e9vrier 2025, vise \u00e0 acc\u00e9l\u00e9rer la lutte contre l\u2019ins\u00e9curit\u00e9 en Ha\u00efti.<\/p>\n<p>Sa mission principale est d\u2019\u00e9laborer un plan d\u2019action pour le d\u00e9sarmement et la r\u00e9int\u00e9gration des jeunes en conflit avec la loi. Cette initiative refl\u00e8te la volont\u00e9 du gouvernement et du Conseil pr\u00e9sidentiel de transition d\u2019endiguer la violence arm\u00e9e et de renforcer le Plan de S\u00e9curit\u00e9 Nationale.<\/p>\n<p>Avec cette nouvelle CNDDR, les autorit\u00e9s esp\u00e8rent poser un pas d\u00e9cisif vers la stabilisation du pays.<\/p>\n","protected":false},"excerpt":{"rendered":"<p>Le ministre de l\u2019Int\u00e9rieur, Paul Antoine Bien-Aim\u00e9, a install\u00e9 ce lundi les membres de la Commission Nationale de D\u00e9mant\u00e8lement, de D\u00e9sarmement et de R\u00e9int\u00e9gration (CNDDR), sur instruction du Premier ministre Alix Didier Fils-Aim\u00e9. Cette commission, cr\u00e9\u00e9e par arr\u00eat\u00e9 le 21 f\u00e9vrier 2025, vise \u00e0 acc\u00e9l\u00e9rer la lutte contre l\u2019ins\u00e9curit\u00e9 en Ha\u00efti. Sa mission principale est [&hellip;]<\/p>\n","protected":false},"author":1,"featured_media":1481,"comment_status":"open","ping_status":"open","sticky":false,"template":"","format":"standard","meta":{"_uag_custom_page_level_css":"","jetpack_post_was_ever_published":false,"_jetpack_newsletter_access":"","_jetpack_dont_email_post_to_subs":false,"_jetpack_newsletter_tier_id":0,"_jetpack_memberships_contains_paywalled_content":false,"_jetpack_memberships_contains_paid_content":false,"footnotes":"","jetpack_publicize_message":"","jetpack_publicize_feature_enabled":true,"jetpack_social_post_already_shared":true,"jetpack_social_options":{"image_generator_settings":{"template":"highway","default_image_id":0,"font":"","enabled":false},"version":2}},"categories":[57],"tags":[],"ppma_author":[15],"class_list":["post-1480","post","type-post","status-publish","format-standard","has-post-thumbnail","hentry","category-securite"],"aioseo_notices":[],"jetpack_publicize_connections":[],"jetpack_featured_media_url":"https:\/\/i0.wp.com\/radioecoutefm.com\/wp-content\/uploads\/2025\/03\/IMG_1352.jpeg?fit=1440%2C915&ssl=1","uagb_featured_image_src":{"full":["https:\/\/i0.wp.com\/radioecoutefm.com\/wp-content\/uploads\/2025\/03\/IMG_1352.jpeg?fit=1440%2C915&ssl=1",1440,915,false],"thumbnail":["https:\/\/i0.wp.com\/radioecoutefm.com\/wp-content\/uploads\/2025\/03\/IMG_1352.jpeg?resize=150%2C150&ssl=1",150,150,true],"medium":["https:\/\/i0.wp.com\/radioecoutefm.com\/wp-content\/uploads\/2025\/03\/IMG_1352.jpeg?fit=300%2C191&ssl=1",300,191,true],"medium_large":["https:\/\/i0.wp.com\/radioecoutefm.com\/wp-content\/uploads\/2025\/03\/IMG_1352.jpeg?fit=640%2C407&ssl=1",640,407,true],"large":["https:\/\/i0.wp.com\/radioecoutefm.com\/wp-content\/uploads\/2025\/03\/IMG_1352.jpeg?fit=640%2C407&ssl=1",640,407,true],"1536x1536":["https:\/\/i0.wp.com\/radioecoutefm.com\/wp-content\/uploads\/2025\/03\/IMG_1352.jpeg?fit=1440%2C915&ssl=1",1440,915,true],"2048x2048":["https:\/\/i0.wp.com\/radioecoutefm.com\/wp-content\/uploads\/2025\/03\/IMG_1352.jpeg?fit=1440%2C915&ssl=1",1440,915,true],"newsair-slider-full":["https:\/\/i0.wp.com\/radioecoutefm.com\/wp-content\/uploads\/2025\/03\/IMG_1352.jpeg?resize=1280%2C720&ssl=1",1280,720,true],"newsair-featured":["https:\/\/i0.wp.com\/radioecoutefm.com\/wp-content\/uploads\/2025\/03\/IMG_1352.jpeg?fit=1024%2C651&ssl=1",1024,651,true],"newsair-medium":["https:\/\/i0.wp.com\/radioecoutefm.com\/wp-content\/uploads\/2025\/03\/IMG_1352.jpeg?resize=720%2C380&ssl=1",720,380,true]},"uagb_author_info":{"display_name":"Ecoute FM","author_link":"https:\/\/radioecoutefm.com\/index.php\/author\/borgellaattis\/"},"uagb_comment_info":0,"uagb_excerpt":"Le ministre de l\u2019Int\u00e9rieur, Paul Antoine Bien-Aim\u00e9, a install\u00e9 ce lundi les membres de la Commission Nationale de D\u00e9mant\u00e8lement, de D\u00e9sarmement et de R\u00e9int\u00e9gration (CNDDR), sur instruction du Premier ministre Alix Didier Fils-Aim\u00e9. Cette commission, cr\u00e9\u00e9e par arr\u00eat\u00e9 le 21 f\u00e9vrier 2025, vise \u00e0 acc\u00e9l\u00e9rer la lutte contre l\u2019ins\u00e9curit\u00e9 en Ha\u00efti. Sa mission principale est&hellip;","jetpack_sharing_enabled":true,"jetpack_shortlink":"https:\/\/wp.me\/pgoyna-nS","jetpack-related-posts":[{"id":6422,"url":"https:\/\/radioecoutefm.com\/index.php\/2026\/04\/25\/le-premier-ministre-alix-didier-fils-aime-met-en-avant-les-retombees-de-sa-mission-aux-etats-unis\/","url_meta":{"origin":1480,"position":0},"title":"Le Premier ministre Alix Didier Fils-Aim\u00e9 met en avant les retomb\u00e9es de sa mission aux \u00c9tats-Unis","author":"Ecoute FM","date":"25.04.2026","format":false,"excerpt":"Le Premier ministre ha\u00eftien, Alix Didier Fils-Aim\u00e9, a dress\u00e9 ce vendredi 24 avril 2026 un bilan positif de son d\u00e9placement officiel aux \u00c9tats-Unis, lors d\u2019un point de presse tenu \u00e0 l\u2019a\u00e9roport international Toussaint Louverture, \u00e0 Port-au-Prince. Entour\u00e9 de membres de son gouvernement et de hauts responsables de l\u2019\u00c9tat, il a\u2026","rel":"","context":"In &quot;POLITIQUE&quot;","block_context":{"text":"POLITIQUE","link":"https:\/\/radioecoutefm.com\/index.php\/category\/politique\/"},"img":{"alt_text":"","src":"","width":0,"height":0},"classes":[]},{"id":2310,"url":"https:\/\/radioecoutefm.com\/index.php\/2025\/04\/03\/haiti-le-cpt-mobilise-les-agents-bsap-aux-cotes-de-la-pnh-et-annonce-un-budget-de-guerre-contre-linsecurite\/","url_meta":{"origin":1480,"position":1},"title":"Ha\u00efti : Le CPT mobilise les agents  BSAP aux c\u00f4t\u00e9s de la PNH et annonce un \u201cbudget de guerre\u201d contre l\u2019ins\u00e9curit\u00e9","author":"Snaida Frederic","date":"03.04.2025","format":false,"excerpt":"Lors d\u2019une adresse \u00e0 la nation ce jeudi, le Pr\u00e9sident du Conseil Pr\u00e9sidentiel de Transition (CPT), Fritz Jean, a annonc\u00e9 l\u2019adoption prochaine d\u2019un \u201cbudget de guerre\u201d pour lutter contre l\u2019ins\u00e9curit\u00e9 grandissante en Ha\u00efti. Cette d\u00e9claration serait un \u00e9tape du gouvernement de transition pour combattre les gangs arm\u00e9s qui s\u00e8ment la\u2026","rel":"","context":"In &quot;POLITIQUE&quot;","block_context":{"text":"POLITIQUE","link":"https:\/\/radioecoutefm.com\/index.php\/category\/politique\/"},"img":{"alt_text":"","src":"https:\/\/i0.wp.com\/radioecoutefm.com\/wp-content\/uploads\/2025\/04\/Jean.png?fit=586%2C537&ssl=1&resize=350%2C200","width":350,"height":200,"srcset":"https:\/\/i0.wp.com\/radioecoutefm.com\/wp-content\/uploads\/2025\/04\/Jean.png?fit=586%2C537&ssl=1&resize=350%2C200 1x, https:\/\/i0.wp.com\/radioecoutefm.com\/wp-content\/uploads\/2025\/04\/Jean.png?fit=586%2C537&ssl=1&resize=525%2C300 1.5x"},"classes":[]},{"id":3689,"url":"https:\/\/radioecoutefm.com\/index.php\/2025\/05\/02\/haiti-le-gouvernement-decrete-letat-durgence-et-reforme-les-services-de-securite\/","url_meta":{"origin":1480,"position":2},"title":"Ha\u00efti : Le Gouvernement d\u00e9cr\u00e8te l\u2019\u00e9tat d\u2019urgence et r\u00e9forme les services de s\u00e9curit\u00e9","author":"Ecoute FM","date":"02.05.2025","format":false,"excerpt":"Lors d\u2019un Conseil des Ministres tenu en s\u00e9ance sp\u00e9ciale sous la pr\u00e9sidence de Monsieur Fritz Alphonse Jean, Pr\u00e9sident du Conseil Pr\u00e9sidentiel de Transition, et en pr\u00e9sence du Premier Ministre Alix Didier Fils-Aim\u00e9, plusieurs d\u00e9cisions majeures ont \u00e9t\u00e9 prises pour r\u00e9pondre aux d\u00e9fis actuels auxquels Ha\u00efti est confront\u00e9e. Parmi les mesures\u2026","rel":"","context":"In &quot;POLITIQUE&quot;","block_context":{"text":"POLITIQUE","link":"https:\/\/radioecoutefm.com\/index.php\/category\/politique\/"},"img":{"alt_text":"","src":"","width":0,"height":0},"classes":[]},{"id":1984,"url":"https:\/\/radioecoutefm.com\/index.php\/2025\/03\/24\/haiti-le-gouvernement-haitien-renforce-les-capacites-de-la-pnh-alors-que-la-violence-des-gangs-se-poursuit\/","url_meta":{"origin":1480,"position":3},"title":"Ha\u00efti : Le gouvernement ha\u00eftien renforce les capacit\u00e9s de la PNH alors que la violence des gangs se poursuit","author":"Ecoute FM","date":"24.03.2025","format":false,"excerpt":"Alors que la situation s\u00e9curitaire du pays demeure pr\u00e9occupante, le gouvernement ha\u00eftien annonce des mesures pour renforcer les capacit\u00e9s op\u00e9rationnelles de la Police Nationale d\u2019Ha\u00efti (PNH). Avant de participer \u00e0 une r\u00e9union sp\u00e9ciale du Conseil Sup\u00e9rieur de la Police Nationale (CSPN) consacr\u00e9e \u00e0 la s\u00e9curit\u00e9, le Premier ministre Alix Didier\u2026","rel":"","context":"In &quot;INSECURITE&quot;","block_context":{"text":"INSECURITE","link":"https:\/\/radioecoutefm.com\/index.php\/category\/securite\/"},"img":{"alt_text":"","src":"https:\/\/i0.wp.com\/radioecoutefm.com\/wp-content\/uploads\/2025\/03\/IMG_1475.jpeg?fit=853%2C628&ssl=1&resize=350%2C200","width":350,"height":200,"srcset":"https:\/\/i0.wp.com\/radioecoutefm.com\/wp-content\/uploads\/2025\/03\/IMG_1475.jpeg?fit=853%2C628&ssl=1&resize=350%2C200 1x, https:\/\/i0.wp.com\/radioecoutefm.com\/wp-content\/uploads\/2025\/03\/IMG_1475.jpeg?fit=853%2C628&ssl=1&resize=525%2C300 1.5x, https:\/\/i0.wp.com\/radioecoutefm.com\/wp-content\/uploads\/2025\/03\/IMG_1475.jpeg?fit=853%2C628&ssl=1&resize=700%2C400 2x"},"classes":[]},{"id":3676,"url":"https:\/\/radioecoutefm.com\/index.php\/2025\/05\/01\/haiti-au-coeur-des-echanges-entre-le-premier-ministre-canadien-mark-carney-et-antonio-guterres-de-lonu\/","url_meta":{"origin":1480,"position":4},"title":"Ha\u00efti au c\u0153ur des \u00e9changes entre le Premier ministre canadien Mark Carney et Ant\u00f3nio Guterres de l\u2019ONU","author":"Ecoute FM","date":"01.05.2025","format":false,"excerpt":"Ce 1er mai 2025, \u00e0 Ottawa, le nouveau Premier ministre du Canada, Mark Carney, s\u2019est entretenu avec le secr\u00e9taire g\u00e9n\u00e9ral des Nations Unies, Ant\u00f3nio Guterres, lors d\u2019un \u00e9change ax\u00e9 sur plusieurs enjeux internationaux majeurs, dont la situation critique en Ha\u00efti. Au cours de cette discussion, M. Carney a soulign\u00e9 l\u2019engagement\u2026","rel":"","context":"In &quot;SECURITE&quot;","block_context":{"text":"SECURITE","link":"https:\/\/radioecoutefm.com\/index.php\/category\/insecurite\/"},"img":{"alt_text":"","src":"https:\/\/i0.wp.com\/radioecoutefm.com\/wp-content\/uploads\/2025\/05\/IMG_1879.jpeg?fit=1170%2C958&ssl=1&resize=350%2C200","width":350,"height":200,"srcset":"https:\/\/i0.wp.com\/radioecoutefm.com\/wp-content\/uploads\/2025\/05\/IMG_1879.jpeg?fit=1170%2C958&ssl=1&resize=350%2C200 1x, https:\/\/i0.wp.com\/radioecoutefm.com\/wp-content\/uploads\/2025\/05\/IMG_1879.jpeg?fit=1170%2C958&ssl=1&resize=525%2C300 1.5x, https:\/\/i0.wp.com\/radioecoutefm.com\/wp-content\/uploads\/2025\/05\/IMG_1879.jpeg?fit=1170%2C958&ssl=1&resize=700%2C400 2x, https:\/\/i0.wp.com\/radioecoutefm.com\/wp-content\/uploads\/2025\/05\/IMG_1879.jpeg?fit=1170%2C958&ssl=1&resize=1050%2C600 3x"},"classes":[]},{"id":3978,"url":"https:\/\/radioecoutefm.com\/index.php\/2025\/05\/07\/haiti-65-millions-de-dollars-du-budget-mobilises-pour-les-elections\/","url_meta":{"origin":1480,"position":5},"title":"Ha\u00efti : 65 millions de dollars du budget mobilis\u00e9s pour les \u00e9lections,","author":"Ecoute FM","date":"07.05.2025","format":false,"excerpt":"Le Premier ministre ha\u00eftien, Alix Fils-Aim\u00e9, a une nouvelle fois confirm\u00e9, lors de sa visite dans la ville des Cayes, la d\u00e9termination absolue de son gouvernement \u00e0 organiser des \u00e9lections libres, honn\u00eates et inclusives dans les plus brefs d\u00e9lais, a affirm\u00e9 le Premier ministre, marquant son discours d\u2019une fermet\u00e9 r\u00e9solue.\u2026","rel":"","context":"In &quot;POLITIQUE&quot;","block_context":{"text":"POLITIQUE","link":"https:\/\/radioecoutefm.com\/index.php\/category\/politique\/"},"img":{"alt_text":"","src":"https:\/\/i0.wp.com\/radioecoutefm.com\/wp-content\/uploads\/2025\/05\/ALIX.jpeg?fit=1080%2C810&ssl=1&resize=350%2C200","width":350,"height":200,"srcset":"https:\/\/i0.wp.com\/radioecoutefm.com\/wp-content\/uploads\/2025\/05\/ALIX.jpeg?fit=1080%2C810&ssl=1&resize=350%2C200 1x, https:\/\/i0.wp.com\/radioecoutefm.com\/wp-content\/uploads\/2025\/05\/ALIX.jpeg?fit=1080%2C810&ssl=1&resize=525%2C300 1.5x, https:\/\/i0.wp.com\/radioecoutefm.com\/wp-content\/uploads\/2025\/05\/ALIX.jpeg?fit=1080%2C810&ssl=1&resize=700%2C400 2x, https:\/\/i0.wp.com\/radioecoutefm.com\/wp-content\/uploads\/2025\/05\/ALIX.jpeg?fit=1080%2C810&ssl=1&resize=1050%2C600 3x"},"classes":[]}],"authors":[{"term_id":15,"user_id":1,"is_guest":0,"slug":"borgellaattis","display_name":"Ecoute FM","avatar_url":"https:\/\/secure.gravatar.com\/avatar\/a5369629745bf29c5deb65198d5e38aed1dc2c880c04b3b630ab3f6e8c623b70?s=96&d=mm&r=g","0":null,"1":"","2":"","3":"","4":"","5":"","6":"","7":"","8":""}],"_links":{"self":[{"href":"https:\/\/radioecoutefm.com\/index.php\/wp-json\/wp\/v2\/posts\/1480","targetHints":{"allow":["GET"]}}],"collection":[{"href":"https:\/\/radioecoutefm.com\/index.php\/wp-json\/wp\/v2\/posts"}],"about":[{"href":"https:\/\/radioecoutefm.com\/index.php\/wp-json\/wp\/v2\/types\/post"}],"author":[{"embeddable":true,"href":"https:\/\/radioecoutefm.com\/index.php\/wp-json\/wp\/v2\/users\/1"}],"replies":[{"embeddable":true,"href":"https:\/\/radioecoutefm.com\/index.php\/wp-json\/wp\/v2\/comments?post=1480"}],"version-history":[{"count":1,"href":"https:\/\/radioecoutefm.com\/index.php\/wp-json\/wp\/v2\/posts\/1480\/revisions"}],"predecessor-version":[{"id":1485,"href":"https:\/\/radioecoutefm.com\/index.php\/wp-json\/wp\/v2\/posts\/1480\/revisions\/1485"}],"wp:featuredmedia":[{"embeddable":true,"href":"https:\/\/radioecoutefm.com\/index.php\/wp-json\/wp\/v2\/media\/1481"}],"wp:attachment":[{"href":"https:\/\/radioecoutefm.com\/index.php\/wp-json\/wp\/v2\/media?parent=1480"}],"wp:term":[{"taxonomy":"category","embeddable":true,"href":"https:\/\/radioecoutefm.com\/index.php\/wp-json\/wp\/v2\/categories?post=1480"},{"taxonomy":"post_tag","embeddable":true,"href":"https:\/\/radioecoutefm.com\/index.php\/wp-json\/wp\/v2\/tags?post=1480"},{"taxonomy":"author","embeddable":true,"href":"https:\/\/radioecoutefm.com\/index.php\/wp-json\/wp\/v2\/ppma_author?post=1480"}],"curies":[{"name":"wp","href":"https:\/\/api.w.org\/{rel}","templated":true}]}}