{"id":1442,"date":"2025-03-08T19:31:53","date_gmt":"2025-03-08T19:31:53","guid":{"rendered":"https:\/\/radioecoutefm.com\/?p=1442"},"modified":"2025-03-08T19:52:42","modified_gmt":"2025-03-08T19:52:42","slug":"manifestation-contre-donald-trump-shame-on-you-scandent-des-manifestants-a-quebec","status":"publish","type":"post","link":"https:\/\/radioecoutefm.com\/index.php\/2025\/03\/08\/manifestation-contre-donald-trump-shame-on-you-scandent-des-manifestants-a-quebec\/","title":{"rendered":"Manifestation contre Donald Trump: \u00abshame on you\u00bb, scandent des manifestants \u00e0 Qu\u00e9bec"},"content":{"rendered":"<p><strong>Comme \u00e0 plusieurs autres endroits \u00e0 travers la province, des centaines de manifestants se sont rassembl\u00e9es \u00e0 Qu\u00e9bec, dans le cadre de la Journ\u00e9e internationale des droits des femmes, afin de cr\u00e9er une chaine humaine et d\u00e9noncer les prises de position du nouveau gouvernement am\u00e9ricain.<\/strong><\/p>\n<p>\u00abOn a voulu combiner, avec la journ\u00e9e des droits de la femme, notre r\u00e9volte face aux politiques de Trump et Musk\u00bb, a lanc\u00e9 d\u2019entr\u00e9e de jeu Elsa Moreau, b\u00e9n\u00e9vole pour M\u00e8res au front de Qu\u00e9bec depuis 5 ans.<\/p>\n<p>\u00abC\u2019est de la science-fiction ce qui se passe et c\u2019est inconcevable qu\u2019on r\u00e9gresse \u00e0 ce point-l\u00e0 et qu\u2019un pays puisse mettre en poste des gens aussi incomp\u00e9tent et d\u00e9pourvu d\u2019\u00e9thique, de sensibilit\u00e9 dg d\u2019humanit\u00e9\u00bb, a-t-elle ajout\u00e9.<\/p>\n<p>Les nombreux manifestants n\u2019ont d\u2019ailleurs pas perdus de temps pour s\u2019adresser directement \u00e0 Donald Trump en criant \u00e0 r\u00e9p\u00e9titions \u00abshame on you\u00bb alors qu\u2019ils entouraient le consulat am\u00e9ricain, le doigt d\u2019honneur bien haut dans les airs face aux cam\u00e9ras du b\u00e2timent.<\/p>\n<p>\u00abCe ne sont pas des leaders, ils ne devraient pas \u00eatre l\u00e0 et c\u2019est extr\u00eamement \u00e9peurant. Nous sommes dans une pente glissante vers le fascisme, vers quelque chose de carr\u00e9ment d\u00e9gueulasse.\u00bb<\/p>\n<p>\u00abOn n\u2019accepte pas ce qui se passe et on est solidaire avec les femmes de l\u2019autre c\u00f4t\u00e9 de la fronti\u00e8re qui vivent des choses terribles et qui sont prises dans une esp\u00e8ce d\u2019engrenage \u00e9peurant\u00bb, a rench\u00e9ri madame Moreau.<\/p>\n<p>Huit minutes de silence ont \u00e9galement \u00e9t\u00e9 observ\u00e9es en soutien aux femmes, au peuple ukrainien, palestinien ainsi qu\u2019\u00e0 toutes autres victimes de ces \u00abpolitiques dangereuses\u00bb.<\/p>\n<p>&nbsp;<\/p>\n<p>SOURCE: journal de quebec<\/p>\n","protected":false},"excerpt":{"rendered":"<p>Comme \u00e0 plusieurs autres endroits \u00e0 travers la province, des centaines de manifestants se sont rassembl\u00e9es \u00e0 Qu\u00e9bec, dans le cadre de la Journ\u00e9e internationale des droits des femmes, afin de cr\u00e9er une chaine humaine et d\u00e9noncer les prises de position du nouveau gouvernement am\u00e9ricain. \u00abOn a voulu combiner, avec la journ\u00e9e des droits de [&hellip;]<\/p>\n","protected":false},"author":1,"featured_media":1455,"comment_status":"open","ping_status":"open","sticky":false,"template":"","format":"standard","meta":{"_uag_custom_page_level_css":"","jetpack_post_was_ever_published":false,"_jetpack_newsletter_access":"","_jetpack_dont_email_post_to_subs":false,"_jetpack_newsletter_tier_id":0,"_jetpack_memberships_contains_paywalled_content":false,"_jetpack_memberships_contains_paid_content":false,"footnotes":"","jetpack_publicize_message":"","jetpack_publicize_feature_enabled":true,"jetpack_social_post_already_shared":true,"jetpack_social_options":{"image_generator_settings":{"template":"highway","default_image_id":0,"font":"","enabled":false},"version":2}},"categories":[46],"tags":[],"ppma_author":[15],"class_list":["post-1442","post","type-post","status-publish","format-standard","has-post-thumbnail","hentry","category-international"],"aioseo_notices":[],"jetpack_publicize_connections":[],"jetpack_featured_media_url":"https:\/\/i0.wp.com\/radioecoutefm.com\/wp-content\/uploads\/2025\/03\/manifestation.png?fit=534%2C356&ssl=1","uagb_featured_image_src":{"full":["https:\/\/i0.wp.com\/radioecoutefm.com\/wp-content\/uploads\/2025\/03\/manifestation.png?fit=534%2C356&ssl=1",534,356,false],"thumbnail":["https:\/\/i0.wp.com\/radioecoutefm.com\/wp-content\/uploads\/2025\/03\/manifestation.png?resize=150%2C150&ssl=1",150,150,true],"medium":["https:\/\/i0.wp.com\/radioecoutefm.com\/wp-content\/uploads\/2025\/03\/manifestation.png?fit=300%2C200&ssl=1",300,200,true],"medium_large":["https:\/\/i0.wp.com\/radioecoutefm.com\/wp-content\/uploads\/2025\/03\/manifestation.png?fit=534%2C356&ssl=1",534,356,true],"large":["https:\/\/i0.wp.com\/radioecoutefm.com\/wp-content\/uploads\/2025\/03\/manifestation.png?fit=534%2C356&ssl=1",534,356,true],"1536x1536":["https:\/\/i0.wp.com\/radioecoutefm.com\/wp-content\/uploads\/2025\/03\/manifestation.png?fit=534%2C356&ssl=1",534,356,true],"2048x2048":["https:\/\/i0.wp.com\/radioecoutefm.com\/wp-content\/uploads\/2025\/03\/manifestation.png?fit=534%2C356&ssl=1",534,356,true],"newsair-slider-full":["https:\/\/i0.wp.com\/radioecoutefm.com\/wp-content\/uploads\/2025\/03\/manifestation.png?resize=534%2C356&ssl=1",534,356,true],"newsair-featured":["https:\/\/i0.wp.com\/radioecoutefm.com\/wp-content\/uploads\/2025\/03\/manifestation.png?fit=534%2C356&ssl=1",534,356,true],"newsair-medium":["https:\/\/i0.wp.com\/radioecoutefm.com\/wp-content\/uploads\/2025\/03\/manifestation.png?resize=534%2C356&ssl=1",534,356,true]},"uagb_author_info":{"display_name":"Ecoute FM","author_link":"https:\/\/radioecoutefm.com\/index.php\/author\/borgellaattis\/"},"uagb_comment_info":0,"uagb_excerpt":"Comme \u00e0 plusieurs autres endroits \u00e0 travers la province, des centaines de manifestants se sont rassembl\u00e9es \u00e0 Qu\u00e9bec, dans le cadre de la Journ\u00e9e internationale des droits des femmes, afin de cr\u00e9er une chaine humaine et d\u00e9noncer les prises de position du nouveau gouvernement am\u00e9ricain. \u00abOn a voulu combiner, avec la journ\u00e9e des droits de&hellip;","jetpack_sharing_enabled":true,"jetpack_shortlink":"https:\/\/wp.me\/pgoyna-ng","jetpack-related-posts":[{"id":1866,"url":"https:\/\/radioecoutefm.com\/index.php\/2025\/03\/19\/canape-vert-resistance-persistante-malgre-lintervention-de-la-police\/","url_meta":{"origin":1442,"position":0},"title":"Canap\u00e9-vert R\u00e9sistance persistante malgr\u00e9 l\u2019intervention de la police","author":"Ecoute FM","date":"19.03.2025","format":false,"excerpt":"La tension est mont\u00e9e d\u2019un cran \u00e0 Canap\u00e9-vert alors que des milliers de manifestants ont affront\u00e9 les forces de l'ordre dans une nouvelle journ\u00e9e de protestation contre les autorit\u00e9s locales. Depuis ce mercredi 19 mars, les rues de Boudon, une zone strat\u00e9gique de la ville, sont le th\u00e9\u00e2tre de violents\u2026","rel":"","context":"In &quot;INSECURITE&quot;","block_context":{"text":"INSECURITE","link":"https:\/\/radioecoutefm.com\/index.php\/category\/securite\/"},"img":{"alt_text":"","src":"https:\/\/i0.wp.com\/radioecoutefm.com\/wp-content\/uploads\/2025\/03\/8EAA9D65-1CB4-48DB-97D1-92F127958EDB.jpeg?fit=1200%2C788&ssl=1&resize=350%2C200","width":350,"height":200,"srcset":"https:\/\/i0.wp.com\/radioecoutefm.com\/wp-content\/uploads\/2025\/03\/8EAA9D65-1CB4-48DB-97D1-92F127958EDB.jpeg?fit=1200%2C788&ssl=1&resize=350%2C200 1x, https:\/\/i0.wp.com\/radioecoutefm.com\/wp-content\/uploads\/2025\/03\/8EAA9D65-1CB4-48DB-97D1-92F127958EDB.jpeg?fit=1200%2C788&ssl=1&resize=525%2C300 1.5x, https:\/\/i0.wp.com\/radioecoutefm.com\/wp-content\/uploads\/2025\/03\/8EAA9D65-1CB4-48DB-97D1-92F127958EDB.jpeg?fit=1200%2C788&ssl=1&resize=700%2C400 2x, https:\/\/i0.wp.com\/radioecoutefm.com\/wp-content\/uploads\/2025\/03\/8EAA9D65-1CB4-48DB-97D1-92F127958EDB.jpeg?fit=1200%2C788&ssl=1&resize=1050%2C600 3x"},"classes":[]},{"id":1854,"url":"https:\/\/radioecoutefm.com\/index.php\/2025\/03\/19\/manifestation-contre-le-pouvoir-a-canape-vert-des-milliers-de-manifestants-exigent-des-changements-immediats\/","url_meta":{"origin":1442,"position":1},"title":"Manifestation contre le pouvoir \u00e0 Canap\u00e9-Vert : Des milliers de manifestants exigent des changements imm\u00e9diats","author":"Ecoute FM","date":"19.03.2025","format":false,"excerpt":"Ce mervredi 19 mars 2025, une manifestation d'une ampleur in\u00e9dite se d\u00e9roule \u00e0 Canap\u00e9-Vert, un quartier de la capitale ha\u00eftienne, Port-au-Prince. Des milliers de citoyens, en col\u00e8re contre la situation politique et sociale du pays, ont investi les rues pour exprimer leur m\u00e9contentement. Les manifestants d\u00e9noncent vivement l'incapacit\u00e9 des autorit\u00e9s\u2026","rel":"","context":"In &quot;INSECURITE&quot;","block_context":{"text":"INSECURITE","link":"https:\/\/radioecoutefm.com\/index.php\/category\/securite\/"},"img":{"alt_text":"","src":"https:\/\/i0.wp.com\/radioecoutefm.com\/wp-content\/uploads\/2025\/03\/D4C8932C-C1F5-4EAF-8AC7-E4B466FC7AE5.jpeg?fit=600%2C400&ssl=1&resize=350%2C200","width":350,"height":200,"srcset":"https:\/\/i0.wp.com\/radioecoutefm.com\/wp-content\/uploads\/2025\/03\/D4C8932C-C1F5-4EAF-8AC7-E4B466FC7AE5.jpeg?fit=600%2C400&ssl=1&resize=350%2C200 1x, https:\/\/i0.wp.com\/radioecoutefm.com\/wp-content\/uploads\/2025\/03\/D4C8932C-C1F5-4EAF-8AC7-E4B466FC7AE5.jpeg?fit=600%2C400&ssl=1&resize=525%2C300 1.5x"},"classes":[]},{"id":1803,"url":"https:\/\/radioecoutefm.com\/index.php\/2025\/03\/18\/manifestation-a-petite-riviere-de-lartibonite-la-population-exige-la-fin-des-gangs\/","url_meta":{"origin":1442,"position":2},"title":"Manifestation \u00e0 Petite-Rivi\u00e8re de l\u2019Artibonite : La population exige la fin des gangs","author":"Ecoute FM","date":"18.03.2025","format":false,"excerpt":"Des centaines de manifestants se sont rassembl\u00e9s ce matin \u00e0 Petite-rivi\u00e8re de l\u2019artibonite , dans la r\u00e9gion de l'Artibonite, ce mardi 18 mars, pour protester contre la mont\u00e9e en puissance des gangs arm\u00e9s qui s\u00e9vissent dans la r\u00e9gion. Les habitants, inquiets et frustr\u00e9s par l\u2019ampleur de l\u2019ins\u00e9curit\u00e9, r\u00e9clament des mesures\u2026","rel":"","context":"In &quot;INSECURITE&quot;","block_context":{"text":"INSECURITE","link":"https:\/\/radioecoutefm.com\/index.php\/category\/securite\/"},"img":{"alt_text":"","src":"https:\/\/i0.wp.com\/radioecoutefm.com\/wp-content\/uploads\/2025\/03\/EB63DA57-5751-4137-A8E4-E09934E7547E.jpeg?fit=1200%2C900&ssl=1&resize=350%2C200","width":350,"height":200,"srcset":"https:\/\/i0.wp.com\/radioecoutefm.com\/wp-content\/uploads\/2025\/03\/EB63DA57-5751-4137-A8E4-E09934E7547E.jpeg?fit=1200%2C900&ssl=1&resize=350%2C200 1x, https:\/\/i0.wp.com\/radioecoutefm.com\/wp-content\/uploads\/2025\/03\/EB63DA57-5751-4137-A8E4-E09934E7547E.jpeg?fit=1200%2C900&ssl=1&resize=525%2C300 1.5x, https:\/\/i0.wp.com\/radioecoutefm.com\/wp-content\/uploads\/2025\/03\/EB63DA57-5751-4137-A8E4-E09934E7547E.jpeg?fit=1200%2C900&ssl=1&resize=700%2C400 2x, https:\/\/i0.wp.com\/radioecoutefm.com\/wp-content\/uploads\/2025\/03\/EB63DA57-5751-4137-A8E4-E09934E7547E.jpeg?fit=1200%2C900&ssl=1&resize=1050%2C600 3x"},"classes":[]},{"id":5420,"url":"https:\/\/radioecoutefm.com\/index.php\/2025\/06\/26\/seize-morts-lors-des-manifestations-au-kenya-la-majorite-tuee-par-la-police-selon-amnesty\/","url_meta":{"origin":1442,"position":3},"title":"Seize morts lors des manifestations au Kenya, la majorit\u00e9 tu\u00e9e par la police, selon Amnesty","author":"Ecoute FM","date":"26.06.2025","format":false,"excerpt":"Seize personnes ont \u00e9t\u00e9 tu\u00e9es lors des manifestations antigouvernementales qui ont secou\u00e9 le Kenya mercredi, la plupart abattues par les forces de l\u2019ordre, a d\u00e9clar\u00e9 le directeur ex\u00e9cutif d\u2019Amnesty Kenya, Irungu Houghton. Ces protestations co\u00efncidaient avec le premier anniversaire des \u00e9meutes contre un projet de loi fiscal, qui avaient co\u00fbt\u00e9\u2026","rel":"","context":"In &quot;INTERNATIONAL&quot;","block_context":{"text":"INTERNATIONAL","link":"https:\/\/radioecoutefm.com\/index.php\/category\/international\/"},"img":{"alt_text":"","src":"https:\/\/i0.wp.com\/radioecoutefm.com\/wp-content\/uploads\/2025\/06\/Kenya.jpg?fit=1200%2C675&ssl=1&resize=350%2C200","width":350,"height":200,"srcset":"https:\/\/i0.wp.com\/radioecoutefm.com\/wp-content\/uploads\/2025\/06\/Kenya.jpg?fit=1200%2C675&ssl=1&resize=350%2C200 1x, https:\/\/i0.wp.com\/radioecoutefm.com\/wp-content\/uploads\/2025\/06\/Kenya.jpg?fit=1200%2C675&ssl=1&resize=525%2C300 1.5x, https:\/\/i0.wp.com\/radioecoutefm.com\/wp-content\/uploads\/2025\/06\/Kenya.jpg?fit=1200%2C675&ssl=1&resize=700%2C400 2x, https:\/\/i0.wp.com\/radioecoutefm.com\/wp-content\/uploads\/2025\/06\/Kenya.jpg?fit=1200%2C675&ssl=1&resize=1050%2C600 3x"},"classes":[]},{"id":2119,"url":"https:\/\/radioecoutefm.com\/index.php\/2025\/03\/28\/nouvelle-protestation-des-residents-de-canape-vert-contre-linsecurite\/","url_meta":{"origin":1442,"position":4},"title":"Nouvelle protestation des r\u00e9sidents de Canap\u00e9 vert contre l&#8217;ins\u00e9curit\u00e9","author":"Ecoute FM","date":"28.03.2025","format":false,"excerpt":"Plusieurs habitants venant du Canap\u00e9-vert, de D\u00e9bussy et de Turgeau, ont une nouvelle fois ont occup\u00e9s les rues de la capitale d'Haiti ce jeudi 25 mars 2025 pour continuer d\u00e9noncer l'ins\u00e9curit\u00e9 et r\u00e9clamer le d\u00e9part du Conseil pr\u00e9sidentiel de transition, \u00ab incapable de mettre un terme \u00e0 la terreur des\u2026","rel":"","context":"In &quot;INSECURITE&quot;","block_context":{"text":"INSECURITE","link":"https:\/\/radioecoutefm.com\/index.php\/category\/securite\/"},"img":{"alt_text":"","src":"","width":0,"height":0},"classes":[]},{"id":2240,"url":"https:\/\/radioecoutefm.com\/index.php\/2025\/04\/02\/haiti-journee-de-protestation-a-port-au-prince-contre-linsecurite\/","url_meta":{"origin":1442,"position":5},"title":"Haiti: Journ\u00e9e de protestation \u00e0 Port-au-Prince contre l&#8217;ins\u00e9curit\u00e9","author":"Ecoute FM","date":"02.04.2025","format":false,"excerpt":"La capitale ha\u00eftienne a connu une journ\u00e9e mouvement\u00e9e, ce 2 avril 2025, o\u00f9 plusieurs art\u00e8res dans l\u2019aire m\u00e9tropolitaine de Port-au-Prince ont \u00e9t\u00e9 bloqu\u00e9es. Des milliers de citoyens ont regagn\u00e9 les rues pour exiger aux autorit\u00e9s de prendre des mesures contre l\u2019ins\u00e9curit\u00e9 et mettre fin aux actions des bandits de la\u2026","rel":"","context":"In &quot;INSECURITE&quot;","block_context":{"text":"INSECURITE","link":"https:\/\/radioecoutefm.com\/index.php\/category\/securite\/"},"img":{"alt_text":"","src":"https:\/\/i0.wp.com\/radioecoutefm.com\/wp-content\/uploads\/2025\/04\/jj.jpg?fit=1057%2C592&ssl=1&resize=350%2C200","width":350,"height":200,"srcset":"https:\/\/i0.wp.com\/radioecoutefm.com\/wp-content\/uploads\/2025\/04\/jj.jpg?fit=1057%2C592&ssl=1&resize=350%2C200 1x, https:\/\/i0.wp.com\/radioecoutefm.com\/wp-content\/uploads\/2025\/04\/jj.jpg?fit=1057%2C592&ssl=1&resize=525%2C300 1.5x, https:\/\/i0.wp.com\/radioecoutefm.com\/wp-content\/uploads\/2025\/04\/jj.jpg?fit=1057%2C592&ssl=1&resize=700%2C400 2x, https:\/\/i0.wp.com\/radioecoutefm.com\/wp-content\/uploads\/2025\/04\/jj.jpg?fit=1057%2C592&ssl=1&resize=1050%2C600 3x"},"classes":[]}],"authors":[{"term_id":15,"user_id":1,"is_guest":0,"slug":"borgellaattis","display_name":"Ecoute FM","avatar_url":"https:\/\/secure.gravatar.com\/avatar\/a5369629745bf29c5deb65198d5e38aed1dc2c880c04b3b630ab3f6e8c623b70?s=96&d=mm&r=g","0":null,"1":"","2":"","3":"","4":"","5":"","6":"","7":"","8":""}],"_links":{"self":[{"href":"https:\/\/radioecoutefm.com\/index.php\/wp-json\/wp\/v2\/posts\/1442","targetHints":{"allow":["GET"]}}],"collection":[{"href":"https:\/\/radioecoutefm.com\/index.php\/wp-json\/wp\/v2\/posts"}],"about":[{"href":"https:\/\/radioecoutefm.com\/index.php\/wp-json\/wp\/v2\/types\/post"}],"author":[{"embeddable":true,"href":"https:\/\/radioecoutefm.com\/index.php\/wp-json\/wp\/v2\/users\/1"}],"replies":[{"embeddable":true,"href":"https:\/\/radioecoutefm.com\/index.php\/wp-json\/wp\/v2\/comments?post=1442"}],"version-history":[{"count":3,"href":"https:\/\/radioecoutefm.com\/index.php\/wp-json\/wp\/v2\/posts\/1442\/revisions"}],"predecessor-version":[{"id":1456,"href":"https:\/\/radioecoutefm.com\/index.php\/wp-json\/wp\/v2\/posts\/1442\/revisions\/1456"}],"wp:featuredmedia":[{"embeddable":true,"href":"https:\/\/radioecoutefm.com\/index.php\/wp-json\/wp\/v2\/media\/1455"}],"wp:attachment":[{"href":"https:\/\/radioecoutefm.com\/index.php\/wp-json\/wp\/v2\/media?parent=1442"}],"wp:term":[{"taxonomy":"category","embeddable":true,"href":"https:\/\/radioecoutefm.com\/index.php\/wp-json\/wp\/v2\/categories?post=1442"},{"taxonomy":"post_tag","embeddable":true,"href":"https:\/\/radioecoutefm.com\/index.php\/wp-json\/wp\/v2\/tags?post=1442"},{"taxonomy":"author","embeddable":true,"href":"https:\/\/radioecoutefm.com\/index.php\/wp-json\/wp\/v2\/ppma_author?post=1442"}],"curies":[{"name":"wp","href":"https:\/\/api.w.org\/{rel}","templated":true}]}}