{"id":1365,"date":"2025-03-07T16:14:28","date_gmt":"2025-03-07T16:14:28","guid":{"rendered":"https:\/\/radioecoutefm.com\/?p=1365"},"modified":"2025-03-07T16:14:28","modified_gmt":"2025-03-07T16:14:28","slug":"saisie-darmes-destinees-a-haiti-une-entreprise-de-transport-dominicaine-mise-en-cause","status":"publish","type":"post","link":"https:\/\/radioecoutefm.com\/index.php\/2025\/03\/07\/saisie-darmes-destinees-a-haiti-une-entreprise-de-transport-dominicaine-mise-en-cause\/","title":{"rendered":"Saisie d\u2019armes destin\u00e9es \u00e0 Ha\u00efti : Une entreprise de transport dominicaine mise en cause"},"content":{"rendered":"<p>Les autorit\u00e9s dominicaines ont r\u00e9cemment mis a jour un vaste trafic d\u2019armes en provenance des \u00c9tats-Unis et destin\u00e9es \u00e0 Ha\u00efti. L\u2019affaire implique <strong>Eugenio Trading<\/strong>, une entreprise de transport maritime dominicaine en activit\u00e9 depuis plus de cinq ans, dont les dirigeants, Urbano Eugenio Garc\u00eda et M\u00e1ximo P\u00e9rez Berig\u00fcete, ont \u00e9t\u00e9 arr\u00eat\u00e9s et plac\u00e9s en d\u00e9tention pr\u00e9ventive.<\/p>\n<p><strong>Une saisie d\u2019armes massive<\/strong><\/p>\n<p>C\u2019est dans un conteneur en transit en R\u00e9publique dominicaine, en provenance de Miami et destin\u00e9 \u00e0 Ha\u00efti, que les forces de l\u2019ordre ont d\u00e9couvert un v\u00e9ritable arsenal :<\/p>\n<p>\u2022 Plus de 36 000 capsules de diff\u00e9rents calibres<\/p>\n<p>\u2022 18 chargeurs de fusils et 13 chargeurs de 9 mm<\/p>\n<p>\u2022 Un chargeur de fusil calibre 50 et un silencieux<\/p>\n<p>\u2022 23 armes \u00e0 feu, dont un fusil Barrett de 50 mm, 15 fusils de calibre 7,62, et plusieurs pistolets Glock de 9 mm<\/p>\n<p>Selon les autorit\u00e9s, cet arsenal \u00e9tait destin\u00e9 \u00e0 alimenter des groupes arm\u00e9s en Ha\u00efti, un pays d\u00e9j\u00e0 en proie \u00e0 une grave crise s\u00e9curitaire.<\/p>\n<p><strong>Un r\u00e9seau bien organis\u00e9<\/strong><\/p>\n<p>Le minist\u00e8re public dominicain accuse Urbano Eugenio Garc\u00eda d\u2019\u00eatre le propri\u00e9taire de l\u2019entreprise maritime qui a transport\u00e9 le conteneur incrimin\u00e9. Son complice pr\u00e9sum\u00e9, M\u00e1ximo P\u00e9rez Berig\u00fcete, \u00e9tait charg\u00e9 de r\u00e9ceptionner les cargaisons en R\u00e9publique dominicaine avant de les exp\u00e9dier vers Ha\u00efti.<\/p>\n<p>Entre 2020 et 2024, les deux hommes auraient g\u00e9n\u00e9r\u00e9 plus de 20,5 millions de pesos et 160 764 dollars am\u00e9ricains gr\u00e2ce \u00e0 leur activit\u00e9. Ils op\u00e9raient principalement depuis El\u00edas Pi\u00f1a et Las Matas de Farf\u00e1n, des villes proches de la fronti\u00e8re ha\u00eftienne, facilitant ainsi le transit des marchandises vers le pays voisin.<\/p>\n<p><strong>Une affaire jug\u00e9e \u201ccomplexe\u201d par la justice<\/strong><\/p>\n<p>Ce jeudi, le Bureau des Services d\u2019Attention Permanente de Santo Domingo Oeste a ordonn\u00e9 un an de d\u00e9tention pr\u00e9ventive \u00e0 l\u2019encontre des deux accus\u00e9s.<\/p>\n<p>Le tribunal a \u00e9galement acc\u00e9d\u00e9 \u00e0 la demande du minist\u00e8re public de classer l\u2019affaire comme \u201ccomplexe\u201d, une mesure permettant d\u2019\u00e9tendre la dur\u00e9e des investigations.<\/p>\n<p>\u2022 Urbano Eugenio Garc\u00eda sera incarc\u00e9r\u00e9 \u00e0 la prison Haras Nacionales \u00e0 Santo Domingo Norte.<\/p>\n<p>\u2022 M\u00e1ximo P\u00e9rez Berig\u00fcete sera d\u00e9tenu au centre de correction Najayo-Hombres, \u00e0 San Crist\u00f3bal.<\/p>\n<p><strong>Une d\u00e9fense qui rejette les accusations<\/strong><\/p>\n<p>L\u2019avocat des accus\u00e9s, Ma\u00eetre Luis Matos, a d\u00e9nonc\u00e9 une d\u00e9cision injuste, affirmant que ses clients \u00e9taient de simples transporteurs et qu\u2019ils ignoraient totalement le contenu du conteneur.<\/p>\n<p>\u201cIl est tr\u00e8s difficile pour eux de savoir ce qu\u2019il y avait \u00e0 l\u2019int\u00e9rieur du conteneur. Ce sont des idiots utiles dans cette affaire,\u201d a-t-il d\u00e9clar\u00e9.<\/p>\n<p>Malgr\u00e9 cette ligne de d\u00e9fense, les autorit\u00e9s semblent convaincues que cette entreprise de transport maritime jouait un r\u00f4le cl\u00e9 dans un r\u00e9seau international de trafic d\u2019armes, un dossier qui pourrait avoir des r\u00e9percussions bien au-del\u00e0 de la R\u00e9publique dominicaine et d\u2019Ha\u00efti.<\/p>\n","protected":false},"excerpt":{"rendered":"<p>Les autorit\u00e9s dominicaines ont r\u00e9cemment mis a jour un vaste trafic d\u2019armes en provenance des \u00c9tats-Unis et destin\u00e9es \u00e0 Ha\u00efti. L\u2019affaire implique Eugenio Trading, une entreprise de transport maritime dominicaine en activit\u00e9 depuis plus de cinq ans, dont les dirigeants, Urbano Eugenio Garc\u00eda et M\u00e1ximo P\u00e9rez Berig\u00fcete, ont \u00e9t\u00e9 arr\u00eat\u00e9s et plac\u00e9s en d\u00e9tention pr\u00e9ventive. [&hellip;]<\/p>\n","protected":false},"author":1,"featured_media":1366,"comment_status":"open","ping_status":"open","sticky":false,"template":"","format":"standard","meta":{"_uag_custom_page_level_css":"","jetpack_post_was_ever_published":false,"_jetpack_newsletter_access":"","_jetpack_dont_email_post_to_subs":false,"_jetpack_newsletter_tier_id":0,"_jetpack_memberships_contains_paywalled_content":false,"_jetpack_memberships_contains_paid_content":false,"footnotes":"","jetpack_publicize_message":"","jetpack_publicize_feature_enabled":true,"jetpack_social_post_already_shared":true,"jetpack_social_options":{"image_generator_settings":{"template":"highway","default_image_id":0,"font":"","enabled":false},"version":2}},"categories":[57],"tags":[],"ppma_author":[15],"class_list":["post-1365","post","type-post","status-publish","format-standard","has-post-thumbnail","hentry","category-securite"],"aioseo_notices":[],"jetpack_publicize_connections":[],"jetpack_featured_media_url":"https:\/\/i0.wp.com\/radioecoutefm.com\/wp-content\/uploads\/2025\/03\/IMG_1308.jpeg?fit=608%2C342&ssl=1","uagb_featured_image_src":{"full":["https:\/\/i0.wp.com\/radioecoutefm.com\/wp-content\/uploads\/2025\/03\/IMG_1308.jpeg?fit=608%2C342&ssl=1",608,342,false],"thumbnail":["https:\/\/i0.wp.com\/radioecoutefm.com\/wp-content\/uploads\/2025\/03\/IMG_1308.jpeg?resize=150%2C150&ssl=1",150,150,true],"medium":["https:\/\/i0.wp.com\/radioecoutefm.com\/wp-content\/uploads\/2025\/03\/IMG_1308.jpeg?fit=300%2C169&ssl=1",300,169,true],"medium_large":["https:\/\/i0.wp.com\/radioecoutefm.com\/wp-content\/uploads\/2025\/03\/IMG_1308.jpeg?fit=608%2C342&ssl=1",608,342,true],"large":["https:\/\/i0.wp.com\/radioecoutefm.com\/wp-content\/uploads\/2025\/03\/IMG_1308.jpeg?fit=608%2C342&ssl=1",608,342,true],"1536x1536":["https:\/\/i0.wp.com\/radioecoutefm.com\/wp-content\/uploads\/2025\/03\/IMG_1308.jpeg?fit=608%2C342&ssl=1",608,342,true],"2048x2048":["https:\/\/i0.wp.com\/radioecoutefm.com\/wp-content\/uploads\/2025\/03\/IMG_1308.jpeg?fit=608%2C342&ssl=1",608,342,true],"newsair-slider-full":["https:\/\/i0.wp.com\/radioecoutefm.com\/wp-content\/uploads\/2025\/03\/IMG_1308.jpeg?resize=608%2C342&ssl=1",608,342,true],"newsair-featured":["https:\/\/i0.wp.com\/radioecoutefm.com\/wp-content\/uploads\/2025\/03\/IMG_1308.jpeg?fit=608%2C342&ssl=1",608,342,true],"newsair-medium":["https:\/\/i0.wp.com\/radioecoutefm.com\/wp-content\/uploads\/2025\/03\/IMG_1308.jpeg?resize=608%2C342&ssl=1",608,342,true]},"uagb_author_info":{"display_name":"Ecoute FM","author_link":"https:\/\/radioecoutefm.com\/index.php\/author\/borgellaattis\/"},"uagb_comment_info":0,"uagb_excerpt":"Les autorit\u00e9s dominicaines ont r\u00e9cemment mis a jour un vaste trafic d\u2019armes en provenance des \u00c9tats-Unis et destin\u00e9es \u00e0 Ha\u00efti. L\u2019affaire implique Eugenio Trading, une entreprise de transport maritime dominicaine en activit\u00e9 depuis plus de cinq ans, dont les dirigeants, Urbano Eugenio Garc\u00eda et M\u00e1ximo P\u00e9rez Berig\u00fcete, ont \u00e9t\u00e9 arr\u00eat\u00e9s et plac\u00e9s en d\u00e9tention pr\u00e9ventive.&hellip;","jetpack_sharing_enabled":true,"jetpack_shortlink":"https:\/\/wp.me\/pgoyna-m1","jetpack-related-posts":[{"id":1288,"url":"https:\/\/radioecoutefm.com\/index.php\/2025\/03\/05\/plusieurs-armes-et-munitions-destinees-a-haiti-saisies-en-republique-dominicaine\/","url_meta":{"origin":1365,"position":0},"title":"Plusieurs armes et munitions destin\u00e9es \u00e0 Ha\u00efti saisies en R\u00e9publique dominicaine","author":"Claude DIEUPHENE","date":"05.03.2025","format":false,"excerpt":"Selon le tr\u00e8s populaire journal dominicain List\u00edn Diario, les agents de la Direction g\u00e9n\u00e9rale des douanes (DGA), en collaboration avec le minist\u00e8re public, ont d\u00e9couvert 36 000 capsules de diff\u00e9rents calibres, 18 chargeurs de fusil, 13 chargeurs de 9 millim\u00e8tres, un chargeur de fusil de calibre 50, un silencieux et\u2026","rel":"","context":"In &quot;INSECURITE&quot;","block_context":{"text":"INSECURITE","link":"https:\/\/radioecoutefm.com\/index.php\/category\/securite\/"},"img":{"alt_text":"","src":"https:\/\/i0.wp.com\/radioecoutefm.com\/wp-content\/uploads\/2025\/03\/60ECE974-D613-4D62-9C4F-9333CBBB34D0.jpeg?fit=800%2C907&ssl=1&resize=350%2C200","width":350,"height":200,"srcset":"https:\/\/i0.wp.com\/radioecoutefm.com\/wp-content\/uploads\/2025\/03\/60ECE974-D613-4D62-9C4F-9333CBBB34D0.jpeg?fit=800%2C907&ssl=1&resize=350%2C200 1x, https:\/\/i0.wp.com\/radioecoutefm.com\/wp-content\/uploads\/2025\/03\/60ECE974-D613-4D62-9C4F-9333CBBB34D0.jpeg?fit=800%2C907&ssl=1&resize=525%2C300 1.5x, https:\/\/i0.wp.com\/radioecoutefm.com\/wp-content\/uploads\/2025\/03\/60ECE974-D613-4D62-9C4F-9333CBBB34D0.jpeg?fit=800%2C907&ssl=1&resize=700%2C400 2x"},"classes":[]},{"id":1598,"url":"https:\/\/radioecoutefm.com\/index.php\/2025\/03\/14\/1598\/","url_meta":{"origin":1365,"position":1},"title":"Saisie d\u2019armes en R\u00e9publique Dominicaine : S\u00e9nat Guito, complice pr\u00e9sum\u00e9, arr\u00eat\u00e9 \u00e0 Hinche par la PNH","author":"Ecoute FM","date":"14.03.2025","format":false,"excerpt":"S\u00e9nat Guito, identifi\u00e9 comme le destinataire d\u2019un important lot d\u2019armes saisi en R\u00e9publique Dominicaine, a \u00e9t\u00e9 arr\u00eat\u00e9 ce jeudi \u00e0 Hinche par la Police Nationale d\u2019Ha\u00efti (PNH). L\u2019information a \u00e9t\u00e9 confirm\u00e9e par Lionel Lazarre, porte-parole de l\u2019institution. L\u2019arsenal, en provenance des \u00c9tats-Unis et destin\u00e9 \u00e0 Ha\u00efti, comprenait des fusils d\u2019assaut\u2026","rel":"","context":"In &quot;INSECURITE&quot;","block_context":{"text":"INSECURITE","link":"https:\/\/radioecoutefm.com\/index.php\/category\/securite\/"},"img":{"alt_text":"","src":"https:\/\/i0.wp.com\/radioecoutefm.com\/wp-content\/uploads\/2025\/03\/IMG_1379.jpeg?fit=750%2C1000&ssl=1&resize=350%2C200","width":350,"height":200,"srcset":"https:\/\/i0.wp.com\/radioecoutefm.com\/wp-content\/uploads\/2025\/03\/IMG_1379.jpeg?fit=750%2C1000&ssl=1&resize=350%2C200 1x, https:\/\/i0.wp.com\/radioecoutefm.com\/wp-content\/uploads\/2025\/03\/IMG_1379.jpeg?fit=750%2C1000&ssl=1&resize=525%2C300 1.5x, https:\/\/i0.wp.com\/radioecoutefm.com\/wp-content\/uploads\/2025\/03\/IMG_1379.jpeg?fit=750%2C1000&ssl=1&resize=700%2C400 2x"},"classes":[]},{"id":2091,"url":"https:\/\/radioecoutefm.com\/index.php\/2025\/03\/26\/haiti-restreint-le-transit-des-marchandises-etrangeres-passant-par-la-republique-dominicaine-precise-le-journal-diario-libre\/","url_meta":{"origin":1365,"position":2},"title":"Ha\u00efti restreint le transit des marchandises \u00e9trang\u00e8res passant par la R\u00e9publique dominicaine, pr\u00e9cise le journal Diario Libre","author":"Ecoute FM","date":"26.03.2025","format":false,"excerpt":"Le gouvernement ha\u00eftien a annonc\u00e9 une interdiction de recevoir des marchandises en provenance de l'\u00e9tranger via la fronti\u00e8re terrestre avec la R\u00e9publique dominicaine, une d\u00e9cision qui devrait entrer en vigueur le 7 avril 2025. Selon le journal Dominicain Diario Libre, cette mesure a \u00e9t\u00e9 communiqu\u00e9e aux autorit\u00e9s dominicaines, qui ont\u2026","rel":"","context":"In &quot;POLITIQUE&quot;","block_context":{"text":"POLITIQUE","link":"https:\/\/radioecoutefm.com\/index.php\/category\/politique\/"},"img":{"alt_text":"","src":"https:\/\/i0.wp.com\/radioecoutefm.com\/wp-content\/uploads\/2025\/03\/Frontiere.jpg?fit=896%2C504&ssl=1&resize=350%2C200","width":350,"height":200,"srcset":"https:\/\/i0.wp.com\/radioecoutefm.com\/wp-content\/uploads\/2025\/03\/Frontiere.jpg?fit=896%2C504&ssl=1&resize=350%2C200 1x, https:\/\/i0.wp.com\/radioecoutefm.com\/wp-content\/uploads\/2025\/03\/Frontiere.jpg?fit=896%2C504&ssl=1&resize=525%2C300 1.5x, https:\/\/i0.wp.com\/radioecoutefm.com\/wp-content\/uploads\/2025\/03\/Frontiere.jpg?fit=896%2C504&ssl=1&resize=700%2C400 2x"},"classes":[]},{"id":1720,"url":"https:\/\/radioecoutefm.com\/index.php\/2025\/03\/17\/trafic-darmes-en-haiti-la-floride-un-carrefour-cle-de-lapprovisionnement-des-gangs\/","url_meta":{"origin":1365,"position":3},"title":"Trafic d\u2019armes en Ha\u00efti : la Floride, un carrefour cl\u00e9 de l\u2019approvisionnement des gangs","author":"Ecoute FM","date":"17.03.2025","format":false,"excerpt":"Le trafic d\u2019armes et de munitions continue d\u2019alimenter la spirale de violence en Ha\u00efti, facilitant l\u2019expansion des gangs criminels qui terrorisent la population. Selon William O\u2019Neill, expert ind\u00e9pendant des Nations Unies en droits de l\u2019homme sur Ha\u00efti, l\u2019une des solutions les plus efficaces pour d\u00e9manteler ces groupes arm\u00e9s serait de\u2026","rel":"","context":"In &quot;INSECURITE&quot;","block_context":{"text":"INSECURITE","link":"https:\/\/radioecoutefm.com\/index.php\/category\/securite\/"},"img":{"alt_text":"","src":"https:\/\/i0.wp.com\/radioecoutefm.com\/wp-content\/uploads\/2025\/03\/IMG_1408.jpeg?fit=1170%2C551&ssl=1&resize=350%2C200","width":350,"height":200,"srcset":"https:\/\/i0.wp.com\/radioecoutefm.com\/wp-content\/uploads\/2025\/03\/IMG_1408.jpeg?fit=1170%2C551&ssl=1&resize=350%2C200 1x, https:\/\/i0.wp.com\/radioecoutefm.com\/wp-content\/uploads\/2025\/03\/IMG_1408.jpeg?fit=1170%2C551&ssl=1&resize=525%2C300 1.5x, https:\/\/i0.wp.com\/radioecoutefm.com\/wp-content\/uploads\/2025\/03\/IMG_1408.jpeg?fit=1170%2C551&ssl=1&resize=700%2C400 2x, https:\/\/i0.wp.com\/radioecoutefm.com\/wp-content\/uploads\/2025\/03\/IMG_1408.jpeg?fit=1170%2C551&ssl=1&resize=1050%2C600 3x"},"classes":[]},{"id":4463,"url":"https:\/\/radioecoutefm.com\/index.php\/2025\/05\/22\/la-republique-dominicaine-les-etats-unis-et-la-colombie-alimentent-linstabilite-en-haiti-selon-le-ministre-de-la-defense\/","url_meta":{"origin":1365,"position":4},"title":"La R\u00e9publique dominicaine, les \u00c9tats-Unis et la Colombie alimentent l\u2019instabilit\u00e9 en Ha\u00efti, selon le ministre de la D\u00e9fense","author":"Ecoute FM","date":"22.05.2025","format":false,"excerpt":"Jean Michel Moise a point\u00e9 du doigt a plusieurs pays de la r\u00e9gion comme responsables indirects de l\u2019aggravation de sa crise s\u00e9curitaire. Lors d\u2019un symposium organis\u00e9 \u00e0 l\u2019Organisation des \u00c9tats am\u00e9ricains (OEA), le ministre ha\u00eftien de la D\u00e9fense, Jean Michel Mo\u00efse, a fait savoir que,\u00a0 la R\u00e9publique dominicaine, les \u00c9tats-Unis\u2026","rel":"","context":"In &quot;SECURITE&quot;","block_context":{"text":"SECURITE","link":"https:\/\/radioecoutefm.com\/index.php\/category\/insecurite\/"},"img":{"alt_text":"","src":"https:\/\/i0.wp.com\/radioecoutefm.com\/wp-content\/uploads\/2025\/05\/Ministre-defense.jpg?fit=1080%2C699&ssl=1&resize=350%2C200","width":350,"height":200,"srcset":"https:\/\/i0.wp.com\/radioecoutefm.com\/wp-content\/uploads\/2025\/05\/Ministre-defense.jpg?fit=1080%2C699&ssl=1&resize=350%2C200 1x, https:\/\/i0.wp.com\/radioecoutefm.com\/wp-content\/uploads\/2025\/05\/Ministre-defense.jpg?fit=1080%2C699&ssl=1&resize=525%2C300 1.5x, https:\/\/i0.wp.com\/radioecoutefm.com\/wp-content\/uploads\/2025\/05\/Ministre-defense.jpg?fit=1080%2C699&ssl=1&resize=700%2C400 2x, https:\/\/i0.wp.com\/radioecoutefm.com\/wp-content\/uploads\/2025\/05\/Ministre-defense.jpg?fit=1080%2C699&ssl=1&resize=1050%2C600 3x"},"classes":[]},{"id":1436,"url":"https:\/\/radioecoutefm.com\/index.php\/2025\/03\/08\/le-ministere-de-linterieur-et-de-la-police-de-la-republique-dominicaine-clarifie-la-situation-de-maximino-perez-beriguete-apres-larrestation-liee-a-la-saisie-darmes-a-destination-dhaiti\/","url_meta":{"origin":1365,"position":5},"title":"Le Minist\u00e8re de l&#8217;Int\u00e9rieur et de la Police de la R\u00e9publique Dominicaine clarifie la situation de Maximino P\u00e9rez Berig\u00fcete apr\u00e8s l&#8217;arrestation li\u00e9e \u00e0 la saisie d&#8217;armes \u00e0 destination d&#8217;Ha\u00efti","author":"Ecoute FM","date":"08.03.2025","format":false,"excerpt":"Le Minist\u00e8re de l'Int\u00e9rieur et de la Police (MIP) a tenu \u00e0 pr\u00e9ciser les circonstances entourant l'arrestation de Maximino P\u00e9rez Berig\u00fcete, un ancien inspecteur de la Direction du Contr\u00f4le et de la Vente de Boissons Alcoolis\u00e9es, apr\u00e8s sa prise en charge lors d'une perquisition \u00e0 la suite de la saisie\u2026","rel":"","context":"In &quot;INSECURITE&quot;","block_context":{"text":"INSECURITE","link":"https:\/\/radioecoutefm.com\/index.php\/category\/securite\/"},"img":{"alt_text":"","src":"https:\/\/i0.wp.com\/radioecoutefm.com\/wp-content\/uploads\/2025\/03\/Maximo-Perez-Beriguete.webp?fit=1200%2C675&ssl=1&resize=350%2C200","width":350,"height":200,"srcset":"https:\/\/i0.wp.com\/radioecoutefm.com\/wp-content\/uploads\/2025\/03\/Maximo-Perez-Beriguete.webp?fit=1200%2C675&ssl=1&resize=350%2C200 1x, https:\/\/i0.wp.com\/radioecoutefm.com\/wp-content\/uploads\/2025\/03\/Maximo-Perez-Beriguete.webp?fit=1200%2C675&ssl=1&resize=525%2C300 1.5x, https:\/\/i0.wp.com\/radioecoutefm.com\/wp-content\/uploads\/2025\/03\/Maximo-Perez-Beriguete.webp?fit=1200%2C675&ssl=1&resize=700%2C400 2x, https:\/\/i0.wp.com\/radioecoutefm.com\/wp-content\/uploads\/2025\/03\/Maximo-Perez-Beriguete.webp?fit=1200%2C675&ssl=1&resize=1050%2C600 3x"},"classes":[]}],"authors":[{"term_id":15,"user_id":1,"is_guest":0,"slug":"borgellaattis","display_name":"Ecoute FM","avatar_url":"https:\/\/secure.gravatar.com\/avatar\/a5369629745bf29c5deb65198d5e38aed1dc2c880c04b3b630ab3f6e8c623b70?s=96&d=mm&r=g","0":null,"1":"","2":"","3":"","4":"","5":"","6":"","7":"","8":""}],"_links":{"self":[{"href":"https:\/\/radioecoutefm.com\/index.php\/wp-json\/wp\/v2\/posts\/1365","targetHints":{"allow":["GET"]}}],"collection":[{"href":"https:\/\/radioecoutefm.com\/index.php\/wp-json\/wp\/v2\/posts"}],"about":[{"href":"https:\/\/radioecoutefm.com\/index.php\/wp-json\/wp\/v2\/types\/post"}],"author":[{"embeddable":true,"href":"https:\/\/radioecoutefm.com\/index.php\/wp-json\/wp\/v2\/users\/1"}],"replies":[{"embeddable":true,"href":"https:\/\/radioecoutefm.com\/index.php\/wp-json\/wp\/v2\/comments?post=1365"}],"version-history":[{"count":1,"href":"https:\/\/radioecoutefm.com\/index.php\/wp-json\/wp\/v2\/posts\/1365\/revisions"}],"predecessor-version":[{"id":1370,"href":"https:\/\/radioecoutefm.com\/index.php\/wp-json\/wp\/v2\/posts\/1365\/revisions\/1370"}],"wp:featuredmedia":[{"embeddable":true,"href":"https:\/\/radioecoutefm.com\/index.php\/wp-json\/wp\/v2\/media\/1366"}],"wp:attachment":[{"href":"https:\/\/radioecoutefm.com\/index.php\/wp-json\/wp\/v2\/media?parent=1365"}],"wp:term":[{"taxonomy":"category","embeddable":true,"href":"https:\/\/radioecoutefm.com\/index.php\/wp-json\/wp\/v2\/categories?post=1365"},{"taxonomy":"post_tag","embeddable":true,"href":"https:\/\/radioecoutefm.com\/index.php\/wp-json\/wp\/v2\/tags?post=1365"},{"taxonomy":"author","embeddable":true,"href":"https:\/\/radioecoutefm.com\/index.php\/wp-json\/wp\/v2\/ppma_author?post=1365"}],"curies":[{"name":"wp","href":"https:\/\/api.w.org\/{rel}","templated":true}]}}