{"id":1358,"date":"2025-03-06T19:33:07","date_gmt":"2025-03-06T19:33:07","guid":{"rendered":"https:\/\/radioecoutefm.com\/?p=1358"},"modified":"2025-03-06T19:33:07","modified_gmt":"2025-03-06T19:33:07","slug":"35-000-dollars-americains-par-mois-engages-par-le-gouvernement-haitien-pour-un-lobbyiste-aux-etats-unis","status":"publish","type":"post","link":"https:\/\/radioecoutefm.com\/index.php\/2025\/03\/06\/35-000-dollars-americains-par-mois-engages-par-le-gouvernement-haitien-pour-un-lobbyiste-aux-etats-unis\/","title":{"rendered":"35 000 dollars am\u00e9ricains par mois engag\u00e9s par le gouvernement ha\u00eftien pour un lobbyiste aux \u00c9tats-Unis"},"content":{"rendered":"<p data-start=\"236\" data-end=\"444\">Le gouvernement ha\u00eftien a d\u00e9cid\u00e9 d\u2019allouer une somme de 35 000 dollars am\u00e9ricains par mois \u00e0 une firme de lobbyistes bas\u00e9e aux \u00c9tats-Unis, dans le but d\u2019influencer la Maison-Blanche sur la question ha\u00eftienne.<\/p>\n<p data-start=\"446\" data-end=\"649\">Ce contrat a \u00e9t\u00e9 sign\u00e9 par le Premier ministre Alix Didier Fils-Aim\u00e9 le 7 f\u00e9vrier dernier et enregistr\u00e9 au minist\u00e8re de la Justice des \u00c9tats-Unis le 18 f\u00e9vrier, selon le journal floridien <em data-start=\"634\" data-end=\"648\">Miami Herald<\/em>.<\/p>\n<p data-start=\"651\" data-end=\"846\">La firme en question est dirig\u00e9e par Carlos Trujillo, un ancien membre r\u00e9publicain du Congr\u00e8s de Floride et ancien ambassadeur de Donald Trump aupr\u00e8s de l\u2019Organisation des \u00c9tats Am\u00e9ricains (OEA).<\/p>\n<p data-start=\"848\" data-end=\"1145\">D\u2019apr\u00e8s <em data-start=\"856\" data-end=\"870\">Miami Herald<\/em>, Trujillo est un personnage cl\u00e9 de l\u2019entourage de Donald Trump, ayant jou\u00e9 un r\u00f4le influent dans sa campagne pr\u00e9sidentielle. Son expertise et son r\u00e9seau politique pourraient constituer des atouts importants pour d\u00e9fendre les int\u00e9r\u00eats d\u2019Ha\u00efti aupr\u00e8s des d\u00e9cideurs am\u00e9ricains.<\/p>\n","protected":false},"excerpt":{"rendered":"<p>Le gouvernement ha\u00eftien a d\u00e9cid\u00e9 d\u2019allouer une somme de 35 000 dollars am\u00e9ricains par mois \u00e0 une firme de lobbyistes bas\u00e9e aux \u00c9tats-Unis, dans le but d\u2019influencer la Maison-Blanche sur la question ha\u00eftienne. Ce contrat a \u00e9t\u00e9 sign\u00e9 par le Premier ministre Alix Didier Fils-Aim\u00e9 le 7 f\u00e9vrier dernier et enregistr\u00e9 au minist\u00e8re de la [&hellip;]<\/p>\n","protected":false},"author":5,"featured_media":1359,"comment_status":"open","ping_status":"open","sticky":false,"template":"","format":"standard","meta":{"_uag_custom_page_level_css":"","jetpack_post_was_ever_published":false,"_jetpack_newsletter_access":"","_jetpack_dont_email_post_to_subs":false,"_jetpack_newsletter_tier_id":0,"_jetpack_memberships_contains_paywalled_content":false,"_jetpack_memberships_contains_paid_content":false,"footnotes":"","jetpack_publicize_message":"","jetpack_publicize_feature_enabled":true,"jetpack_social_post_already_shared":false,"jetpack_social_options":{"image_generator_settings":{"template":"highway","default_image_id":0,"font":"","enabled":false},"version":2}},"categories":[8],"tags":[],"ppma_author":[53],"class_list":["post-1358","post","type-post","status-publish","format-standard","has-post-thumbnail","hentry","category-politique"],"aioseo_notices":[],"jetpack_publicize_connections":[],"jetpack_featured_media_url":"https:\/\/i0.wp.com\/radioecoutefm.com\/wp-content\/uploads\/2025\/03\/filsaime.jpg?fit=1280%2C902&ssl=1","uagb_featured_image_src":{"full":["https:\/\/i0.wp.com\/radioecoutefm.com\/wp-content\/uploads\/2025\/03\/filsaime.jpg?fit=1280%2C902&ssl=1",1280,902,false],"thumbnail":["https:\/\/i0.wp.com\/radioecoutefm.com\/wp-content\/uploads\/2025\/03\/filsaime.jpg?resize=150%2C150&ssl=1",150,150,true],"medium":["https:\/\/i0.wp.com\/radioecoutefm.com\/wp-content\/uploads\/2025\/03\/filsaime.jpg?fit=300%2C211&ssl=1",300,211,true],"medium_large":["https:\/\/i0.wp.com\/radioecoutefm.com\/wp-content\/uploads\/2025\/03\/filsaime.jpg?fit=640%2C451&ssl=1",640,451,true],"large":["https:\/\/i0.wp.com\/radioecoutefm.com\/wp-content\/uploads\/2025\/03\/filsaime.jpg?fit=640%2C451&ssl=1",640,451,true],"1536x1536":["https:\/\/i0.wp.com\/radioecoutefm.com\/wp-content\/uploads\/2025\/03\/filsaime.jpg?fit=1280%2C902&ssl=1",1280,902,true],"2048x2048":["https:\/\/i0.wp.com\/radioecoutefm.com\/wp-content\/uploads\/2025\/03\/filsaime.jpg?fit=1280%2C902&ssl=1",1280,902,true],"newsair-slider-full":["https:\/\/i0.wp.com\/radioecoutefm.com\/wp-content\/uploads\/2025\/03\/filsaime.jpg?resize=1280%2C720&ssl=1",1280,720,true],"newsair-featured":["https:\/\/i0.wp.com\/radioecoutefm.com\/wp-content\/uploads\/2025\/03\/filsaime.jpg?fit=1024%2C722&ssl=1",1024,722,true],"newsair-medium":["https:\/\/i0.wp.com\/radioecoutefm.com\/wp-content\/uploads\/2025\/03\/filsaime.jpg?resize=720%2C380&ssl=1",720,380,true]},"uagb_author_info":{"display_name":"Claude DIEUPHENE","author_link":"https:\/\/radioecoutefm.com\/index.php\/author\/claude-dieuphene\/"},"uagb_comment_info":0,"uagb_excerpt":"Le gouvernement ha\u00eftien a d\u00e9cid\u00e9 d\u2019allouer une somme de 35 000 dollars am\u00e9ricains par mois \u00e0 une firme de lobbyistes bas\u00e9e aux \u00c9tats-Unis, dans le but d\u2019influencer la Maison-Blanche sur la question ha\u00eftienne. Ce contrat a \u00e9t\u00e9 sign\u00e9 par le Premier ministre Alix Didier Fils-Aim\u00e9 le 7 f\u00e9vrier dernier et enregistr\u00e9 au minist\u00e8re de la&hellip;","jetpack_sharing_enabled":true,"jetpack_shortlink":"https:\/\/wp.me\/pgoyna-lU","jetpack-related-posts":[{"id":1523,"url":"https:\/\/radioecoutefm.com\/index.php\/2025\/03\/12\/ladministration-trump-envisage-dinterdire-lentree-aux-etats-unis-aux-cubains-et-aux-haitiens\/","url_meta":{"origin":1358,"position":0},"title":"L\u2019administration Trump envisage d\u2019interdire l\u2019entr\u00e9e aux \u00c9tats-Unis aux Cubains et aux Ha\u00eftiens","author":"Claude DIEUPHENE","date":"12.03.2025","format":false,"excerpt":"Cuba et Ha\u00efti font partie des pays figurant sur une liste dont les ressortissants pourraient \u00eatre soumis \u00e0 des restrictions d\u2019entr\u00e9e aux \u00c9tats-Unis, selon un article publi\u00e9 par le journal am\u00e9ricain Miami Herald le mardi 11 mars 2025. L\u2019administration de Donald Trump envisagerait d\u2019\u00e9largir les interdictions de voyage d\u00e9j\u00e0 en\u2026","rel":"","context":"In &quot;POLITIQUE&quot;","block_context":{"text":"POLITIQUE","link":"https:\/\/radioecoutefm.com\/index.php\/category\/politique\/"},"img":{"alt_text":"","src":"https:\/\/i0.wp.com\/radioecoutefm.com\/wp-content\/uploads\/2025\/03\/att.ixMB9oLv0PV56HkY4gP0kyb4zgwWvKXzQNWNYYdmxFk.jpeg?fit=960%2C504&ssl=1&resize=350%2C200","width":350,"height":200,"srcset":"https:\/\/i0.wp.com\/radioecoutefm.com\/wp-content\/uploads\/2025\/03\/att.ixMB9oLv0PV56HkY4gP0kyb4zgwWvKXzQNWNYYdmxFk.jpeg?fit=960%2C504&ssl=1&resize=350%2C200 1x, https:\/\/i0.wp.com\/radioecoutefm.com\/wp-content\/uploads\/2025\/03\/att.ixMB9oLv0PV56HkY4gP0kyb4zgwWvKXzQNWNYYdmxFk.jpeg?fit=960%2C504&ssl=1&resize=525%2C300 1.5x, https:\/\/i0.wp.com\/radioecoutefm.com\/wp-content\/uploads\/2025\/03\/att.ixMB9oLv0PV56HkY4gP0kyb4zgwWvKXzQNWNYYdmxFk.jpeg?fit=960%2C504&ssl=1&resize=700%2C400 2x"},"classes":[]},{"id":5912,"url":"https:\/\/radioecoutefm.com\/index.php\/2025\/09\/20\/les-etats-unis-interceptent-plus-de-23-000-armes-et-stupefiants-destines-a-haiti\/","url_meta":{"origin":1358,"position":1},"title":"Les \u00c9tats-Unis interceptent plus de 23 000 armes et stup\u00e9fiants destin\u00e9s \u00e0 Ha\u00efti","author":"Ecoute FM","date":"20.09.2025","format":false,"excerpt":"Les services d\u2019enqu\u00eate de la s\u00e9curit\u00e9 int\u00e9rieure des \u00c9tats-Unis (HSI) ont annonc\u00e9 avoir saisi, au cours de cette ann\u00e9e, plus de 23 000 armes et une importante quantit\u00e9 de stup\u00e9fiants en direction d\u2019Ha\u00efti. La valeur totale de ces marchandises illicites est estim\u00e9e \u00e0 plus d\u2019un million de dollars am\u00e9ricains. Cette\u2026","rel":"","context":"In &quot;INSECURITE&quot;","block_context":{"text":"INSECURITE","link":"https:\/\/radioecoutefm.com\/index.php\/category\/securite\/"},"img":{"alt_text":"","src":"https:\/\/i0.wp.com\/radioecoutefm.com\/wp-content\/uploads\/2025\/09\/6A28D815-1BD7-4253-89CB-B49527820730.jpeg?fit=1175%2C985&ssl=1&resize=350%2C200","width":350,"height":200,"srcset":"https:\/\/i0.wp.com\/radioecoutefm.com\/wp-content\/uploads\/2025\/09\/6A28D815-1BD7-4253-89CB-B49527820730.jpeg?fit=1175%2C985&ssl=1&resize=350%2C200 1x, https:\/\/i0.wp.com\/radioecoutefm.com\/wp-content\/uploads\/2025\/09\/6A28D815-1BD7-4253-89CB-B49527820730.jpeg?fit=1175%2C985&ssl=1&resize=525%2C300 1.5x, https:\/\/i0.wp.com\/radioecoutefm.com\/wp-content\/uploads\/2025\/09\/6A28D815-1BD7-4253-89CB-B49527820730.jpeg?fit=1175%2C985&ssl=1&resize=700%2C400 2x, https:\/\/i0.wp.com\/radioecoutefm.com\/wp-content\/uploads\/2025\/09\/6A28D815-1BD7-4253-89CB-B49527820730.jpeg?fit=1175%2C985&ssl=1&resize=1050%2C600 3x"},"classes":[]},{"id":5352,"url":"https:\/\/radioecoutefm.com\/index.php\/2025\/06\/23\/gold-cup-2025-haiti-eliminee-apres-une-courte-defaite-face-aux-etats-unis\/","url_meta":{"origin":1358,"position":2},"title":"Gold Cup 2025 : Ha\u00efti \u00e9limin\u00e9e apr\u00e8s une courte d\u00e9faite face aux \u00c9tats-Unis","author":"Ecoute FM","date":"23.06.2025","format":false,"excerpt":"L'aventure des Grenadiers dans la Gold Cup 2025 s'arr\u00eate d\u00e8s la phase de groupes. Ce samedi soir, la s\u00e9lection ha\u00eftienne a \u00e9t\u00e9 battue 2-1 par les \u00c9tats-Unis, dans un match d\u00e9cisif du groupe D. Avec un seul point glan\u00e9 en trois rencontres, Ha\u00efti termine lanterne rouge et dit adieu \u00e0\u2026","rel":"","context":"In &quot;SPORT&quot;","block_context":{"text":"SPORT","link":"https:\/\/radioecoutefm.com\/index.php\/category\/sport\/"},"img":{"alt_text":"","src":"https:\/\/i0.wp.com\/radioecoutefm.com\/wp-content\/uploads\/2025\/06\/Haiti-elimne.png?fit=393%2C263&ssl=1&resize=350%2C200","width":350,"height":200},"classes":[]},{"id":4923,"url":"https:\/\/radioecoutefm.com\/index.php\/2025\/06\/06\/un-ressortissant-haitien-arrete-apres-fraude-a-limmigration-aux-etats-unis\/","url_meta":{"origin":1358,"position":3},"title":"Un ressortissant ha\u00eftien arr\u00eat\u00e9 apr\u00e8s fraude \u00e0 l\u2019immigration aux \u00c9tats-Unis","author":"Ecoute FM","date":"06.06.2025","format":false,"excerpt":"Les autorit\u00e9s am\u00e9ricaines ont r\u00e9cemment confirm\u00e9 l\u2019arrestation d\u2019un ressortissant ha\u00eftien ayant menti dans sa demande de carte verte. Apr\u00e8s une enqu\u00eate men\u00e9e par les Services de Citoyennet\u00e9 et d\u2019Immigration (USCIS), il a \u00e9t\u00e9 \u00e9tabli que l\u2019individu avait fourni de fausses informations dans le but d\u2019obtenir un statut l\u00e9gal aux \u00c9tats-Unis.\u2026","rel":"","context":"In &quot;MIGRATION&quot;","block_context":{"text":"MIGRATION","link":"https:\/\/radioecoutefm.com\/index.php\/category\/migration\/"},"img":{"alt_text":"","src":"https:\/\/i0.wp.com\/radioecoutefm.com\/wp-content\/uploads\/2025\/06\/IMG_2191.jpeg?fit=924%2C615&ssl=1&resize=350%2C200","width":350,"height":200,"srcset":"https:\/\/i0.wp.com\/radioecoutefm.com\/wp-content\/uploads\/2025\/06\/IMG_2191.jpeg?fit=924%2C615&ssl=1&resize=350%2C200 1x, https:\/\/i0.wp.com\/radioecoutefm.com\/wp-content\/uploads\/2025\/06\/IMG_2191.jpeg?fit=924%2C615&ssl=1&resize=525%2C300 1.5x, https:\/\/i0.wp.com\/radioecoutefm.com\/wp-content\/uploads\/2025\/06\/IMG_2191.jpeg?fit=924%2C615&ssl=1&resize=700%2C400 2x"},"classes":[]},{"id":5979,"url":"https:\/\/radioecoutefm.com\/index.php\/2025\/09\/24\/arrestation-de-dimitri-vorbe-aux-etats-unis\/","url_meta":{"origin":1358,"position":4},"title":"Arrestation de Dimitri Vorbe aux \u00c9tats-Unis","author":"Ecoute FM","date":"24.09.2025","format":false,"excerpt":"L\u2019homme d\u2019affaires ha\u00eftien Dimitri Vorbe, ancien directeur ex\u00e9cutif de la Soci\u00e9t\u00e9 G\u00e9n\u00e9rale d\u2019\u00c9nergie S.A. (SOGENER), a \u00e9t\u00e9 arr\u00eat\u00e9 ce mardi par les autorit\u00e9s am\u00e9ricaines. Selon des sources, il a \u00e9t\u00e9 interpell\u00e9 \u00e0 son domicile en Floride par les agents de l\u2019Immigration and Customs Enforcement (ICE). Figure influente du secteur priv\u00e9\u2026","rel":"","context":"In &quot;ARRESTATION&quot;","block_context":{"text":"ARRESTATION","link":"https:\/\/radioecoutefm.com\/index.php\/category\/arrestation\/"},"img":{"alt_text":"","src":"https:\/\/i0.wp.com\/radioecoutefm.com\/wp-content\/uploads\/2025\/09\/EABB055A-520D-4B8A-97FF-ED24D78506AC.jpeg?fit=554%2C554&ssl=1&resize=350%2C200","width":350,"height":200,"srcset":"https:\/\/i0.wp.com\/radioecoutefm.com\/wp-content\/uploads\/2025\/09\/EABB055A-520D-4B8A-97FF-ED24D78506AC.jpeg?fit=554%2C554&ssl=1&resize=350%2C200 1x, https:\/\/i0.wp.com\/radioecoutefm.com\/wp-content\/uploads\/2025\/09\/EABB055A-520D-4B8A-97FF-ED24D78506AC.jpeg?fit=554%2C554&ssl=1&resize=525%2C300 1.5x"},"classes":[]},{"id":2512,"url":"https:\/\/radioecoutefm.com\/index.php\/2025\/04\/09\/le-conseiller-president-smith-augustin-en-mission-officielle-aux-etats-unis\/","url_meta":{"origin":1358,"position":5},"title":"Le Conseiller-Pr\u00e9sident Smith Augustin en mission officielle aux \u00c9tats-Unis","author":"Ecoute FM","date":"09.04.2025","format":false,"excerpt":"Le bureau de la pr\u00e9sidence annonce, ce 8 avril 2025, que le Conseiller-Pr\u00e9sident Smith Augustin est en mission \u00e0 Washington D.C. et \u00e0 New York dans le cadre du renforcement des efforts de coop\u00e9ration internationale pour le r\u00e9tablissement de la s\u00e9curit\u00e9 publique et la pr\u00e9paration des prochaines \u00e9lections en Ha\u00efti.\u2026","rel":"","context":"In &quot;POLITIQUE&quot;","block_context":{"text":"POLITIQUE","link":"https:\/\/radioecoutefm.com\/index.php\/category\/politique\/"},"img":{"alt_text":"","src":"https:\/\/i0.wp.com\/radioecoutefm.com\/wp-content\/uploads\/2025\/04\/59F686D9-5404-4C10-B800-68C29A9FE84D.jpeg?fit=534%2C419&ssl=1&resize=350%2C200","width":350,"height":200,"srcset":"https:\/\/i0.wp.com\/radioecoutefm.com\/wp-content\/uploads\/2025\/04\/59F686D9-5404-4C10-B800-68C29A9FE84D.jpeg?fit=534%2C419&ssl=1&resize=350%2C200 1x, https:\/\/i0.wp.com\/radioecoutefm.com\/wp-content\/uploads\/2025\/04\/59F686D9-5404-4C10-B800-68C29A9FE84D.jpeg?fit=534%2C419&ssl=1&resize=525%2C300 1.5x"},"classes":[]}],"authors":[{"term_id":53,"user_id":5,"is_guest":0,"slug":"claude-dieuphene","display_name":"Claude DIEUPHENE","avatar_url":"https:\/\/secure.gravatar.com\/avatar\/52a9885f415a42cb79e7e24223a825cc709ae7f51b165028b5dc383e1d8c3c5f?s=96&d=mm&r=g","0":null,"1":"","2":"","3":"","4":"","5":"","6":"","7":"","8":""}],"_links":{"self":[{"href":"https:\/\/radioecoutefm.com\/index.php\/wp-json\/wp\/v2\/posts\/1358","targetHints":{"allow":["GET"]}}],"collection":[{"href":"https:\/\/radioecoutefm.com\/index.php\/wp-json\/wp\/v2\/posts"}],"about":[{"href":"https:\/\/radioecoutefm.com\/index.php\/wp-json\/wp\/v2\/types\/post"}],"author":[{"embeddable":true,"href":"https:\/\/radioecoutefm.com\/index.php\/wp-json\/wp\/v2\/users\/5"}],"replies":[{"embeddable":true,"href":"https:\/\/radioecoutefm.com\/index.php\/wp-json\/wp\/v2\/comments?post=1358"}],"version-history":[{"count":1,"href":"https:\/\/radioecoutefm.com\/index.php\/wp-json\/wp\/v2\/posts\/1358\/revisions"}],"predecessor-version":[{"id":1363,"href":"https:\/\/radioecoutefm.com\/index.php\/wp-json\/wp\/v2\/posts\/1358\/revisions\/1363"}],"wp:featuredmedia":[{"embeddable":true,"href":"https:\/\/radioecoutefm.com\/index.php\/wp-json\/wp\/v2\/media\/1359"}],"wp:attachment":[{"href":"https:\/\/radioecoutefm.com\/index.php\/wp-json\/wp\/v2\/media?parent=1358"}],"wp:term":[{"taxonomy":"category","embeddable":true,"href":"https:\/\/radioecoutefm.com\/index.php\/wp-json\/wp\/v2\/categories?post=1358"},{"taxonomy":"post_tag","embeddable":true,"href":"https:\/\/radioecoutefm.com\/index.php\/wp-json\/wp\/v2\/tags?post=1358"},{"taxonomy":"author","embeddable":true,"href":"https:\/\/radioecoutefm.com\/index.php\/wp-json\/wp\/v2\/ppma_author?post=1358"}],"curies":[{"name":"wp","href":"https:\/\/api.w.org\/{rel}","templated":true}]}}