{"id":1352,"date":"2025-03-06T19:24:08","date_gmt":"2025-03-06T19:24:08","guid":{"rendered":"https:\/\/radioecoutefm.com\/?p=1352"},"modified":"2025-03-06T19:24:08","modified_gmt":"2025-03-06T19:24:08","slug":"rencontre-entre-lexpert-independant-de-lonu-william-oneil-et-une-delegation-de-lopc","status":"publish","type":"post","link":"https:\/\/radioecoutefm.com\/index.php\/2025\/03\/06\/rencontre-entre-lexpert-independant-de-lonu-william-oneil-et-une-delegation-de-lopc\/","title":{"rendered":"Rencontre entre L\u2019expert ind\u00e9pendant de l\u2019ONU William O\u2019Neil et une d\u00e9l\u00e9gation de l\u2019OPC"},"content":{"rendered":"<p>L\u2019expert ind\u00e9pendant des Nations unies pour la question des droits humains, William O\u2019Neil, qui est actuellement en visite en Ha\u00efti s&#8217;est entretenu le mardi 4 mars 2025 avec une d\u00e9l\u00e9gation de l\u2019OPC (Office de la Protection du Citoyen) compos\u00e9e du protecteur adjoint, Me Amoce Auguste et du directeur g\u00e9n\u00e9ral, Me Jude Jean-Pierre.<\/p>\n<p>Ils ont discut\u00e9 autour de la situation globale du pays, notamment en mati\u00e8re de s\u00e9curit\u00e9; sur la situation des d\u00e9plac\u00e9s et des conditions dans les lieux de d\u00e9tention.<\/p>\n<p>Signalons que le Protecteur du Citoyen , Me Jean Wilner Morin \u00e9tait brill\u00e9 par son absence , il sera a la tete d&#8217;une delegation qui se rendra a Gen\u00e8ve (Suisse) pour participer \u00e0 la conf\u00e9rence Annuelle de l&#8217;Alliance Globale des Institutions (GANHRI) du 10 au 12 Mars prochain .<\/p>\n<p>Cette d\u00e9l\u00e9gation doit aussi prendre part \u00e0 la r\u00e9union des Associations Francophones des Commissions Nationales des Droits Humains et assistera \u00e0 l\u2019Examen P\u00e9riodique Universel (EPU) du rapport d\u2019Ha\u00efti par le Comit\u00e9 des Droits de l\u2019Homme des Nations Unies.<\/p>\n","protected":false},"excerpt":{"rendered":"<p>L\u2019expert ind\u00e9pendant des Nations unies pour la question des droits humains, William O\u2019Neil, qui est actuellement en visite en Ha\u00efti s&#8217;est entretenu le mardi 4 mars 2025 avec une d\u00e9l\u00e9gation de l\u2019OPC (Office de la Protection du Citoyen) compos\u00e9e du protecteur adjoint, Me Amoce Auguste et du directeur g\u00e9n\u00e9ral, Me Jude Jean-Pierre. Ils ont discut\u00e9 [&hellip;]<\/p>\n","protected":false},"author":1,"featured_media":1353,"comment_status":"open","ping_status":"open","sticky":false,"template":"","format":"standard","meta":{"_uag_custom_page_level_css":"","jetpack_post_was_ever_published":false,"_jetpack_newsletter_access":"","_jetpack_dont_email_post_to_subs":false,"_jetpack_newsletter_tier_id":0,"_jetpack_memberships_contains_paywalled_content":false,"_jetpack_memberships_contains_paid_content":false,"footnotes":"","jetpack_publicize_message":"","jetpack_publicize_feature_enabled":true,"jetpack_social_post_already_shared":false,"jetpack_social_options":{"image_generator_settings":{"template":"highway","default_image_id":0,"font":"","enabled":false},"version":2}},"categories":[57,51],"tags":[],"ppma_author":[15],"class_list":["post-1352","post","type-post","status-publish","format-standard","has-post-thumbnail","hentry","category-securite","category-societe"],"aioseo_notices":[],"jetpack_publicize_connections":[],"jetpack_featured_media_url":"https:\/\/i0.wp.com\/radioecoutefm.com\/wp-content\/uploads\/2025\/03\/opc.jpeg?fit=1080%2C720&ssl=1","uagb_featured_image_src":{"full":["https:\/\/i0.wp.com\/radioecoutefm.com\/wp-content\/uploads\/2025\/03\/opc.jpeg?fit=1080%2C720&ssl=1",1080,720,false],"thumbnail":["https:\/\/i0.wp.com\/radioecoutefm.com\/wp-content\/uploads\/2025\/03\/opc.jpeg?resize=150%2C150&ssl=1",150,150,true],"medium":["https:\/\/i0.wp.com\/radioecoutefm.com\/wp-content\/uploads\/2025\/03\/opc.jpeg?fit=300%2C200&ssl=1",300,200,true],"medium_large":["https:\/\/i0.wp.com\/radioecoutefm.com\/wp-content\/uploads\/2025\/03\/opc.jpeg?fit=640%2C427&ssl=1",640,427,true],"large":["https:\/\/i0.wp.com\/radioecoutefm.com\/wp-content\/uploads\/2025\/03\/opc.jpeg?fit=640%2C427&ssl=1",640,427,true],"1536x1536":["https:\/\/i0.wp.com\/radioecoutefm.com\/wp-content\/uploads\/2025\/03\/opc.jpeg?fit=1080%2C720&ssl=1",1080,720,true],"2048x2048":["https:\/\/i0.wp.com\/radioecoutefm.com\/wp-content\/uploads\/2025\/03\/opc.jpeg?fit=1080%2C720&ssl=1",1080,720,true],"newsair-slider-full":["https:\/\/i0.wp.com\/radioecoutefm.com\/wp-content\/uploads\/2025\/03\/opc.jpeg?resize=1080%2C720&ssl=1",1080,720,true],"newsair-featured":["https:\/\/i0.wp.com\/radioecoutefm.com\/wp-content\/uploads\/2025\/03\/opc.jpeg?fit=1024%2C683&ssl=1",1024,683,true],"newsair-medium":["https:\/\/i0.wp.com\/radioecoutefm.com\/wp-content\/uploads\/2025\/03\/opc.jpeg?resize=720%2C380&ssl=1",720,380,true]},"uagb_author_info":{"display_name":"Ecoute FM","author_link":"https:\/\/radioecoutefm.com\/index.php\/author\/borgellaattis\/"},"uagb_comment_info":1,"uagb_excerpt":"L\u2019expert ind\u00e9pendant des Nations unies pour la question des droits humains, William O\u2019Neil, qui est actuellement en visite en Ha\u00efti s&#8217;est entretenu le mardi 4 mars 2025 avec une d\u00e9l\u00e9gation de l\u2019OPC (Office de la Protection du Citoyen) compos\u00e9e du protecteur adjoint, Me Amoce Auguste et du directeur g\u00e9n\u00e9ral, Me Jude Jean-Pierre. Ils ont discut\u00e9&hellip;","jetpack_sharing_enabled":true,"jetpack_shortlink":"https:\/\/wp.me\/pgoyna-lO","jetpack-related-posts":[{"id":1643,"url":"https:\/\/radioecoutefm.com\/index.php\/2025\/03\/16\/me-renan-hedouville-recherche-activement-par-lulcc\/","url_meta":{"origin":1352,"position":0},"title":"Me. Renan Hedouville recherch\u00e9 activement par l\u2019ULCC.","author":"Claude DIEUPHENE","date":"16.03.2025","format":false,"excerpt":"L'ancien Protecteur du Citoyen, Renan Hedouville est recherch\u00e9 par l\u2019unit\u00e9 de lutte contre la corruption ( ULCC) dans le cadre de l'enqu\u00eate p\u00e9nale conduite \u00e0 l'Office de la Protection du Citoyen (OPC) sur \u00ab des faits de passation ill\u00e9gale de march\u00e9 public, d'abus de fonction, de d\u00e9tournement de biens publics\u2026","rel":"","context":"In &quot;INSECURITE&quot;","block_context":{"text":"INSECURITE","link":"https:\/\/radioecoutefm.com\/index.php\/category\/securite\/"},"img":{"alt_text":"","src":"https:\/\/i0.wp.com\/radioecoutefm.com\/wp-content\/uploads\/2025\/03\/C513420D-A9CE-4801-A8BA-F05581CBCF05.jpeg?fit=1024%2C768&ssl=1&resize=350%2C200","width":350,"height":200,"srcset":"https:\/\/i0.wp.com\/radioecoutefm.com\/wp-content\/uploads\/2025\/03\/C513420D-A9CE-4801-A8BA-F05581CBCF05.jpeg?fit=1024%2C768&ssl=1&resize=350%2C200 1x, https:\/\/i0.wp.com\/radioecoutefm.com\/wp-content\/uploads\/2025\/03\/C513420D-A9CE-4801-A8BA-F05581CBCF05.jpeg?fit=1024%2C768&ssl=1&resize=525%2C300 1.5x, https:\/\/i0.wp.com\/radioecoutefm.com\/wp-content\/uploads\/2025\/03\/C513420D-A9CE-4801-A8BA-F05581CBCF05.jpeg?fit=1024%2C768&ssl=1&resize=700%2C400 2x"},"classes":[]},{"id":1498,"url":"https:\/\/radioecoutefm.com\/index.php\/2025\/03\/11\/frinel-joseph-et-quelques-membres-du-cep-en-visite-en-amerique-latine\/","url_meta":{"origin":1352,"position":1},"title":"Frinel Joseph et quelques membres du cep en visite en Am\u00e9rique latine","author":"Claude DIEUPHENE","date":"11.03.2025","format":false,"excerpt":"Frinel Joseph, Conseiller Pr\u00e9sidentiel de Transition \u00e0 la t\u00eate d\u2019une d\u00e9l\u00e9gation Une d\u00e9l\u00e9gation dont le conseiller pr\u00e9sidentiel de Transition, Frinel Joseph est a sa t\u00eate, a quitt\u00e9 le pays le dimanche 9 Mars 2025 destination du P\u00e9rou et du Mexique pour une tourn\u00e9e officielle d'o\u00f9 il prendra part \u00e0 des\u2026","rel":"","context":"In &quot;POLITIQUE&quot;","block_context":{"text":"POLITIQUE","link":"https:\/\/radioecoutefm.com\/index.php\/category\/politique\/"},"img":{"alt_text":"","src":"https:\/\/i0.wp.com\/radioecoutefm.com\/wp-content\/uploads\/2025\/03\/A8B75847-0040-4994-9075-13A8EDB702F9.jpeg?fit=267%2C200&ssl=1&resize=350%2C200","width":350,"height":200},"classes":[]},{"id":3240,"url":"https:\/\/radioecoutefm.com\/index.php\/2025\/04\/22\/washington-d-c-accueille-une-journee-dhaiti-en-marge-des-assemblees-de-printemps-du-fmi-et-de-la-banque-mondiale\/","url_meta":{"origin":1352,"position":2},"title":"Washington D.C. accueille une \u201cJourn\u00e9e d\u2019Ha\u00efti\u201d en marge des Assembl\u00e9es de printemps du FMI et de la Banque mondiale","author":"Ecoute FM","date":"22.04.2025","format":false,"excerpt":"Une d\u00e9l\u00e9gation ha\u00eftienne de haut niveau, conduite par le minist\u00e8re de l\u2019\u00c9conomie et des Finances (MEF), participe ce mardi \u00e0 une journ\u00e9e sp\u00e9ciale baptis\u00e9e \u00ab Journ\u00e9e d\u2019Ha\u00efti \u00bb, organis\u00e9e en marge des Assembl\u00e9es de printemps du Groupe de la Banque mondiale et du Fonds mon\u00e9taire international (FMI). Les discussions porteront\u2026","rel":"","context":"In &quot;POLITIQUE&quot;","block_context":{"text":"POLITIQUE","link":"https:\/\/radioecoutefm.com\/index.php\/category\/politique\/"},"img":{"alt_text":"","src":"https:\/\/i0.wp.com\/radioecoutefm.com\/wp-content\/uploads\/2025\/04\/IMG_1770.jpeg?fit=1080%2C719&ssl=1&resize=350%2C200","width":350,"height":200,"srcset":"https:\/\/i0.wp.com\/radioecoutefm.com\/wp-content\/uploads\/2025\/04\/IMG_1770.jpeg?fit=1080%2C719&ssl=1&resize=350%2C200 1x, https:\/\/i0.wp.com\/radioecoutefm.com\/wp-content\/uploads\/2025\/04\/IMG_1770.jpeg?fit=1080%2C719&ssl=1&resize=525%2C300 1.5x, https:\/\/i0.wp.com\/radioecoutefm.com\/wp-content\/uploads\/2025\/04\/IMG_1770.jpeg?fit=1080%2C719&ssl=1&resize=700%2C400 2x, https:\/\/i0.wp.com\/radioecoutefm.com\/wp-content\/uploads\/2025\/04\/IMG_1770.jpeg?fit=1080%2C719&ssl=1&resize=1050%2C600 3x"},"classes":[]},{"id":1829,"url":"https:\/\/radioecoutefm.com\/index.php\/2025\/03\/19\/izo-5-segond-accuse-aux-etats-unis-pour-enlevement-risque-une-prison-a-perpetuite\/","url_meta":{"origin":1352,"position":3},"title":"&#8220;Izo 5 Segond&#8221; accus\u00e9 aux \u00c9tats-Unis pour enl\u00e8vement, risque une prison \u00e0 perp\u00e9tuit\u00e9","author":"Claude DIEUPHENE","date":"19.03.2025","format":false,"excerpt":"Selon un communiqu\u00e9 \u00e9mis par le minist\u00e8re am\u00e9ricain de la Justice, une plainte p\u00e9nale a \u00e9t\u00e9 d\u00e9pos\u00e9e dans le District de Columbia et rendue publique le mercredi 19 mars 2025 contre Johnson Andr\u00e9, connu sous le nom de \u00ab Izo \u00bb, chef pr\u00e9sum\u00e9 du gang \u00ab 5 Segonn \u00bb, pour\u2026","rel":"","context":"In &quot;INSECURITE&quot;","block_context":{"text":"INSECURITE","link":"https:\/\/radioecoutefm.com\/index.php\/category\/securite\/"},"img":{"alt_text":"","src":"https:\/\/i0.wp.com\/radioecoutefm.com\/wp-content\/uploads\/2025\/03\/izo-5-second.png?fit=480%2C270&ssl=1&resize=350%2C200","width":350,"height":200},"classes":[]},{"id":5491,"url":"https:\/\/radioecoutefm.com\/index.php\/2025\/06\/28\/des-representants-du-senat-americain-en-mission-en-haiti-pour-renforcer-le-soutien-international\/","url_meta":{"origin":1352,"position":4},"title":"Des repr\u00e9sentants du S\u00e9nat am\u00e9ricain en mission en Ha\u00efti pour renforcer le soutien international","author":"Ecoute FM","date":"28.06.2025","format":false,"excerpt":"Une d\u00e9l\u00e9gation du personnel du S\u00e9nat am\u00e9ricain a effectu\u00e9 une visite \u00e0 Port-au-Prince du 26 au 28 juin 2025. Accompagn\u00e9s de l\u2019ambassadeur Henry Wooster, les repr\u00e9sentants am\u00e9ricains ont particip\u00e9 \u00e0 une s\u00e9rie de r\u00e9unions avec le gouvernement de transition ha\u00eftien, des partenaires internationaux, la Police Nationale d\u2019Ha\u00efti (PNH) ainsi que\u2026","rel":"","context":"In &quot;INTERNATIONAL&quot;","block_context":{"text":"INTERNATIONAL","link":"https:\/\/radioecoutefm.com\/index.php\/category\/international\/"},"img":{"alt_text":"","src":"https:\/\/i0.wp.com\/radioecoutefm.com\/wp-content\/uploads\/2025\/06\/F35FE3F5-6B85-491B-AD7F-EF265090791F.jpeg?fit=1200%2C800&ssl=1&resize=350%2C200","width":350,"height":200,"srcset":"https:\/\/i0.wp.com\/radioecoutefm.com\/wp-content\/uploads\/2025\/06\/F35FE3F5-6B85-491B-AD7F-EF265090791F.jpeg?fit=1200%2C800&ssl=1&resize=350%2C200 1x, https:\/\/i0.wp.com\/radioecoutefm.com\/wp-content\/uploads\/2025\/06\/F35FE3F5-6B85-491B-AD7F-EF265090791F.jpeg?fit=1200%2C800&ssl=1&resize=525%2C300 1.5x, https:\/\/i0.wp.com\/radioecoutefm.com\/wp-content\/uploads\/2025\/06\/F35FE3F5-6B85-491B-AD7F-EF265090791F.jpeg?fit=1200%2C800&ssl=1&resize=700%2C400 2x, https:\/\/i0.wp.com\/radioecoutefm.com\/wp-content\/uploads\/2025\/06\/F35FE3F5-6B85-491B-AD7F-EF265090791F.jpeg?fit=1200%2C800&ssl=1&resize=1050%2C600 3x"},"classes":[]},{"id":1307,"url":"https:\/\/radioecoutefm.com\/index.php\/2025\/03\/05\/investiture-de-fritz-alphonse-jean-la-presidence-convie-les-autorites-a-la-ceremonie-officielle-du-7-mars\/","url_meta":{"origin":1352,"position":5},"title":"Investiture de Fritz Alphonse Jean : La Pr\u00e9sidence convie les autorit\u00e9s \u00e0 la c\u00e9r\u00e9monie officielle du 7 mars","author":"Ecoute FM","date":"05.03.2025","format":false,"excerpt":"Le Secr\u00e9tariat de la Pr\u00e9sidence a officiellement adress\u00e9 une invitation au Secr\u00e9taire g\u00e9n\u00e9ral de la Primature, demandant de notifier le Premier ministre, les ministres, les secr\u00e9taires d\u2019\u00c9tat, ainsi que le directeur de cabinet du Premier ministre, qu'ils sont convi\u00e9s \u00e0 la c\u00e9r\u00e9monie d\u2019investiture de Fritz Alphonse Jean en tant que\u2026","rel":"","context":"In &quot;POLITIQUE&quot;","block_context":{"text":"POLITIQUE","link":"https:\/\/radioecoutefm.com\/index.php\/category\/politique\/"},"img":{"alt_text":"","src":"https:\/\/i0.wp.com\/radioecoutefm.com\/wp-content\/uploads\/2025\/03\/fritzjean.jpeg?fit=1200%2C800&ssl=1&resize=350%2C200","width":350,"height":200,"srcset":"https:\/\/i0.wp.com\/radioecoutefm.com\/wp-content\/uploads\/2025\/03\/fritzjean.jpeg?fit=1200%2C800&ssl=1&resize=350%2C200 1x, https:\/\/i0.wp.com\/radioecoutefm.com\/wp-content\/uploads\/2025\/03\/fritzjean.jpeg?fit=1200%2C800&ssl=1&resize=525%2C300 1.5x, https:\/\/i0.wp.com\/radioecoutefm.com\/wp-content\/uploads\/2025\/03\/fritzjean.jpeg?fit=1200%2C800&ssl=1&resize=700%2C400 2x, https:\/\/i0.wp.com\/radioecoutefm.com\/wp-content\/uploads\/2025\/03\/fritzjean.jpeg?fit=1200%2C800&ssl=1&resize=1050%2C600 3x"},"classes":[]}],"authors":[{"term_id":15,"user_id":1,"is_guest":0,"slug":"borgellaattis","display_name":"Ecoute FM","avatar_url":"https:\/\/secure.gravatar.com\/avatar\/a5369629745bf29c5deb65198d5e38aed1dc2c880c04b3b630ab3f6e8c623b70?s=96&d=mm&r=g","0":null,"1":"","2":"","3":"","4":"","5":"","6":"","7":"","8":""}],"_links":{"self":[{"href":"https:\/\/radioecoutefm.com\/index.php\/wp-json\/wp\/v2\/posts\/1352","targetHints":{"allow":["GET"]}}],"collection":[{"href":"https:\/\/radioecoutefm.com\/index.php\/wp-json\/wp\/v2\/posts"}],"about":[{"href":"https:\/\/radioecoutefm.com\/index.php\/wp-json\/wp\/v2\/types\/post"}],"author":[{"embeddable":true,"href":"https:\/\/radioecoutefm.com\/index.php\/wp-json\/wp\/v2\/users\/1"}],"replies":[{"embeddable":true,"href":"https:\/\/radioecoutefm.com\/index.php\/wp-json\/wp\/v2\/comments?post=1352"}],"version-history":[{"count":1,"href":"https:\/\/radioecoutefm.com\/index.php\/wp-json\/wp\/v2\/posts\/1352\/revisions"}],"predecessor-version":[{"id":1357,"href":"https:\/\/radioecoutefm.com\/index.php\/wp-json\/wp\/v2\/posts\/1352\/revisions\/1357"}],"wp:featuredmedia":[{"embeddable":true,"href":"https:\/\/radioecoutefm.com\/index.php\/wp-json\/wp\/v2\/media\/1353"}],"wp:attachment":[{"href":"https:\/\/radioecoutefm.com\/index.php\/wp-json\/wp\/v2\/media?parent=1352"}],"wp:term":[{"taxonomy":"category","embeddable":true,"href":"https:\/\/radioecoutefm.com\/index.php\/wp-json\/wp\/v2\/categories?post=1352"},{"taxonomy":"post_tag","embeddable":true,"href":"https:\/\/radioecoutefm.com\/index.php\/wp-json\/wp\/v2\/tags?post=1352"},{"taxonomy":"author","embeddable":true,"href":"https:\/\/radioecoutefm.com\/index.php\/wp-json\/wp\/v2\/ppma_author?post=1352"}],"curies":[{"name":"wp","href":"https:\/\/api.w.org\/{rel}","templated":true}]}}