{"id":1340,"date":"2025-03-06T19:18:46","date_gmt":"2025-03-06T19:18:46","guid":{"rendered":"https:\/\/radioecoutefm.com\/?p=1340"},"modified":"2025-03-06T19:18:46","modified_gmt":"2025-03-06T19:18:46","slug":"jetblue-prolonge-la-suspension-de-ses-vols-vers-haiti","status":"publish","type":"post","link":"https:\/\/radioecoutefm.com\/index.php\/2025\/03\/06\/jetblue-prolonge-la-suspension-de-ses-vols-vers-haiti\/","title":{"rendered":"JetBlue prolonge la suspension de ses vols vers Ha\u00efti"},"content":{"rendered":"<p data-start=\"100\" data-end=\"405\">La compagnie a\u00e9rienne, qui assure des vols directs entre l\u2019a\u00e9roport international Toussaint Louverture de Port-au-Prince et le Sud de la Floride ainsi que New York, qui esp\u00e9rait un retour de ses vols fin avril 2025 en Ha\u00efti, a fait savoir que ses vols resteront suspendus au moins jusqu\u2019au 11 juin 2025.<\/p>\n<p data-start=\"407\" data-end=\"828\"><em>\u00ab En raison des troubles civils en cours en Ha\u00efti, nous avons pris la d\u00e9cision de suspendre tous les vols \u00e0 destination et en provenance du pays jusqu\u2019au 11 juin 2025. Notre priorit\u00e9 absolue reste la s\u00e9curit\u00e9 et le bien-\u00eatre de nos clients et des membres de l\u2019\u00e9quipage. Nous continuerons de surveiller la situation de pr\u00e8s et de mettre \u00e0 jour nos plans si n\u00e9cessaire<\/em> \u00bb, a d\u00e9clar\u00e9 un porte-parole de la compagnie a\u00e9rienne.<\/p>\n<p data-start=\"830\" data-end=\"1050\">Cette d\u00e9cision intervient une semaine avant l\u2019expiration de l\u2019interdiction de la Federal Aviation Administration (FAA) sur les compagnies a\u00e9riennes commerciales et de fret am\u00e9ricaines, initialement fix\u00e9e au 12 mars 2025.<\/p>\n<p data-start=\"1052\" data-end=\"1277\">Rappelons que le 3 mars dernier, Dennis Hankins, l\u2019Ambassadeur des \u00c9tats-Unis en Ha\u00efti, a particip\u00e9 \u00e0 une importante r\u00e9union portant sur la s\u00e9curit\u00e9 du p\u00e9rim\u00e8tre a\u00e9roportuaire de l\u2019a\u00e9roport international Toussaint Louverture.<\/p>\n","protected":false},"excerpt":{"rendered":"<p>La compagnie a\u00e9rienne, qui assure des vols directs entre l\u2019a\u00e9roport international Toussaint Louverture de Port-au-Prince et le Sud de la Floride ainsi que New York, qui esp\u00e9rait un retour de ses vols fin avril 2025 en Ha\u00efti, a fait savoir que ses vols resteront suspendus au moins jusqu\u2019au 11 juin 2025. \u00ab En raison des [&hellip;]<\/p>\n","protected":false},"author":5,"featured_media":1341,"comment_status":"open","ping_status":"open","sticky":false,"template":"","format":"standard","meta":{"_uag_custom_page_level_css":"","jetpack_post_was_ever_published":false,"_jetpack_newsletter_access":"","_jetpack_dont_email_post_to_subs":false,"_jetpack_newsletter_tier_id":0,"_jetpack_memberships_contains_paywalled_content":false,"_jetpack_memberships_contains_paid_content":false,"footnotes":"","jetpack_publicize_message":"","jetpack_publicize_feature_enabled":true,"jetpack_social_post_already_shared":false,"jetpack_social_options":{"image_generator_settings":{"template":"highway","default_image_id":0,"font":"","enabled":false},"version":2}},"categories":[57,51],"tags":[],"ppma_author":[53],"class_list":["post-1340","post","type-post","status-publish","format-standard","has-post-thumbnail","hentry","category-securite","category-societe"],"aioseo_notices":[],"jetpack_publicize_connections":[],"jetpack_featured_media_url":"https:\/\/i0.wp.com\/radioecoutefm.com\/wp-content\/uploads\/2025\/03\/jetblue.jpeg?fit=1168%2C606&ssl=1","uagb_featured_image_src":{"full":["https:\/\/i0.wp.com\/radioecoutefm.com\/wp-content\/uploads\/2025\/03\/jetblue.jpeg?fit=1168%2C606&ssl=1",1168,606,false],"thumbnail":["https:\/\/i0.wp.com\/radioecoutefm.com\/wp-content\/uploads\/2025\/03\/jetblue.jpeg?resize=150%2C150&ssl=1",150,150,true],"medium":["https:\/\/i0.wp.com\/radioecoutefm.com\/wp-content\/uploads\/2025\/03\/jetblue.jpeg?fit=300%2C156&ssl=1",300,156,true],"medium_large":["https:\/\/i0.wp.com\/radioecoutefm.com\/wp-content\/uploads\/2025\/03\/jetblue.jpeg?fit=640%2C332&ssl=1",640,332,true],"large":["https:\/\/i0.wp.com\/radioecoutefm.com\/wp-content\/uploads\/2025\/03\/jetblue.jpeg?fit=640%2C332&ssl=1",640,332,true],"1536x1536":["https:\/\/i0.wp.com\/radioecoutefm.com\/wp-content\/uploads\/2025\/03\/jetblue.jpeg?fit=1168%2C606&ssl=1",1168,606,true],"2048x2048":["https:\/\/i0.wp.com\/radioecoutefm.com\/wp-content\/uploads\/2025\/03\/jetblue.jpeg?fit=1168%2C606&ssl=1",1168,606,true],"newsair-slider-full":["https:\/\/i0.wp.com\/radioecoutefm.com\/wp-content\/uploads\/2025\/03\/jetblue.jpeg?resize=1168%2C606&ssl=1",1168,606,true],"newsair-featured":["https:\/\/i0.wp.com\/radioecoutefm.com\/wp-content\/uploads\/2025\/03\/jetblue.jpeg?fit=1024%2C531&ssl=1",1024,531,true],"newsair-medium":["https:\/\/i0.wp.com\/radioecoutefm.com\/wp-content\/uploads\/2025\/03\/jetblue.jpeg?resize=720%2C380&ssl=1",720,380,true]},"uagb_author_info":{"display_name":"Claude DIEUPHENE","author_link":"https:\/\/radioecoutefm.com\/index.php\/author\/claude-dieuphene\/"},"uagb_comment_info":0,"uagb_excerpt":"La compagnie a\u00e9rienne, qui assure des vols directs entre l\u2019a\u00e9roport international Toussaint Louverture de Port-au-Prince et le Sud de la Floride ainsi que New York, qui esp\u00e9rait un retour de ses vols fin avril 2025 en Ha\u00efti, a fait savoir que ses vols resteront suspendus au moins jusqu\u2019au 11 juin 2025. \u00ab En raison des&hellip;","jetpack_sharing_enabled":true,"jetpack_shortlink":"https:\/\/wp.me\/pgoyna-lC","jetpack-related-posts":[{"id":5145,"url":"https:\/\/radioecoutefm.com\/index.php\/2025\/06\/15\/ibc-airways-annonce-des-vols-entre-les-cayes-et-miami\/","url_meta":{"origin":1340,"position":0},"title":"IBC Airways annonce des vols entre Les Cayes et Miami","author":"Ecoute FM","date":"15.06.2025","format":false,"excerpt":"IBC Airways a franchi une \u00e9tape importante dans le d\u00e9veloppement de ses services a\u00e9riens en Ha\u00efti avec l'annonce du lancement prochain de vols commerciaux entre Les Cayes et Miami. Apr\u00e8s avoir effectu\u00e9 un vol d'essai r\u00e9ussi le jeudi 12 juin \u00e0 l'a\u00e9roport Antoine-Simon, la compagnie a\u00e9rienne confirme son engagement \u00e0\u2026","rel":"","context":"In &quot;AVIATION&quot;","block_context":{"text":"AVIATION","link":"https:\/\/radioecoutefm.com\/index.php\/category\/aviation\/"},"img":{"alt_text":"","src":"https:\/\/i0.wp.com\/radioecoutefm.com\/wp-content\/uploads\/2025\/06\/IBC.png?fit=736%2C265&ssl=1&resize=350%2C200","width":350,"height":200,"srcset":"https:\/\/i0.wp.com\/radioecoutefm.com\/wp-content\/uploads\/2025\/06\/IBC.png?fit=736%2C265&ssl=1&resize=350%2C200 1x, https:\/\/i0.wp.com\/radioecoutefm.com\/wp-content\/uploads\/2025\/06\/IBC.png?fit=736%2C265&ssl=1&resize=525%2C300 1.5x, https:\/\/i0.wp.com\/radioecoutefm.com\/wp-content\/uploads\/2025\/06\/IBC.png?fit=736%2C265&ssl=1&resize=700%2C400 2x"},"classes":[]},{"id":1430,"url":"https:\/\/radioecoutefm.com\/index.php\/2025\/03\/08\/levee-de-linterdiction-de-la-faa-sur-les-vols-a-destination-de-port-au-prince-une-lueur-despoir-pour-la-connectivite-aerienne-dhaiti\/","url_meta":{"origin":1340,"position":1},"title":"Lev\u00e9e de l&#8217;interdiction de la FAA sur les vols \u00e0 destination de Port-au-Prince : une lueur d&#8217;espoir pour la connectivit\u00e9 a\u00e9rienne d&#8217;Ha\u00efti","author":"Ecoute FM","date":"08.03.2025","format":false,"excerpt":"Le 12 mars 2025 marquera la fin de l\u2019interdiction impos\u00e9e par la Federal Aviation Administration (FAA) sur les vols des compagnies a\u00e9riennes am\u00e9ricaines et des avions immatricul\u00e9s aux \u00c9tats-Unis \u00e0 destination de Port-au-Prince. Cette d\u00e9cision intervient alors qu'Ha\u00efti tente de restaurer ses connexions a\u00e9riennes internationales, avec un focus particulier sur\u2026","rel":"","context":"In &quot;INSECURITE&quot;","block_context":{"text":"INSECURITE","link":"https:\/\/radioecoutefm.com\/index.php\/category\/securite\/"},"img":{"alt_text":"","src":"","width":0,"height":0},"classes":[]},{"id":4910,"url":"https:\/\/radioecoutefm.com\/index.php\/2025\/06\/05\/signature-dun-accord-entre-letat-haitien-et-sunrise-airways-pour-la-reprise-des-vols-domestiques\/","url_meta":{"origin":1340,"position":2},"title":"Signature d\u2019un accord entre l\u2019\u00c9tat ha\u00eftien et Sunrise Airways pour la reprise des vols domestiques","author":"Ecoute FM","date":"05.06.2025","format":false,"excerpt":"Le Gouvernement ha\u00eftien et la compagnie Sunrise Airways ont sign\u00e9 ce jeudi un protocole d\u2019accord marquant la reprise des vols domestiques \u00e0 partir du 12 juin 2025. Ces liaisons relieront l\u2019a\u00e9roport international Guy Malary aux villes de Cap-Ha\u00eftien, Jacmel et J\u00e9r\u00e9mie, dans le cadre d\u2019un effort national de relance \u00e9conomique\u2026","rel":"","context":"In &quot;AVIATION&quot;","block_context":{"text":"AVIATION","link":"https:\/\/radioecoutefm.com\/index.php\/category\/aviation\/"},"img":{"alt_text":"","src":"https:\/\/i0.wp.com\/radioecoutefm.com\/wp-content\/uploads\/2025\/06\/IMG_2186.jpeg?fit=1200%2C689&ssl=1&resize=350%2C200","width":350,"height":200,"srcset":"https:\/\/i0.wp.com\/radioecoutefm.com\/wp-content\/uploads\/2025\/06\/IMG_2186.jpeg?fit=1200%2C689&ssl=1&resize=350%2C200 1x, https:\/\/i0.wp.com\/radioecoutefm.com\/wp-content\/uploads\/2025\/06\/IMG_2186.jpeg?fit=1200%2C689&ssl=1&resize=525%2C300 1.5x, https:\/\/i0.wp.com\/radioecoutefm.com\/wp-content\/uploads\/2025\/06\/IMG_2186.jpeg?fit=1200%2C689&ssl=1&resize=700%2C400 2x, https:\/\/i0.wp.com\/radioecoutefm.com\/wp-content\/uploads\/2025\/06\/IMG_2186.jpeg?fit=1200%2C689&ssl=1&resize=1050%2C600 3x"},"classes":[]},{"id":5746,"url":"https:\/\/radioecoutefm.com\/index.php\/2025\/09\/07\/la-faa-prolonge-linterdiction-des-vols-vers-port-au-prince-jusquen-mars-2026\/","url_meta":{"origin":1340,"position":3},"title":"La FAA prolonge l\u2019interdiction des vols vers Port-au-Prince jusqu\u2019en mars 2026","author":"Ecoute FM","date":"07.09.2025","format":false,"excerpt":"Nouveau coup dur pour les voyageurs et la diaspora ha\u00eftienne. L\u2019Autorit\u00e9 f\u00e9d\u00e9rale am\u00e9ricaine de l\u2019aviation (FAA) a annonc\u00e9 la prolongation, jusqu\u2019au 7 mars 2026, de l\u2019interdiction des vols commerciaux \u00e0 destination de Port-au-Prince. La d\u00e9cision repose sur la persistance de tirs visant des a\u00e9ronefs et sur l\u2019instabilit\u00e9 s\u00e9curitaire qui rend\u2026","rel":"","context":"In &quot;AVIATION&quot;","block_context":{"text":"AVIATION","link":"https:\/\/radioecoutefm.com\/index.php\/category\/aviation\/"},"img":{"alt_text":"","src":"https:\/\/i0.wp.com\/radioecoutefm.com\/wp-content\/uploads\/2025\/09\/E197719E-F88A-4482-A4B4-D7D048A0BEA8.jpeg?fit=1050%2C699&ssl=1&resize=350%2C200","width":350,"height":200,"srcset":"https:\/\/i0.wp.com\/radioecoutefm.com\/wp-content\/uploads\/2025\/09\/E197719E-F88A-4482-A4B4-D7D048A0BEA8.jpeg?fit=1050%2C699&ssl=1&resize=350%2C200 1x, https:\/\/i0.wp.com\/radioecoutefm.com\/wp-content\/uploads\/2025\/09\/E197719E-F88A-4482-A4B4-D7D048A0BEA8.jpeg?fit=1050%2C699&ssl=1&resize=525%2C300 1.5x, https:\/\/i0.wp.com\/radioecoutefm.com\/wp-content\/uploads\/2025\/09\/E197719E-F88A-4482-A4B4-D7D048A0BEA8.jpeg?fit=1050%2C699&ssl=1&resize=700%2C400 2x, https:\/\/i0.wp.com\/radioecoutefm.com\/wp-content\/uploads\/2025\/09\/E197719E-F88A-4482-A4B4-D7D048A0BEA8.jpeg?fit=1050%2C699&ssl=1&resize=1050%2C600 3x"},"classes":[]},{"id":1320,"url":"https:\/\/radioecoutefm.com\/index.php\/2025\/03\/05\/laeroport-des-cayes-devient-international-lesly-voltaire-annonce-une-nouvelle-ere-pour-la-region\/","url_meta":{"origin":1340,"position":4},"title":"L&#8217;A\u00e9roport des Cayes devient &#8220;International&#8221; : Lesly Voltaire annonce une nouvelle \u00e8re pour la r\u00e9gion","author":"Ecoute FM","date":"05.03.2025","format":false,"excerpt":"Le pr\u00e9sident du Conseil de Transition Politique (CTP), Lesly Voltaire, a officiellement annonc\u00e9 ce jeudi, lors d\u2019une d\u00e9claration faite dans la ville des Cayes, que l\u2019a\u00e9roport des Cayes est d\u00e9sormais un a\u00e9roport international. Ce changement fait suite aux travaux de modernisation entrepris par l'\u00c9tat central, visant \u00e0 am\u00e9liorer l\u2019infrastructure et\u2026","rel":"","context":"In &quot;SOCIETE&quot;","block_context":{"text":"SOCIETE","link":"https:\/\/radioecoutefm.com\/index.php\/category\/societe\/"},"img":{"alt_text":"","src":"https:\/\/i0.wp.com\/radioecoutefm.com\/wp-content\/uploads\/2025\/03\/aerport-cayes-4-mars.jpg?fit=640%2C427&ssl=1&resize=350%2C200","width":350,"height":200,"srcset":"https:\/\/i0.wp.com\/radioecoutefm.com\/wp-content\/uploads\/2025\/03\/aerport-cayes-4-mars.jpg?fit=640%2C427&ssl=1&resize=350%2C200 1x, https:\/\/i0.wp.com\/radioecoutefm.com\/wp-content\/uploads\/2025\/03\/aerport-cayes-4-mars.jpg?fit=640%2C427&ssl=1&resize=525%2C300 1.5x"},"classes":[]},{"id":5379,"url":"https:\/\/radioecoutefm.com\/index.php\/2025\/06\/24\/debut-de-la-construction-de-la-tour-de-controle-de-laeroport-antoine-simon-des-cayes\/","url_meta":{"origin":1340,"position":5},"title":"D\u00e9but de la construction de la tour de contr\u00f4le de l&#8217;a\u00e9roport Antoine Simon des Cayes","author":"Ecoute FM","date":"24.06.2025","format":false,"excerpt":"Les travaux de construction de la tour de contr\u00f4le temporaire de l'a\u00e9roport Antoine Simon des Cayes ont officiellement d\u00e9but\u00e9, le dimanche 22 juin, marquant une nouvelle \u00e9tape dans la modernisation de cette infrastructure strat\u00e9gique du Grand Sud ha\u00eftien. Cette tour de contr\u00f4le temporaire va permettre \u00e0 l'a\u00e9roport d'am\u00e9liorer ses services.\u2026","rel":"","context":"In &quot;AVIATION&quot;","block_context":{"text":"AVIATION","link":"https:\/\/radioecoutefm.com\/index.php\/category\/aviation\/"},"img":{"alt_text":"","src":"https:\/\/i0.wp.com\/radioecoutefm.com\/wp-content\/uploads\/2025\/06\/Airport.jpg?fit=1080%2C718&ssl=1&resize=350%2C200","width":350,"height":200,"srcset":"https:\/\/i0.wp.com\/radioecoutefm.com\/wp-content\/uploads\/2025\/06\/Airport.jpg?fit=1080%2C718&ssl=1&resize=350%2C200 1x, https:\/\/i0.wp.com\/radioecoutefm.com\/wp-content\/uploads\/2025\/06\/Airport.jpg?fit=1080%2C718&ssl=1&resize=525%2C300 1.5x, https:\/\/i0.wp.com\/radioecoutefm.com\/wp-content\/uploads\/2025\/06\/Airport.jpg?fit=1080%2C718&ssl=1&resize=700%2C400 2x, https:\/\/i0.wp.com\/radioecoutefm.com\/wp-content\/uploads\/2025\/06\/Airport.jpg?fit=1080%2C718&ssl=1&resize=1050%2C600 3x"},"classes":[]}],"authors":[{"term_id":53,"user_id":5,"is_guest":0,"slug":"claude-dieuphene","display_name":"Claude DIEUPHENE","avatar_url":"https:\/\/secure.gravatar.com\/avatar\/52a9885f415a42cb79e7e24223a825cc709ae7f51b165028b5dc383e1d8c3c5f?s=96&d=mm&r=g","0":null,"1":"","2":"","3":"","4":"","5":"","6":"","7":"","8":""}],"_links":{"self":[{"href":"https:\/\/radioecoutefm.com\/index.php\/wp-json\/wp\/v2\/posts\/1340","targetHints":{"allow":["GET"]}}],"collection":[{"href":"https:\/\/radioecoutefm.com\/index.php\/wp-json\/wp\/v2\/posts"}],"about":[{"href":"https:\/\/radioecoutefm.com\/index.php\/wp-json\/wp\/v2\/types\/post"}],"author":[{"embeddable":true,"href":"https:\/\/radioecoutefm.com\/index.php\/wp-json\/wp\/v2\/users\/5"}],"replies":[{"embeddable":true,"href":"https:\/\/radioecoutefm.com\/index.php\/wp-json\/wp\/v2\/comments?post=1340"}],"version-history":[{"count":1,"href":"https:\/\/radioecoutefm.com\/index.php\/wp-json\/wp\/v2\/posts\/1340\/revisions"}],"predecessor-version":[{"id":1345,"href":"https:\/\/radioecoutefm.com\/index.php\/wp-json\/wp\/v2\/posts\/1340\/revisions\/1345"}],"wp:featuredmedia":[{"embeddable":true,"href":"https:\/\/radioecoutefm.com\/index.php\/wp-json\/wp\/v2\/media\/1341"}],"wp:attachment":[{"href":"https:\/\/radioecoutefm.com\/index.php\/wp-json\/wp\/v2\/media?parent=1340"}],"wp:term":[{"taxonomy":"category","embeddable":true,"href":"https:\/\/radioecoutefm.com\/index.php\/wp-json\/wp\/v2\/categories?post=1340"},{"taxonomy":"post_tag","embeddable":true,"href":"https:\/\/radioecoutefm.com\/index.php\/wp-json\/wp\/v2\/tags?post=1340"},{"taxonomy":"author","embeddable":true,"href":"https:\/\/radioecoutefm.com\/index.php\/wp-json\/wp\/v2\/ppma_author?post=1340"}],"curies":[{"name":"wp","href":"https:\/\/api.w.org\/{rel}","templated":true}]}}