{"id":1307,"date":"2025-03-05T19:36:42","date_gmt":"2025-03-05T19:36:42","guid":{"rendered":"https:\/\/radioecoutefm.com\/?p=1307"},"modified":"2025-03-05T19:36:42","modified_gmt":"2025-03-05T19:36:42","slug":"investiture-de-fritz-alphonse-jean-la-presidence-convie-les-autorites-a-la-ceremonie-officielle-du-7-mars","status":"publish","type":"post","link":"https:\/\/radioecoutefm.com\/index.php\/2025\/03\/05\/investiture-de-fritz-alphonse-jean-la-presidence-convie-les-autorites-a-la-ceremonie-officielle-du-7-mars\/","title":{"rendered":"Investiture de Fritz Alphonse Jean : La Pr\u00e9sidence convie les autorit\u00e9s \u00e0 la c\u00e9r\u00e9monie officielle du 7 mars"},"content":{"rendered":"<p data-start=\"103\" data-end=\"483\">Le Secr\u00e9tariat de la Pr\u00e9sidence a officiellement adress\u00e9 une invitation au Secr\u00e9taire g\u00e9n\u00e9ral de la Primature, demandant de notifier le Premier ministre, les ministres, les secr\u00e9taires d\u2019\u00c9tat, ainsi que le directeur de cabinet du Premier ministre, qu&#8217;ils sont convi\u00e9s \u00e0 la c\u00e9r\u00e9monie d\u2019investiture de Fritz Alphonse Jean en tant que Pr\u00e9sident du Conseil pr\u00e9sidentiel de transition.<\/p>\n<p data-start=\"485\" data-end=\"704\">La note transmise aux autorit\u00e9s concern\u00e9es pr\u00e9cise que l&#8217;\u00e9v\u00e9nement aura lieu le <strong data-start=\"565\" data-end=\"603\">vendredi 7 mars 2025 \u00e0 9h du matin<\/strong> \u00e0 la Villa d&#8217;Accueil, un lieu symbolique pour cette \u00e9tape importante du processus politique ha\u00eftien.<\/p>\n<p data-start=\"706\" data-end=\"1137\">Cette investiture marque un moment d\u00e9cisif dans la transition politique du pays. Fritz Alphonse Jean, qui prendra d\u00e9sormais la t\u00eate du Conseil pr\u00e9sidentiel, se verra confier la lourde t\u00e2che de conduire les r\u00e9formes n\u00e9cessaires pour le r\u00e9tablissement des institutions d\u00e9mocratiques et la stabilit\u00e9 du pays. Son mandat sera crucial pour le redressement d\u2019Ha\u00efti, qui traverse une p\u00e9riode complexe de son histoire politique et sociale.<\/p>\n<p data-start=\"1139\" data-end=\"1382\">Les observateurs s&#8217;attendent \u00e0 des annonces importantes lors de cette c\u00e9r\u00e9monie, ainsi qu&#8217;\u00e0 des d\u00e9clarations du nouveau pr\u00e9sident du Conseil pr\u00e9sidentiel de transition, qui d\u00e9tailleront les priorit\u00e9s de son gouvernement pour les mois \u00e0 venir.<\/p>\n<p data-start=\"1384\" data-end=\"1611\">Plus de d\u00e9tails seront fournis sur le d\u00e9roulement de cette c\u00e9r\u00e9monie et les premi\u00e8res prises de parole de Fritz Alphonse Jean, alors que les yeux du pays et de la communaut\u00e9 internationale seront tourn\u00e9s vers ce moment crucial.<\/p>\n<p data-start=\"1613\" data-end=\"1790\" data-is-last-node=\"\" data-is-only-node=\"\">La c\u00e9r\u00e9monie d&#8217;investiture repr\u00e9sente non seulement un tournant pour le pays, mais \u00e9galement une occasion de relancer les espoirs d\u2019un avenir plus stable et prosp\u00e8re pour Ha\u00efti.<\/p>\n","protected":false},"excerpt":{"rendered":"<p>Le Secr\u00e9tariat de la Pr\u00e9sidence a officiellement adress\u00e9 une invitation au Secr\u00e9taire g\u00e9n\u00e9ral de la Primature, demandant de notifier le Premier ministre, les ministres, les secr\u00e9taires d\u2019\u00c9tat, ainsi que le directeur de cabinet du Premier ministre, qu&#8217;ils sont convi\u00e9s \u00e0 la c\u00e9r\u00e9monie d\u2019investiture de Fritz Alphonse Jean en tant que Pr\u00e9sident du Conseil pr\u00e9sidentiel de [&hellip;]<\/p>\n","protected":false},"author":1,"featured_media":1308,"comment_status":"open","ping_status":"open","sticky":false,"template":"","format":"standard","meta":{"_uag_custom_page_level_css":"","jetpack_post_was_ever_published":false,"_jetpack_newsletter_access":"","_jetpack_dont_email_post_to_subs":false,"_jetpack_newsletter_tier_id":0,"_jetpack_memberships_contains_paywalled_content":false,"_jetpack_memberships_contains_paid_content":false,"footnotes":"","jetpack_publicize_message":"","jetpack_publicize_feature_enabled":true,"jetpack_social_post_already_shared":false,"jetpack_social_options":{"image_generator_settings":{"template":"highway","default_image_id":0,"font":"","enabled":false},"version":2}},"categories":[8],"tags":[],"ppma_author":[15],"class_list":["post-1307","post","type-post","status-publish","format-standard","has-post-thumbnail","hentry","category-politique"],"aioseo_notices":[],"jetpack_publicize_connections":[],"jetpack_featured_media_url":"https:\/\/i0.wp.com\/radioecoutefm.com\/wp-content\/uploads\/2025\/03\/fritzjean.jpeg?fit=2560%2C1707&ssl=1","uagb_featured_image_src":{"full":["https:\/\/i0.wp.com\/radioecoutefm.com\/wp-content\/uploads\/2025\/03\/fritzjean.jpeg?fit=2560%2C1707&ssl=1",2560,1707,false],"thumbnail":["https:\/\/i0.wp.com\/radioecoutefm.com\/wp-content\/uploads\/2025\/03\/fritzjean.jpeg?resize=150%2C150&ssl=1",150,150,true],"medium":["https:\/\/i0.wp.com\/radioecoutefm.com\/wp-content\/uploads\/2025\/03\/fritzjean.jpeg?fit=300%2C200&ssl=1",300,200,true],"medium_large":["https:\/\/i0.wp.com\/radioecoutefm.com\/wp-content\/uploads\/2025\/03\/fritzjean.jpeg?fit=640%2C427&ssl=1",640,427,true],"large":["https:\/\/i0.wp.com\/radioecoutefm.com\/wp-content\/uploads\/2025\/03\/fritzjean.jpeg?fit=640%2C427&ssl=1",640,427,true],"1536x1536":["https:\/\/i0.wp.com\/radioecoutefm.com\/wp-content\/uploads\/2025\/03\/fritzjean.jpeg?fit=1536%2C1024&ssl=1",1536,1024,true],"2048x2048":["https:\/\/i0.wp.com\/radioecoutefm.com\/wp-content\/uploads\/2025\/03\/fritzjean.jpeg?fit=2048%2C1366&ssl=1",2048,1366,true],"newsair-slider-full":["https:\/\/i0.wp.com\/radioecoutefm.com\/wp-content\/uploads\/2025\/03\/fritzjean.jpeg?resize=1280%2C720&ssl=1",1280,720,true],"newsair-featured":["https:\/\/i0.wp.com\/radioecoutefm.com\/wp-content\/uploads\/2025\/03\/fritzjean.jpeg?fit=1024%2C683&ssl=1",1024,683,true],"newsair-medium":["https:\/\/i0.wp.com\/radioecoutefm.com\/wp-content\/uploads\/2025\/03\/fritzjean.jpeg?resize=720%2C380&ssl=1",720,380,true]},"uagb_author_info":{"display_name":"Ecoute FM","author_link":"https:\/\/radioecoutefm.com\/index.php\/author\/borgellaattis\/"},"uagb_comment_info":0,"uagb_excerpt":"Le Secr\u00e9tariat de la Pr\u00e9sidence a officiellement adress\u00e9 une invitation au Secr\u00e9taire g\u00e9n\u00e9ral de la Primature, demandant de notifier le Premier ministre, les ministres, les secr\u00e9taires d\u2019\u00c9tat, ainsi que le directeur de cabinet du Premier ministre, qu&#8217;ils sont convi\u00e9s \u00e0 la c\u00e9r\u00e9monie d\u2019investiture de Fritz Alphonse Jean en tant que Pr\u00e9sident du Conseil pr\u00e9sidentiel de&hellip;","jetpack_sharing_enabled":true,"jetpack_shortlink":"https:\/\/wp.me\/pgoyna-l5","jetpack-related-posts":[{"id":5077,"url":"https:\/\/radioecoutefm.com\/index.php\/2025\/06\/12\/fritz-alphonse-jean-represente-haiti-au-sommet-caraibe-bresil\/","url_meta":{"origin":1307,"position":0},"title":"Fritz Alphonse Jean repr\u00e9sente Ha\u00efti au Sommet Cara\u00efbe-Br\u00e9sil","author":"Ecoute FM","date":"12.06.2025","format":false,"excerpt":"Le Coordonnateur du Conseil Pr\u00e9sidentiel de Transition (CPT), Fritz Alphonse Jean, a quitt\u00e9 Port-au-Prince ce mercredi 11 juin 2025 pour se rendre \u00e0 Brasilia, au Br\u00e9sil, o\u00f9 il participera au Sommet Cara\u00efbe-Br\u00e9sil pr\u00e9vu pour le 13 juin. Il est accompagn\u00e9 de la ministre de la Planification et de la Coop\u00e9ration\u2026","rel":"","context":"In &quot;SOCIETE&quot;","block_context":{"text":"SOCIETE","link":"https:\/\/radioecoutefm.com\/index.php\/category\/societe\/"},"img":{"alt_text":"","src":"https:\/\/i0.wp.com\/radioecoutefm.com\/wp-content\/uploads\/2025\/06\/IMG_2222.jpeg?fit=1200%2C675&ssl=1&resize=350%2C200","width":350,"height":200,"srcset":"https:\/\/i0.wp.com\/radioecoutefm.com\/wp-content\/uploads\/2025\/06\/IMG_2222.jpeg?fit=1200%2C675&ssl=1&resize=350%2C200 1x, https:\/\/i0.wp.com\/radioecoutefm.com\/wp-content\/uploads\/2025\/06\/IMG_2222.jpeg?fit=1200%2C675&ssl=1&resize=525%2C300 1.5x, https:\/\/i0.wp.com\/radioecoutefm.com\/wp-content\/uploads\/2025\/06\/IMG_2222.jpeg?fit=1200%2C675&ssl=1&resize=700%2C400 2x, https:\/\/i0.wp.com\/radioecoutefm.com\/wp-content\/uploads\/2025\/06\/IMG_2222.jpeg?fit=1200%2C675&ssl=1&resize=1050%2C600 3x"},"classes":[]},{"id":1378,"url":"https:\/\/radioecoutefm.com\/index.php\/2025\/03\/07\/fritz-alphonse-jean-prend-la-presidence-du-cpt-dans-un-contexte-de-crise-majeure\/","url_meta":{"origin":1307,"position":1},"title":"Fritz Alphonse Jean prend la pr\u00e9sidence du CPT dans un contexte de crise majeure","author":"Claude DIEUPHENE","date":"07.03.2025","format":false,"excerpt":"L'accession de Fritz Alphonse Jean \u00e0 la pr\u00e9sidence du Conseil pr\u00e9sidentiel de transition (CPT) intervient \u00e0 un moment particuli\u00e8rement critique pour le pays. En effet, Ha\u00efti traverse une crise multidimensionnelle, marqu\u00e9e par une ins\u00e9curit\u00e9 grandissante, une instabilit\u00e9 politique persistante et une situation humanitaire de plus en plus alarmante. Le climat\u2026","rel":"","context":"In &quot;POLITIQUE&quot;","block_context":{"text":"POLITIQUE","link":"https:\/\/radioecoutefm.com\/index.php\/category\/politique\/"},"img":{"alt_text":"","src":"https:\/\/i0.wp.com\/radioecoutefm.com\/wp-content\/uploads\/2025\/03\/jean-fritz.jpeg?fit=360%2C228&ssl=1&resize=350%2C200","width":350,"height":200},"classes":[]},{"id":1371,"url":"https:\/\/radioecoutefm.com\/index.php\/2025\/03\/07\/haiti-fritz-alphonse-jean-annonce-une-guerre-contre-les-gangs-lors-de-la-ceremonie-de-passation-de-pouvoir\/","url_meta":{"origin":1307,"position":2},"title":"Ha\u00efti : Fritz Alphonse Jean annonce une guerre contre les gangs lors de la c\u00e9r\u00e9monie de passation de pouvoir","author":"Ecoute FM","date":"07.03.2025","format":false,"excerpt":"Le 7 mars 2025, lors de la c\u00e9r\u00e9monie de passation de pouvoir, un discours fort et d\u00e9termin\u00e9 a marqu\u00e9 un tournant pour Ha\u00efti. Fritz Alphonse Jean, le nouveau Pr\u00e9sident du Conseil Pr\u00e9sidentiel de Transition (CPT), a annonc\u00e9 qu'une guerre \u00e9tait d\u00e9sormais engag\u00e9e contre les gangs qui d\u00e9stabilisent le pays. Ce\u2026","rel":"","context":"In &quot;POLITIQUE&quot;","block_context":{"text":"POLITIQUE","link":"https:\/\/radioecoutefm.com\/index.php\/category\/politique\/"},"img":{"alt_text":"","src":"https:\/\/i0.wp.com\/radioecoutefm.com\/wp-content\/uploads\/2025\/03\/IMG_1309.jpeg?fit=1200%2C799&ssl=1&resize=350%2C200","width":350,"height":200,"srcset":"https:\/\/i0.wp.com\/radioecoutefm.com\/wp-content\/uploads\/2025\/03\/IMG_1309.jpeg?fit=1200%2C799&ssl=1&resize=350%2C200 1x, https:\/\/i0.wp.com\/radioecoutefm.com\/wp-content\/uploads\/2025\/03\/IMG_1309.jpeg?fit=1200%2C799&ssl=1&resize=525%2C300 1.5x, https:\/\/i0.wp.com\/radioecoutefm.com\/wp-content\/uploads\/2025\/03\/IMG_1309.jpeg?fit=1200%2C799&ssl=1&resize=700%2C400 2x, https:\/\/i0.wp.com\/radioecoutefm.com\/wp-content\/uploads\/2025\/03\/IMG_1309.jpeg?fit=1200%2C799&ssl=1&resize=1050%2C600 3x"},"classes":[]},{"id":5306,"url":"https:\/\/radioecoutefm.com\/index.php\/2025\/06\/21\/crise-haiti-fritz-alphonse-jean-justifie-lengagement-dune-firme-de-securite-privee-et-critique-le-ministre-de-la-defense\/","url_meta":{"origin":1307,"position":3},"title":"Crise Haiti: Fritz Alphonse Jean justifie l\u2019engagement d\u2019une firme de s\u00e9curit\u00e9 priv\u00e9e et critique le ministre de la D\u00e9fense","author":"Ecoute FM","date":"21.06.2025","format":false,"excerpt":"Lors d\u2019un point de presse tenu vendredi 20 juin 2025, Fritz Alphonse Jean, pr\u00e9sident du Conseil de Transition, s\u2019est exprim\u00e9 longuement sur l\u2019\u00e9tat critique de la nation ha\u00eftienne. Pendant pr\u00e8s d\u2019une heure et demie, il a r\u00e9pondu aux questions d\u2019un groupe restreint de cinq journalistes, abordant frontalement plusieurs sujets sensibles.\u2026","rel":"","context":"In &quot;POLITIQUE&quot;","block_context":{"text":"POLITIQUE","link":"https:\/\/radioecoutefm.com\/index.php\/category\/politique\/"},"img":{"alt_text":"","src":"https:\/\/i0.wp.com\/radioecoutefm.com\/wp-content\/uploads\/2025\/06\/Fritz-Jean.webp?fit=1200%2C648&ssl=1&resize=350%2C200","width":350,"height":200,"srcset":"https:\/\/i0.wp.com\/radioecoutefm.com\/wp-content\/uploads\/2025\/06\/Fritz-Jean.webp?fit=1200%2C648&ssl=1&resize=350%2C200 1x, https:\/\/i0.wp.com\/radioecoutefm.com\/wp-content\/uploads\/2025\/06\/Fritz-Jean.webp?fit=1200%2C648&ssl=1&resize=525%2C300 1.5x, https:\/\/i0.wp.com\/radioecoutefm.com\/wp-content\/uploads\/2025\/06\/Fritz-Jean.webp?fit=1200%2C648&ssl=1&resize=700%2C400 2x, https:\/\/i0.wp.com\/radioecoutefm.com\/wp-content\/uploads\/2025\/06\/Fritz-Jean.webp?fit=1200%2C648&ssl=1&resize=1050%2C600 3x"},"classes":[]},{"id":2443,"url":"https:\/\/radioecoutefm.com\/index.php\/2025\/04\/07\/haiti-commemore-le-222e-anniversaire-de-la-mort-de-toussaint-louverture-un-appel-a-lunite-et-au-renouveau-national\/","url_meta":{"origin":1307,"position":4},"title":"Ha\u00efti comm\u00e9more le 222e anniversaire de la mort de Toussaint Louverture : un appel \u00e0 l\u2019unit\u00e9 et au renouveau national","author":"Ecoute FM","date":"07.04.2025","format":false,"excerpt":"Deux cent vingt-deux ans apr\u00e8s la disparition de Toussaint Louverture, figure majeure de la lutte contre l\u2019esclavage, Ha\u00efti s\u2019est une nouvelle fois arr\u00eat\u00e9e pour saluer la m\u00e9moire de l\u2019un de ses plus grands h\u00e9ros. \u00c0 Villa d\u2019accueil , lieu symbolique de recueillement, les membres du Conseil Pr\u00e9sidentiel de Transition ont\u2026","rel":"","context":"In &quot;POLITIQUE&quot;","block_context":{"text":"POLITIQUE","link":"https:\/\/radioecoutefm.com\/index.php\/category\/politique\/"},"img":{"alt_text":"","src":"https:\/\/i0.wp.com\/radioecoutefm.com\/wp-content\/uploads\/2025\/04\/IMG_1608.jpeg?fit=1200%2C707&ssl=1&resize=350%2C200","width":350,"height":200,"srcset":"https:\/\/i0.wp.com\/radioecoutefm.com\/wp-content\/uploads\/2025\/04\/IMG_1608.jpeg?fit=1200%2C707&ssl=1&resize=350%2C200 1x, https:\/\/i0.wp.com\/radioecoutefm.com\/wp-content\/uploads\/2025\/04\/IMG_1608.jpeg?fit=1200%2C707&ssl=1&resize=525%2C300 1.5x, https:\/\/i0.wp.com\/radioecoutefm.com\/wp-content\/uploads\/2025\/04\/IMG_1608.jpeg?fit=1200%2C707&ssl=1&resize=700%2C400 2x, https:\/\/i0.wp.com\/radioecoutefm.com\/wp-content\/uploads\/2025\/04\/IMG_1608.jpeg?fit=1200%2C707&ssl=1&resize=1050%2C600 3x"},"classes":[]},{"id":2281,"url":"https:\/\/radioecoutefm.com\/index.php\/2025\/04\/03\/fritz-jean-sadressera-a-la-nation-ce-jeudi-3-avril\/","url_meta":{"origin":1307,"position":5},"title":"Fritz Jean s&#8217;adressera \u00e0 la nation ce jeudi 3 avril","author":"Ecoute FM","date":"03.04.2025","format":false,"excerpt":"Le pr\u00e9sident du Conseil pr\u00e9sidentiel de transition, Fritz Alphonse Jean, livrera un message \u00e0 la nation, ce jeudi 3 avril, \u00e0 8h30 a.m, selon une source proche du Palais National. Le num\u00e9ro un du CPT fera le point sur la crise actuelle et annoncera les grandes d\u00e9cisions pour lutter contre\u2026","rel":"","context":"In &quot;POLITIQUE&quot;","block_context":{"text":"POLITIQUE","link":"https:\/\/radioecoutefm.com\/index.php\/category\/politique\/"},"img":{"alt_text":"","src":"https:\/\/i0.wp.com\/radioecoutefm.com\/wp-content\/uploads\/2025\/04\/fritz-jean.jpeg?fit=1075%2C699&ssl=1&resize=350%2C200","width":350,"height":200,"srcset":"https:\/\/i0.wp.com\/radioecoutefm.com\/wp-content\/uploads\/2025\/04\/fritz-jean.jpeg?fit=1075%2C699&ssl=1&resize=350%2C200 1x, https:\/\/i0.wp.com\/radioecoutefm.com\/wp-content\/uploads\/2025\/04\/fritz-jean.jpeg?fit=1075%2C699&ssl=1&resize=525%2C300 1.5x, https:\/\/i0.wp.com\/radioecoutefm.com\/wp-content\/uploads\/2025\/04\/fritz-jean.jpeg?fit=1075%2C699&ssl=1&resize=700%2C400 2x, https:\/\/i0.wp.com\/radioecoutefm.com\/wp-content\/uploads\/2025\/04\/fritz-jean.jpeg?fit=1075%2C699&ssl=1&resize=1050%2C600 3x"},"classes":[]}],"authors":[{"term_id":15,"user_id":1,"is_guest":0,"slug":"borgellaattis","display_name":"Ecoute FM","avatar_url":"https:\/\/secure.gravatar.com\/avatar\/a5369629745bf29c5deb65198d5e38aed1dc2c880c04b3b630ab3f6e8c623b70?s=96&d=mm&r=g","0":null,"1":"","2":"","3":"","4":"","5":"","6":"","7":"","8":""}],"_links":{"self":[{"href":"https:\/\/radioecoutefm.com\/index.php\/wp-json\/wp\/v2\/posts\/1307","targetHints":{"allow":["GET"]}}],"collection":[{"href":"https:\/\/radioecoutefm.com\/index.php\/wp-json\/wp\/v2\/posts"}],"about":[{"href":"https:\/\/radioecoutefm.com\/index.php\/wp-json\/wp\/v2\/types\/post"}],"author":[{"embeddable":true,"href":"https:\/\/radioecoutefm.com\/index.php\/wp-json\/wp\/v2\/users\/1"}],"replies":[{"embeddable":true,"href":"https:\/\/radioecoutefm.com\/index.php\/wp-json\/wp\/v2\/comments?post=1307"}],"version-history":[{"count":1,"href":"https:\/\/radioecoutefm.com\/index.php\/wp-json\/wp\/v2\/posts\/1307\/revisions"}],"predecessor-version":[{"id":1312,"href":"https:\/\/radioecoutefm.com\/index.php\/wp-json\/wp\/v2\/posts\/1307\/revisions\/1312"}],"wp:featuredmedia":[{"embeddable":true,"href":"https:\/\/radioecoutefm.com\/index.php\/wp-json\/wp\/v2\/media\/1308"}],"wp:attachment":[{"href":"https:\/\/radioecoutefm.com\/index.php\/wp-json\/wp\/v2\/media?parent=1307"}],"wp:term":[{"taxonomy":"category","embeddable":true,"href":"https:\/\/radioecoutefm.com\/index.php\/wp-json\/wp\/v2\/categories?post=1307"},{"taxonomy":"post_tag","embeddable":true,"href":"https:\/\/radioecoutefm.com\/index.php\/wp-json\/wp\/v2\/tags?post=1307"},{"taxonomy":"author","embeddable":true,"href":"https:\/\/radioecoutefm.com\/index.php\/wp-json\/wp\/v2\/ppma_author?post=1307"}],"curies":[{"name":"wp","href":"https:\/\/api.w.org\/{rel}","templated":true}]}}