{"id":1301,"date":"2025-03-05T19:18:10","date_gmt":"2025-03-05T19:18:10","guid":{"rendered":"https:\/\/radioecoutefm.com\/?p=1301"},"modified":"2025-03-05T19:18:10","modified_gmt":"2025-03-05T19:18:10","slug":"etats-unis-la-cour-supreme-somme-ladministration-trump-de-payer-une-partie-de-laide-internationale-gelee","status":"publish","type":"post","link":"https:\/\/radioecoutefm.com\/index.php\/2025\/03\/05\/etats-unis-la-cour-supreme-somme-ladministration-trump-de-payer-une-partie-de-laide-internationale-gelee\/","title":{"rendered":"\u00c9tats-Unis: la Cour supr\u00eame somme l&#8217;administration Trump de payer une partie de l&#8217;aide internationale gel\u00e9e"},"content":{"rendered":"<p>La Cour supr\u00eame am\u00e9ricaine, \u00e0 majorit\u00e9 conservatrice, a r\u00e9tabli mercredi une d\u00e9cision de justice sommant l&#8217;administration Trump de reprendre les versements dus \u00e0 des organisations d&#8217;aide internationale, d&#8217;un montant estim\u00e9 \u00e0 quelque 1,5 \u00e0 2 milliards de dollars.<\/p>\n<p>Deux milliards de financements gel\u00e9s d\u00e8s le premier jour du mandat de Donald Trump pour une dur\u00e9e de 90 jours. Sauf qu\u2019entre-temps, un juge de premi\u00e8re instance avait statu\u00e9 que ces fonds, vot\u00e9s par le Congr\u00e8s, devaient \u00eatre pay\u00e9s \u00e0 leurs b\u00e9n\u00e9ficiaires. C\u2019est ce jugement que vient de valider la Cour supr\u00eame avec cette limite, c\u2019est que les versements correspondent au paiement d\u2019un travail d\u00e9j\u00e0 accompli, \u00e0 l\u2019international, mais aussi par des entreprises et des organisations sur le territoire am\u00e9ricain.<\/p>\n<p>Ce qui est remarquable, c\u2019est que c\u2019est la premi\u00e8re fois que la Cour se prononce sur le fond sur une d\u00e9cision de l\u2019administration et qu\u2019elle se prononce contre. La raison, c\u2019est que deux des quatre juges conservateurs se sont joints aux trois juges dits lib\u00e9raux pour faire basculer la majorit\u00e9.<\/p>\n<p>Ce n\u2019\u00e9tait manifestement pas ce qui \u00e9tait attendu puisque dans un texte parall\u00e8le, les quatre autres juges conservateurs mis en minorit\u00e9 se disent abasourdis par cette d\u00e9cision. Une d\u00e9cision, qui comme toutes celles de la Cour, est d\u00e9finitive et sans appel possible. Elle intervient alors que l\u2019administration Trump a\u00a0<a href=\"https:\/\/www.rfi.fr\/fr\/am%C3%A9riques\/20250208-d%C3%A9mant%C3%A8lement-de-l-usaid-par-donald-trump-des-milliers-de-salari%C3%A9s-licenci%C3%A9s\" target=\"_self\"><strong>pratiquement d\u00e9mantel\u00e9 l\u2019Agence am\u00e9ricaine pour le d\u00e9veloppement international (USAID)<\/strong><\/a>. Elle g\u00e8re un budget annuel de plus de 40 milliards de dollars, ce qui correspond \u00e0 plus de 40% de l\u2019aide humanitaire d\u00e9bours\u00e9e dans le monde, tous pays confondus.<\/p>\n<div class=\"tms-ad m-inread-ad\" data-tms-ad-type=\"inread\" data-tms-ad-provider=\"gam\" data-tms-ad-owner=\"fmm\" data-tms-ad-pos=\"1\" data-tms-ad-status=\"resized\" data-tms-ad-inread-provider=\"teads\">\n<div class=\"teads\">SOURCE: RFI<\/div>\n<\/div>\n","protected":false},"excerpt":{"rendered":"<p>La Cour supr\u00eame am\u00e9ricaine, \u00e0 majorit\u00e9 conservatrice, a r\u00e9tabli mercredi une d\u00e9cision de justice sommant l&#8217;administration Trump de reprendre les versements dus \u00e0 des organisations d&#8217;aide internationale, d&#8217;un montant estim\u00e9 \u00e0 quelque 1,5 \u00e0 2 milliards de dollars. Deux milliards de financements gel\u00e9s d\u00e8s le premier jour du mandat de Donald Trump pour une dur\u00e9e [&hellip;]<\/p>\n","protected":false},"author":1,"featured_media":1302,"comment_status":"open","ping_status":"open","sticky":false,"template":"","format":"standard","meta":{"_uag_custom_page_level_css":"","jetpack_post_was_ever_published":false,"_jetpack_newsletter_access":"","_jetpack_dont_email_post_to_subs":false,"_jetpack_newsletter_tier_id":0,"_jetpack_memberships_contains_paywalled_content":false,"_jetpack_memberships_contains_paid_content":false,"footnotes":"","jetpack_publicize_message":"","jetpack_publicize_feature_enabled":true,"jetpack_social_post_already_shared":false,"jetpack_social_options":{"image_generator_settings":{"template":"highway","default_image_id":0,"font":"","enabled":false},"version":2}},"categories":[46],"tags":[],"ppma_author":[15],"class_list":["post-1301","post","type-post","status-publish","format-standard","has-post-thumbnail","hentry","category-international"],"aioseo_notices":[],"jetpack_publicize_connections":[],"jetpack_featured_media_url":"https:\/\/i0.wp.com\/radioecoutefm.com\/wp-content\/uploads\/2025\/03\/TRUMP.jpg?fit=1000%2C500&ssl=1","uagb_featured_image_src":{"full":["https:\/\/i0.wp.com\/radioecoutefm.com\/wp-content\/uploads\/2025\/03\/TRUMP.jpg?fit=1000%2C500&ssl=1",1000,500,false],"thumbnail":["https:\/\/i0.wp.com\/radioecoutefm.com\/wp-content\/uploads\/2025\/03\/TRUMP.jpg?resize=150%2C150&ssl=1",150,150,true],"medium":["https:\/\/i0.wp.com\/radioecoutefm.com\/wp-content\/uploads\/2025\/03\/TRUMP.jpg?fit=300%2C150&ssl=1",300,150,true],"medium_large":["https:\/\/i0.wp.com\/radioecoutefm.com\/wp-content\/uploads\/2025\/03\/TRUMP.jpg?fit=640%2C320&ssl=1",640,320,true],"large":["https:\/\/i0.wp.com\/radioecoutefm.com\/wp-content\/uploads\/2025\/03\/TRUMP.jpg?fit=640%2C320&ssl=1",640,320,true],"1536x1536":["https:\/\/i0.wp.com\/radioecoutefm.com\/wp-content\/uploads\/2025\/03\/TRUMP.jpg?fit=1000%2C500&ssl=1",1000,500,true],"2048x2048":["https:\/\/i0.wp.com\/radioecoutefm.com\/wp-content\/uploads\/2025\/03\/TRUMP.jpg?fit=1000%2C500&ssl=1",1000,500,true],"newsair-slider-full":["https:\/\/i0.wp.com\/radioecoutefm.com\/wp-content\/uploads\/2025\/03\/TRUMP.jpg?resize=1000%2C500&ssl=1",1000,500,true],"newsair-featured":["https:\/\/i0.wp.com\/radioecoutefm.com\/wp-content\/uploads\/2025\/03\/TRUMP.jpg?fit=1000%2C500&ssl=1",1000,500,true],"newsair-medium":["https:\/\/i0.wp.com\/radioecoutefm.com\/wp-content\/uploads\/2025\/03\/TRUMP.jpg?resize=720%2C380&ssl=1",720,380,true]},"uagb_author_info":{"display_name":"Ecoute FM","author_link":"https:\/\/radioecoutefm.com\/index.php\/author\/borgellaattis\/"},"uagb_comment_info":0,"uagb_excerpt":"La Cour supr\u00eame am\u00e9ricaine, \u00e0 majorit\u00e9 conservatrice, a r\u00e9tabli mercredi une d\u00e9cision de justice sommant l&#8217;administration Trump de reprendre les versements dus \u00e0 des organisations d&#8217;aide internationale, d&#8217;un montant estim\u00e9 \u00e0 quelque 1,5 \u00e0 2 milliards de dollars. Deux milliards de financements gel\u00e9s d\u00e8s le premier jour du mandat de Donald Trump pour une dur\u00e9e&hellip;","jetpack_sharing_enabled":true,"jetpack_shortlink":"https:\/\/wp.me\/pgoyna-kZ","jetpack-related-posts":[{"id":4716,"url":"https:\/\/radioecoutefm.com\/index.php\/2025\/05\/30\/la-cour-supreme-autorise-la-fin-du-statut-humanitaire-pour-les-haitiens\/","url_meta":{"origin":1301,"position":0},"title":"la Cour supr\u00eame autorise la fin du statut humanitaire pour les Ha\u00eftiens","author":"Ecoute FM","date":"30.05.2025","format":false,"excerpt":"La Cour supr\u00eame des \u00c9tats-Unis a autoris\u00e9 vendredi le gouvernement de Donald Trump \u00e0 mettre fin aux protections humanitaires temporaires accord\u00e9es \u00e0 plus de 500 000 migrants, Cubains, Nicaraguayens, Venezueliens, dont des dizaines de milliers d\u2019Ha\u00eftiens . Cette d\u00e9cision repr\u00e9sente un revers majeur pour les b\u00e9n\u00e9ficiaires du programme de \"parole\u2026","rel":"","context":"In &quot;MIGRATION&quot;","block_context":{"text":"MIGRATION","link":"https:\/\/radioecoutefm.com\/index.php\/category\/migration\/"},"img":{"alt_text":"","src":"https:\/\/i0.wp.com\/radioecoutefm.com\/wp-content\/uploads\/2025\/05\/haitians-parole-protest-2024.jpeg?fit=1140%2C811&ssl=1&resize=350%2C200","width":350,"height":200,"srcset":"https:\/\/i0.wp.com\/radioecoutefm.com\/wp-content\/uploads\/2025\/05\/haitians-parole-protest-2024.jpeg?fit=1140%2C811&ssl=1&resize=350%2C200 1x, https:\/\/i0.wp.com\/radioecoutefm.com\/wp-content\/uploads\/2025\/05\/haitians-parole-protest-2024.jpeg?fit=1140%2C811&ssl=1&resize=525%2C300 1.5x, https:\/\/i0.wp.com\/radioecoutefm.com\/wp-content\/uploads\/2025\/05\/haitians-parole-protest-2024.jpeg?fit=1140%2C811&ssl=1&resize=700%2C400 2x, https:\/\/i0.wp.com\/radioecoutefm.com\/wp-content\/uploads\/2025\/05\/haitians-parole-protest-2024.jpeg?fit=1140%2C811&ssl=1&resize=1050%2C600 3x"},"classes":[]},{"id":5096,"url":"https:\/\/radioecoutefm.com\/index.php\/2025\/06\/12\/fin-du-statut-legal-pour-des-milliers-de-migrants-aux-etats-unis-dont-ceux-dhaiti\/","url_meta":{"origin":1301,"position":1},"title":"Fin du statut l\u00e9gal pour des milliers de migrants aux Etats-Unis, dont ceux d\u2019Ha\u00efti","author":"Ecoute FM","date":"12.06.2025","format":false,"excerpt":"L\u2019administration Trump a annonc\u00e9, jeudi, qu\u2019elle r\u00e9voquait le statut l\u00e9gal de centaines de milliers de migrants originaires de Cuba, Ha\u00efti, du Nicaragua et du Venezuela, qui avaient b\u00e9n\u00e9fici\u00e9 d\u2019un programme de lib\u00e9ration conditionnelle mis en place sous l\u2019administration Biden. Selon un avis obtenu par CNN, ces migrants doivent d\u00e9sormais quitter\u2026","rel":"","context":"In &quot;MIGRATION&quot;","block_context":{"text":"MIGRATION","link":"https:\/\/radioecoutefm.com\/index.php\/category\/migration\/"},"img":{"alt_text":"","src":"https:\/\/i0.wp.com\/radioecoutefm.com\/wp-content\/uploads\/2025\/06\/Screenshot-2025-06-12-at-16-29-07-chnv-parole-program-Google-Search.png?fit=574%2C265&ssl=1&resize=350%2C200","width":350,"height":200,"srcset":"https:\/\/i0.wp.com\/radioecoutefm.com\/wp-content\/uploads\/2025\/06\/Screenshot-2025-06-12-at-16-29-07-chnv-parole-program-Google-Search.png?fit=574%2C265&ssl=1&resize=350%2C200 1x, https:\/\/i0.wp.com\/radioecoutefm.com\/wp-content\/uploads\/2025\/06\/Screenshot-2025-06-12-at-16-29-07-chnv-parole-program-Google-Search.png?fit=574%2C265&ssl=1&resize=525%2C300 1.5x"},"classes":[]},{"id":4831,"url":"https:\/\/radioecoutefm.com\/index.php\/2025\/06\/04\/les-recettes-douanieres-atteignent-10-milliards-de-gourdes-en-mai\/","url_meta":{"origin":1301,"position":2},"title":"Les recettes douani\u00e8res atteignent 10 milliards de gourdes en mai","author":"Ecoute FM","date":"04.06.2025","format":false,"excerpt":"L'Administration g\u00e9n\u00e9rale des douanes (AGD) a enregistr\u00e9 des performances remarquables pour le mois de mai 2025, avec des recettes atteignant 10,698,355,985 gourdes, soit plus de 10,6 milliards de gourdes. Ce r\u00e9sultat t\u00e9moigne d'une croissance soutenue des revenus douaniers, avec une progression de plus de 2 milliards de gourdes par rapport\u2026","rel":"","context":"In &quot;ECONOMIE&quot;","block_context":{"text":"ECONOMIE","link":"https:\/\/radioecoutefm.com\/index.php\/category\/economie\/"},"img":{"alt_text":"","src":"https:\/\/i0.wp.com\/radioecoutefm.com\/wp-content\/uploads\/2025\/06\/douane.jpg?fit=1024%2C535&ssl=1&resize=350%2C200","width":350,"height":200,"srcset":"https:\/\/i0.wp.com\/radioecoutefm.com\/wp-content\/uploads\/2025\/06\/douane.jpg?fit=1024%2C535&ssl=1&resize=350%2C200 1x, https:\/\/i0.wp.com\/radioecoutefm.com\/wp-content\/uploads\/2025\/06\/douane.jpg?fit=1024%2C535&ssl=1&resize=525%2C300 1.5x, https:\/\/i0.wp.com\/radioecoutefm.com\/wp-content\/uploads\/2025\/06\/douane.jpg?fit=1024%2C535&ssl=1&resize=700%2C400 2x"},"classes":[]},{"id":3619,"url":"https:\/\/radioecoutefm.com\/index.php\/2025\/04\/30\/les-etats-unis-sappretent-a-designer-les-gangs-haitiens-comme-organisations-terroristes\/","url_meta":{"origin":1301,"position":3},"title":"Les \u00c9tats-Unis s&#8217;appr\u00eatent \u00e0 d\u00e9signer les gangs ha\u00eftiens comme organisations terroristes","author":"Ecoute FM","date":"30.04.2025","format":false,"excerpt":"L'administration Trump a r\u00e9cemment inform\u00e9 officiellement, ce mardi 29 avril, le Congr\u00e8s de son intention de classer les gangs ha\u00eftiens parmi les organisations terroristes \u00e9trang\u00e8res, selon des informations obtenues par l'Associated Press. Cette mesure s\u2019inscrit dans une strat\u00e9gie plus large de lutte contre les groupes criminels transnationaux et renforcerait la\u2026","rel":"","context":"In &quot;INSECURITE&quot;","block_context":{"text":"INSECURITE","link":"https:\/\/radioecoutefm.com\/index.php\/category\/securite\/"},"img":{"alt_text":"","src":"https:\/\/i0.wp.com\/radioecoutefm.com\/wp-content\/uploads\/2025\/04\/054789EA-5F8C-499D-B302-E3EE94098D60.webp?fit=862%2C485&ssl=1&resize=350%2C200","width":350,"height":200,"srcset":"https:\/\/i0.wp.com\/radioecoutefm.com\/wp-content\/uploads\/2025\/04\/054789EA-5F8C-499D-B302-E3EE94098D60.webp?fit=862%2C485&ssl=1&resize=350%2C200 1x, https:\/\/i0.wp.com\/radioecoutefm.com\/wp-content\/uploads\/2025\/04\/054789EA-5F8C-499D-B302-E3EE94098D60.webp?fit=862%2C485&ssl=1&resize=525%2C300 1.5x, https:\/\/i0.wp.com\/radioecoutefm.com\/wp-content\/uploads\/2025\/04\/054789EA-5F8C-499D-B302-E3EE94098D60.webp?fit=862%2C485&ssl=1&resize=700%2C400 2x"},"classes":[]},{"id":4804,"url":"https:\/\/radioecoutefm.com\/index.php\/2025\/06\/03\/la-cour-dappel-de-port-au-prince-annule-la-decision-de-blanchir-les-pretres-frantz-cole-et-fritz-desire\/","url_meta":{"origin":1301,"position":4},"title":"La Cour d&#8217;appel de Port-au-Prince annule la d\u00e9cision de blanchir les pr\u00eatres Frantz Cole et Fritz D\u00e9sir\u00e9","author":"Ecoute FM","date":"03.06.2025","format":false,"excerpt":"La Cour d'appel de Port-au-Prince a annul\u00e9, ce lundi 2 juin, une ordonnance rendue par le juge d\u2019instruction Marthel Jean Claude, qui disculpait les p\u00e8res Frantz Cole et Fritz D\u00e9sir\u00e9 dans le cadre du dossier de trafic d\u2019armes impliquant l'\u00c9glise \u00c9piscopale d\u2019Ha\u00efti. La cour a estim\u00e9 que l\u2019ordonnance souffrait de\u2026","rel":"","context":"In &quot;RELIGION&quot;","block_context":{"text":"RELIGION","link":"https:\/\/radioecoutefm.com\/index.php\/category\/religion\/"},"img":{"alt_text":"","src":"https:\/\/i0.wp.com\/radioecoutefm.com\/wp-content\/uploads\/2025\/06\/64EEE818-DDEB-4B5A-A90E-40357647738F.jpeg?fit=267%2C200&ssl=1&resize=350%2C200","width":350,"height":200},"classes":[]},{"id":4956,"url":"https:\/\/radioecoutefm.com\/index.php\/2025\/06\/07\/le-parlement-haitien-dysfonctionnel-coute-des-milliards-a-letat\/","url_meta":{"origin":1301,"position":5},"title":"Le Parlement ha\u00eftien dysfonctionnel co\u00fbte des milliards \u00e0 l\u2019\u00c9tat","author":"Ecoute FM","date":"07.06.2025","format":false,"excerpt":"Alors que le Parlement ha\u00eftien est dysfonctionnel depuis plusieurs ann\u00e9es, 3 826 employ\u00e9s continuent de percevoir leurs salaires sans rendre le moindre service \u00e0 la nation. Cette masse salariale, totalement d\u00e9connect\u00e9e de toute activit\u00e9 l\u00e9gislative r\u00e9elle, a d\u00e9j\u00e0 co\u00fbt\u00e9 plus de 10 milliards de gourdes au Tr\u00e9sor public. Et pour\u2026","rel":"","context":"In &quot;POLITIQUE&quot;","block_context":{"text":"POLITIQUE","link":"https:\/\/radioecoutefm.com\/index.php\/category\/politique\/"},"img":{"alt_text":"","src":"https:\/\/i0.wp.com\/radioecoutefm.com\/wp-content\/uploads\/2025\/06\/87C85881-F3BC-4C84-8A3E-D76DBBD47D7A.jpeg?fit=960%2C588&ssl=1&resize=350%2C200","width":350,"height":200,"srcset":"https:\/\/i0.wp.com\/radioecoutefm.com\/wp-content\/uploads\/2025\/06\/87C85881-F3BC-4C84-8A3E-D76DBBD47D7A.jpeg?fit=960%2C588&ssl=1&resize=350%2C200 1x, https:\/\/i0.wp.com\/radioecoutefm.com\/wp-content\/uploads\/2025\/06\/87C85881-F3BC-4C84-8A3E-D76DBBD47D7A.jpeg?fit=960%2C588&ssl=1&resize=525%2C300 1.5x, https:\/\/i0.wp.com\/radioecoutefm.com\/wp-content\/uploads\/2025\/06\/87C85881-F3BC-4C84-8A3E-D76DBBD47D7A.jpeg?fit=960%2C588&ssl=1&resize=700%2C400 2x"},"classes":[]}],"authors":[{"term_id":15,"user_id":1,"is_guest":0,"slug":"borgellaattis","display_name":"Ecoute FM","avatar_url":"https:\/\/secure.gravatar.com\/avatar\/a5369629745bf29c5deb65198d5e38aed1dc2c880c04b3b630ab3f6e8c623b70?s=96&d=mm&r=g","0":null,"1":"","2":"","3":"","4":"","5":"","6":"","7":"","8":""}],"_links":{"self":[{"href":"https:\/\/radioecoutefm.com\/index.php\/wp-json\/wp\/v2\/posts\/1301","targetHints":{"allow":["GET"]}}],"collection":[{"href":"https:\/\/radioecoutefm.com\/index.php\/wp-json\/wp\/v2\/posts"}],"about":[{"href":"https:\/\/radioecoutefm.com\/index.php\/wp-json\/wp\/v2\/types\/post"}],"author":[{"embeddable":true,"href":"https:\/\/radioecoutefm.com\/index.php\/wp-json\/wp\/v2\/users\/1"}],"replies":[{"embeddable":true,"href":"https:\/\/radioecoutefm.com\/index.php\/wp-json\/wp\/v2\/comments?post=1301"}],"version-history":[{"count":1,"href":"https:\/\/radioecoutefm.com\/index.php\/wp-json\/wp\/v2\/posts\/1301\/revisions"}],"predecessor-version":[{"id":1306,"href":"https:\/\/radioecoutefm.com\/index.php\/wp-json\/wp\/v2\/posts\/1301\/revisions\/1306"}],"wp:featuredmedia":[{"embeddable":true,"href":"https:\/\/radioecoutefm.com\/index.php\/wp-json\/wp\/v2\/media\/1302"}],"wp:attachment":[{"href":"https:\/\/radioecoutefm.com\/index.php\/wp-json\/wp\/v2\/media?parent=1301"}],"wp:term":[{"taxonomy":"category","embeddable":true,"href":"https:\/\/radioecoutefm.com\/index.php\/wp-json\/wp\/v2\/categories?post=1301"},{"taxonomy":"post_tag","embeddable":true,"href":"https:\/\/radioecoutefm.com\/index.php\/wp-json\/wp\/v2\/tags?post=1301"},{"taxonomy":"author","embeddable":true,"href":"https:\/\/radioecoutefm.com\/index.php\/wp-json\/wp\/v2\/ppma_author?post=1301"}],"curies":[{"name":"wp","href":"https:\/\/api.w.org\/{rel}","templated":true}]}}