{"id":1288,"date":"2025-03-05T16:09:30","date_gmt":"2025-03-05T16:09:30","guid":{"rendered":"https:\/\/radioecoutefm.com\/?p=1288"},"modified":"2025-03-05T16:09:30","modified_gmt":"2025-03-05T16:09:30","slug":"plusieurs-armes-et-munitions-destinees-a-haiti-saisies-en-republique-dominicaine","status":"publish","type":"post","link":"https:\/\/radioecoutefm.com\/index.php\/2025\/03\/05\/plusieurs-armes-et-munitions-destinees-a-haiti-saisies-en-republique-dominicaine\/","title":{"rendered":"Plusieurs armes et munitions destin\u00e9es \u00e0 Ha\u00efti saisies en R\u00e9publique dominicaine"},"content":{"rendered":"<p data-start=\"31\" data-end=\"115\">Selon le tr\u00e8s populaire journal dominicain <em data-start=\"160\" data-end=\"175\">List\u00edn Diario<\/em>, les agents de la Direction g\u00e9n\u00e9rale des douanes (DGA), en collaboration avec le minist\u00e8re public, ont d\u00e9couvert 36 000 capsules de diff\u00e9rents calibres, 18 chargeurs de fusil, 13 chargeurs de 9 millim\u00e8tres, un chargeur de fusil de calibre 50, un silencieux et une bo\u00eete de pistolet lors d\u2019une inspection effectu\u00e9e \u00e0 Haina, \u00e0 Saint-Domingue.<\/p>\n<p data-start=\"518\" data-end=\"920\">Un conteneur en transit, en provenance de Miami (Floride) et \u00e0 destination finale d\u2019Ha\u00efti, qui avait subi une inspection, a r\u00e9v\u00e9l\u00e9 23 armes \u00e0 feu d\u2019origine am\u00e9ricaine. Parmi celles-ci figuraient un fusil Barrett de calibre 50 millim\u00e8tres, 17 fusils de calibre 7,62, un fusil de calibre 9 millim\u00e8tres, cinq pistolets Glock de 9 millim\u00e8tres et une mitrailleuse Uzi, dissimul\u00e9s \u00e0 l\u2019int\u00e9rieur du conteneur.<\/p>\n<p data-start=\"922\" data-end=\"1055\">Cette nouvelle saisie survient dans un contexte de tensions croissantes et d\u2019inqui\u00e9tudes concernant le trafic d\u2019armes dans la r\u00e9gion.<\/p>\n<p data-start=\"1057\" data-end=\"1391\">Il est \u00e0 noter que, r\u00e9cemment, une interception similaire a eu lieu au m\u00eame port, au cours de laquelle 37 armes \u00e0 feu avaient \u00e9t\u00e9 confisqu\u00e9es, dont 30 fusils de diff\u00e9rents calibres, six pistolets Glock Gen 5 de calibre 9 millim\u00e8tres, un pistolet Smith &amp; Wesson mod\u00e8le SD9 VE de calibre 9 millim\u00e8tres, ainsi que 37 chargeurs de fusils.<\/p>\n","protected":false},"excerpt":{"rendered":"<p>Selon le tr\u00e8s populaire journal dominicain List\u00edn Diario, les agents de la Direction g\u00e9n\u00e9rale des douanes (DGA), en collaboration avec le minist\u00e8re public, ont d\u00e9couvert 36 000 capsules de diff\u00e9rents calibres, 18 chargeurs de fusil, 13 chargeurs de 9 millim\u00e8tres, un chargeur de fusil de calibre 50, un silencieux et une bo\u00eete de pistolet lors [&hellip;]<\/p>\n","protected":false},"author":5,"featured_media":1289,"comment_status":"open","ping_status":"open","sticky":false,"template":"","format":"standard","meta":{"_uag_custom_page_level_css":"","jetpack_post_was_ever_published":false,"_jetpack_newsletter_access":"","_jetpack_dont_email_post_to_subs":false,"_jetpack_newsletter_tier_id":0,"_jetpack_memberships_contains_paywalled_content":false,"_jetpack_memberships_contains_paid_content":false,"footnotes":"","jetpack_publicize_message":"","jetpack_publicize_feature_enabled":true,"jetpack_social_post_already_shared":false,"jetpack_social_options":{"image_generator_settings":{"template":"highway","default_image_id":0,"font":"","enabled":false},"version":2}},"categories":[57],"tags":[],"ppma_author":[53],"class_list":["post-1288","post","type-post","status-publish","format-standard","has-post-thumbnail","hentry","category-securite"],"aioseo_notices":[],"jetpack_publicize_connections":[],"jetpack_featured_media_url":"https:\/\/i0.wp.com\/radioecoutefm.com\/wp-content\/uploads\/2025\/03\/60ECE974-D613-4D62-9C4F-9333CBBB34D0.jpeg?fit=800%2C907&ssl=1","uagb_featured_image_src":{"full":["https:\/\/i0.wp.com\/radioecoutefm.com\/wp-content\/uploads\/2025\/03\/60ECE974-D613-4D62-9C4F-9333CBBB34D0.jpeg?fit=800%2C907&ssl=1",800,907,false],"thumbnail":["https:\/\/i0.wp.com\/radioecoutefm.com\/wp-content\/uploads\/2025\/03\/60ECE974-D613-4D62-9C4F-9333CBBB34D0.jpeg?resize=150%2C150&ssl=1",150,150,true],"medium":["https:\/\/i0.wp.com\/radioecoutefm.com\/wp-content\/uploads\/2025\/03\/60ECE974-D613-4D62-9C4F-9333CBBB34D0.jpeg?fit=265%2C300&ssl=1",265,300,true],"medium_large":["https:\/\/i0.wp.com\/radioecoutefm.com\/wp-content\/uploads\/2025\/03\/60ECE974-D613-4D62-9C4F-9333CBBB34D0.jpeg?fit=640%2C726&ssl=1",640,726,true],"large":["https:\/\/i0.wp.com\/radioecoutefm.com\/wp-content\/uploads\/2025\/03\/60ECE974-D613-4D62-9C4F-9333CBBB34D0.jpeg?fit=640%2C726&ssl=1",640,726,true],"1536x1536":["https:\/\/i0.wp.com\/radioecoutefm.com\/wp-content\/uploads\/2025\/03\/60ECE974-D613-4D62-9C4F-9333CBBB34D0.jpeg?fit=800%2C907&ssl=1",800,907,true],"2048x2048":["https:\/\/i0.wp.com\/radioecoutefm.com\/wp-content\/uploads\/2025\/03\/60ECE974-D613-4D62-9C4F-9333CBBB34D0.jpeg?fit=800%2C907&ssl=1",800,907,true],"newsair-slider-full":["https:\/\/i0.wp.com\/radioecoutefm.com\/wp-content\/uploads\/2025\/03\/60ECE974-D613-4D62-9C4F-9333CBBB34D0.jpeg?resize=800%2C720&ssl=1",800,720,true],"newsair-featured":["https:\/\/i0.wp.com\/radioecoutefm.com\/wp-content\/uploads\/2025\/03\/60ECE974-D613-4D62-9C4F-9333CBBB34D0.jpeg?fit=800%2C907&ssl=1",800,907,true],"newsair-medium":["https:\/\/i0.wp.com\/radioecoutefm.com\/wp-content\/uploads\/2025\/03\/60ECE974-D613-4D62-9C4F-9333CBBB34D0.jpeg?resize=720%2C380&ssl=1",720,380,true]},"uagb_author_info":{"display_name":"Claude DIEUPHENE","author_link":"https:\/\/radioecoutefm.com\/index.php\/author\/claude-dieuphene\/"},"uagb_comment_info":0,"uagb_excerpt":"Selon le tr\u00e8s populaire journal dominicain List\u00edn Diario, les agents de la Direction g\u00e9n\u00e9rale des douanes (DGA), en collaboration avec le minist\u00e8re public, ont d\u00e9couvert 36 000 capsules de diff\u00e9rents calibres, 18 chargeurs de fusil, 13 chargeurs de 9 millim\u00e8tres, un chargeur de fusil de calibre 50, un silencieux et une bo\u00eete de pistolet lors&hellip;","jetpack_sharing_enabled":true,"jetpack_shortlink":"https:\/\/wp.me\/pgoyna-kM","jetpack-related-posts":[{"id":1365,"url":"https:\/\/radioecoutefm.com\/index.php\/2025\/03\/07\/saisie-darmes-destinees-a-haiti-une-entreprise-de-transport-dominicaine-mise-en-cause\/","url_meta":{"origin":1288,"position":0},"title":"Saisie d\u2019armes destin\u00e9es \u00e0 Ha\u00efti : Une entreprise de transport dominicaine mise en cause","author":"Ecoute FM","date":"07.03.2025","format":false,"excerpt":"Les autorit\u00e9s dominicaines ont r\u00e9cemment mis a jour un vaste trafic d\u2019armes en provenance des \u00c9tats-Unis et destin\u00e9es \u00e0 Ha\u00efti. L\u2019affaire implique Eugenio Trading, une entreprise de transport maritime dominicaine en activit\u00e9 depuis plus de cinq ans, dont les dirigeants, Urbano Eugenio Garc\u00eda et M\u00e1ximo P\u00e9rez Berig\u00fcete, ont \u00e9t\u00e9 arr\u00eat\u00e9s\u2026","rel":"","context":"In &quot;INSECURITE&quot;","block_context":{"text":"INSECURITE","link":"https:\/\/radioecoutefm.com\/index.php\/category\/securite\/"},"img":{"alt_text":"","src":"https:\/\/i0.wp.com\/radioecoutefm.com\/wp-content\/uploads\/2025\/03\/IMG_1308.jpeg?fit=608%2C342&ssl=1&resize=350%2C200","width":350,"height":200,"srcset":"https:\/\/i0.wp.com\/radioecoutefm.com\/wp-content\/uploads\/2025\/03\/IMG_1308.jpeg?fit=608%2C342&ssl=1&resize=350%2C200 1x, https:\/\/i0.wp.com\/radioecoutefm.com\/wp-content\/uploads\/2025\/03\/IMG_1308.jpeg?fit=608%2C342&ssl=1&resize=525%2C300 1.5x"},"classes":[]},{"id":143,"url":"https:\/\/radioecoutefm.com\/index.php\/2024\/12\/28\/haiti-cite-soleil-des-bandits-armes-tues-et-des-armes-confisquees-par-la-police\/","url_meta":{"origin":1288,"position":1},"title":"Ha\u00efti\/Cit\u00e9 Soleil : des bandits arm\u00e9s tu\u00e9s et des armes confisqu\u00e9es par la police","author":"Ecoute FM","date":"28.12.2024","format":false,"excerpt":"Dans une op\u00e9ration d\u2019envergure orchestr\u00e9e par les agents de la Police Nationale d\u2019Ha\u00efti (PNH) ce jeudi 26 d\u00e9cembre 2024, \u00e0 Sarthe, une commune de Cit\u00e9-Soleil, plusieurs individus li\u00e9s \u00e0 des activit\u00e9s criminelles ont \u00e9t\u00e9 neutralis\u00e9s au cours d\u2019\u00e9changes de tirs avec les forces de l\u2019ordre. \u00a0 Cette intervention a permis\u2026","rel":"","context":"In &quot;Ecoute FM&quot;","block_context":{"text":"Ecoute FM","link":"https:\/\/radioecoutefm.com\/index.php\/category\/ecoute-fm\/"},"img":{"alt_text":"","src":"https:\/\/i0.wp.com\/radioecoutefm.com\/wp-content\/uploads\/2024\/12\/HTI.webp?fit=480%2C335&ssl=1&resize=350%2C200","width":350,"height":200},"classes":[]},{"id":4814,"url":"https:\/\/radioecoutefm.com\/index.php\/2025\/06\/03\/arrestation-dun-presume-membre-de-gang-a-marigot-il-avoue-un-meurtre-familial\/","url_meta":{"origin":1288,"position":2},"title":"Arrestation d\u2019un pr\u00e9sum\u00e9 membre de gang \u00e0 Marigot : il avoue un meurtre familial","author":"Ecoute FM","date":"03.06.2025","format":false,"excerpt":"Ce lundi 2 juin 2025, la police du Sud-Est, appuy\u00e9e par des membres de la population locale, a proc\u00e9d\u00e9 \u00e0 l\u2019arrestation de Widner Merilus, 22 ans, dans la zone de K-Jack, localit\u00e9 de Segen, commune de Marigot. Selon les autorit\u00e9s, le jeune homme serait un membre actif du gang \u00ab\u2026","rel":"","context":"In &quot;SECURITE&quot;","block_context":{"text":"SECURITE","link":"https:\/\/radioecoutefm.com\/index.php\/category\/insecurite\/"},"img":{"alt_text":"","src":"https:\/\/i0.wp.com\/radioecoutefm.com\/wp-content\/uploads\/2025\/06\/3473D968-9AA7-480A-B2AD-759CFFCEF387.jpeg?fit=828%2C871&ssl=1&resize=350%2C200","width":350,"height":200,"srcset":"https:\/\/i0.wp.com\/radioecoutefm.com\/wp-content\/uploads\/2025\/06\/3473D968-9AA7-480A-B2AD-759CFFCEF387.jpeg?fit=828%2C871&ssl=1&resize=350%2C200 1x, https:\/\/i0.wp.com\/radioecoutefm.com\/wp-content\/uploads\/2025\/06\/3473D968-9AA7-480A-B2AD-759CFFCEF387.jpeg?fit=828%2C871&ssl=1&resize=525%2C300 1.5x, https:\/\/i0.wp.com\/radioecoutefm.com\/wp-content\/uploads\/2025\/06\/3473D968-9AA7-480A-B2AD-759CFFCEF387.jpeg?fit=828%2C871&ssl=1&resize=700%2C400 2x"},"classes":[]},{"id":4121,"url":"https:\/\/radioecoutefm.com\/index.php\/2025\/05\/10\/nord-est-les-autorites-haitiennes-remettent-une-arme-volee-aux-autorites-dominicaines\/","url_meta":{"origin":1288,"position":3},"title":"Nord-Est : Les autorit\u00e9s ha\u00eftiennes remettent une arme vol\u00e9e aux autorit\u00e9s dominicaines","author":"Ecoute FM","date":"10.05.2025","format":false,"excerpt":"Dans un geste de coop\u00e9ration transfrontali\u00e8re, les autorit\u00e9s ha\u00eftiennes du d\u00e9partement du Nord-Est ont remis aux autorit\u00e9s dominicaines un fusil de calibre 12, que l\u2019on rapporte avoir \u00e9t\u00e9 vol\u00e9 en territoire voisin avant d\u2019\u00eatre retrouv\u00e9 \u00e0 Ouanaminthe. La remise s\u2019est tenue en pr\u00e9sence du D\u00e9l\u00e9gu\u00e9 d\u00e9partemental du Nord-Est, Dionel Germain,\u2026","rel":"","context":"In &quot;SECURITE&quot;","block_context":{"text":"SECURITE","link":"https:\/\/radioecoutefm.com\/index.php\/category\/insecurite\/"},"img":{"alt_text":"","src":"https:\/\/i0.wp.com\/radioecoutefm.com\/wp-content\/uploads\/2025\/05\/IMG_1993.jpeg?fit=1170%2C578&ssl=1&resize=350%2C200","width":350,"height":200,"srcset":"https:\/\/i0.wp.com\/radioecoutefm.com\/wp-content\/uploads\/2025\/05\/IMG_1993.jpeg?fit=1170%2C578&ssl=1&resize=350%2C200 1x, https:\/\/i0.wp.com\/radioecoutefm.com\/wp-content\/uploads\/2025\/05\/IMG_1993.jpeg?fit=1170%2C578&ssl=1&resize=525%2C300 1.5x, https:\/\/i0.wp.com\/radioecoutefm.com\/wp-content\/uploads\/2025\/05\/IMG_1993.jpeg?fit=1170%2C578&ssl=1&resize=700%2C400 2x, https:\/\/i0.wp.com\/radioecoutefm.com\/wp-content\/uploads\/2025\/05\/IMG_1993.jpeg?fit=1170%2C578&ssl=1&resize=1050%2C600 3x"},"classes":[]},{"id":2724,"url":"https:\/\/radioecoutefm.com\/index.php\/2025\/04\/12\/armes-et-munitions-de-la-pnh-saisies-par-les-bandits-lionel-lazarre-denonce-des-fautes-administratives-graves\/","url_meta":{"origin":1288,"position":4},"title":"Armes et munitions de la PNH saisies par les bandits, Lionel Lazarre d\u00e9nonce des fautes administratives graves","author":"Ecoute FM","date":"12.04.2025","format":false,"excerpt":"Dans la nuit du 10 au 11 avril 2025, \u00e0 Kenscoff, des bandits arm\u00e9s ont saisi plusieurs armes automatiques, plusieurs chargeurs et autres munitions de la PNH. Ces derniers ont \u00e9t\u00e9 pi\u00e9g\u00e9s par des femmes. Le porte-parole de la PNH , Lionel Lazarre d\u00e9nonce l'attitude des argents de l'ordre qui\u2026","rel":"","context":"In &quot;INSECURITE&quot;","block_context":{"text":"INSECURITE","link":"https:\/\/radioecoutefm.com\/index.php\/category\/securite\/"},"img":{"alt_text":"","src":"https:\/\/i0.wp.com\/radioecoutefm.com\/wp-content\/uploads\/2025\/04\/Minution.jpeg?fit=1080%2C720&ssl=1&resize=350%2C200","width":350,"height":200,"srcset":"https:\/\/i0.wp.com\/radioecoutefm.com\/wp-content\/uploads\/2025\/04\/Minution.jpeg?fit=1080%2C720&ssl=1&resize=350%2C200 1x, https:\/\/i0.wp.com\/radioecoutefm.com\/wp-content\/uploads\/2025\/04\/Minution.jpeg?fit=1080%2C720&ssl=1&resize=525%2C300 1.5x, https:\/\/i0.wp.com\/radioecoutefm.com\/wp-content\/uploads\/2025\/04\/Minution.jpeg?fit=1080%2C720&ssl=1&resize=700%2C400 2x, https:\/\/i0.wp.com\/radioecoutefm.com\/wp-content\/uploads\/2025\/04\/Minution.jpeg?fit=1080%2C720&ssl=1&resize=1050%2C600 3x"},"classes":[]},{"id":3580,"url":"https:\/\/radioecoutefm.com\/index.php\/2025\/04\/29\/haiti-jhon-colem-morvan-dans-la-tourmente\/","url_meta":{"origin":1288,"position":5},"title":"Haiti: Jhon Colem Morvan dans la tourmente","author":"Ecoute FM","date":"29.04.2025","format":false,"excerpt":"Les dirigeants politiques Rony Timoth\u00e9e et Biron Odig\u00e9 ont d\u00e9pos\u00e9, ce lundi, une plainte officielle au Parquet de Port-au-Prince contre l\u2019influenceur ha\u00eftien Jonh Colem Morvan. Cette initiative intervient plusieurs ann\u00e9es apr\u00e8s une plainte similaire d\u00e9pos\u00e9e au Canada par l\u2019homme d\u2019affaires Johnson Napol\u00e9on \u00e0 l\u2019encontre du m\u00eame individu. Dans leur requ\u00eate,\u2026","rel":"","context":"In &quot;JUSTICE&quot;","block_context":{"text":"JUSTICE","link":"https:\/\/radioecoutefm.com\/index.php\/category\/interview\/"},"img":{"alt_text":"","src":"https:\/\/i0.wp.com\/radioecoutefm.com\/wp-content\/uploads\/2025\/04\/IMG_1851.jpeg?fit=1170%2C698&ssl=1&resize=350%2C200","width":350,"height":200,"srcset":"https:\/\/i0.wp.com\/radioecoutefm.com\/wp-content\/uploads\/2025\/04\/IMG_1851.jpeg?fit=1170%2C698&ssl=1&resize=350%2C200 1x, https:\/\/i0.wp.com\/radioecoutefm.com\/wp-content\/uploads\/2025\/04\/IMG_1851.jpeg?fit=1170%2C698&ssl=1&resize=525%2C300 1.5x, https:\/\/i0.wp.com\/radioecoutefm.com\/wp-content\/uploads\/2025\/04\/IMG_1851.jpeg?fit=1170%2C698&ssl=1&resize=700%2C400 2x, https:\/\/i0.wp.com\/radioecoutefm.com\/wp-content\/uploads\/2025\/04\/IMG_1851.jpeg?fit=1170%2C698&ssl=1&resize=1050%2C600 3x"},"classes":[]}],"authors":[{"term_id":53,"user_id":5,"is_guest":0,"slug":"claude-dieuphene","display_name":"Claude DIEUPHENE","avatar_url":"https:\/\/secure.gravatar.com\/avatar\/52a9885f415a42cb79e7e24223a825cc709ae7f51b165028b5dc383e1d8c3c5f?s=96&d=mm&r=g","0":null,"1":"","2":"","3":"","4":"","5":"","6":"","7":"","8":""}],"_links":{"self":[{"href":"https:\/\/radioecoutefm.com\/index.php\/wp-json\/wp\/v2\/posts\/1288","targetHints":{"allow":["GET"]}}],"collection":[{"href":"https:\/\/radioecoutefm.com\/index.php\/wp-json\/wp\/v2\/posts"}],"about":[{"href":"https:\/\/radioecoutefm.com\/index.php\/wp-json\/wp\/v2\/types\/post"}],"author":[{"embeddable":true,"href":"https:\/\/radioecoutefm.com\/index.php\/wp-json\/wp\/v2\/users\/5"}],"replies":[{"embeddable":true,"href":"https:\/\/radioecoutefm.com\/index.php\/wp-json\/wp\/v2\/comments?post=1288"}],"version-history":[{"count":1,"href":"https:\/\/radioecoutefm.com\/index.php\/wp-json\/wp\/v2\/posts\/1288\/revisions"}],"predecessor-version":[{"id":1293,"href":"https:\/\/radioecoutefm.com\/index.php\/wp-json\/wp\/v2\/posts\/1288\/revisions\/1293"}],"wp:featuredmedia":[{"embeddable":true,"href":"https:\/\/radioecoutefm.com\/index.php\/wp-json\/wp\/v2\/media\/1289"}],"wp:attachment":[{"href":"https:\/\/radioecoutefm.com\/index.php\/wp-json\/wp\/v2\/media?parent=1288"}],"wp:term":[{"taxonomy":"category","embeddable":true,"href":"https:\/\/radioecoutefm.com\/index.php\/wp-json\/wp\/v2\/categories?post=1288"},{"taxonomy":"post_tag","embeddable":true,"href":"https:\/\/radioecoutefm.com\/index.php\/wp-json\/wp\/v2\/tags?post=1288"},{"taxonomy":"author","embeddable":true,"href":"https:\/\/radioecoutefm.com\/index.php\/wp-json\/wp\/v2\/ppma_author?post=1288"}],"curies":[{"name":"wp","href":"https:\/\/api.w.org\/{rel}","templated":true}]}}