{"id":1170,"date":"2025-03-04T00:46:43","date_gmt":"2025-03-04T00:46:43","guid":{"rendered":"https:\/\/radioecoutefm.com\/?p=1170"},"modified":"2025-03-04T00:46:43","modified_gmt":"2025-03-04T00:46:43","slug":"des-bureaux-de-lona-a-delmas-17-incendies-par-les-gangs-armes","status":"publish","type":"post","link":"https:\/\/radioecoutefm.com\/index.php\/2025\/03\/04\/des-bureaux-de-lona-a-delmas-17-incendies-par-les-gangs-armes\/","title":{"rendered":"Des bureaux de l&#8217;ONA \u00e0 Delmas 17 incendi\u00e9s par les gangs arm\u00e9s"},"content":{"rendered":"<p data-start=\"99\" data-end=\"283\">Des bandits de la coalition criminelle &#8220;<strong>Viv Ansanm<\/strong>&#8221; ont incendi\u00e9, dans la nuit du samedi 1er mars 2025, plusieurs bureaux de l&#8217;Office National d&#8217;Assurance-Vieillesse (ONA) \u00e0 Delmas 17.<\/p>\n<p data-start=\"285\" data-end=\"613\">Le directeur adjoint de cette institution, Jhonson Absolu, a indiqu\u00e9 que plusieurs documents importants ont \u00e9t\u00e9 compl\u00e8tement d\u00e9truits dans les flammes. Il a profit\u00e9 de l&#8217;occasion pour lancer un appel aux autorit\u00e9s polici\u00e8res afin d&#8217;intensifier leurs op\u00e9rations et interventions pour r\u00e9tablir la paix et la s\u00e9curit\u00e9 dans la zone.<\/p>\n<p data-start=\"615\" data-end=\"773\">Cette \u00e9ni\u00e8me action violente de cette bande arm\u00e9e met en lumi\u00e8re la vuln\u00e9rabilit\u00e9 des institutions publiques face \u00e0 la mont\u00e9e de la violence \u00e0 Port-au-Prince.<\/p>\n","protected":false},"excerpt":{"rendered":"<p>Des bandits de la coalition criminelle &#8220;Viv Ansanm&#8221; ont incendi\u00e9, dans la nuit du samedi 1er mars 2025, plusieurs bureaux de l&#8217;Office National d&#8217;Assurance-Vieillesse (ONA) \u00e0 Delmas 17. Le directeur adjoint de cette institution, Jhonson Absolu, a indiqu\u00e9 que plusieurs documents importants ont \u00e9t\u00e9 compl\u00e8tement d\u00e9truits dans les flammes. Il a profit\u00e9 de l&#8217;occasion pour [&hellip;]<\/p>\n","protected":false},"author":5,"featured_media":1171,"comment_status":"open","ping_status":"open","sticky":false,"template":"","format":"standard","meta":{"_uag_custom_page_level_css":"","jetpack_post_was_ever_published":false,"_jetpack_newsletter_access":"","_jetpack_dont_email_post_to_subs":false,"_jetpack_newsletter_tier_id":0,"_jetpack_memberships_contains_paywalled_content":false,"_jetpack_memberships_contains_paid_content":false,"footnotes":"","jetpack_publicize_message":"","jetpack_publicize_feature_enabled":true,"jetpack_social_post_already_shared":false,"jetpack_social_options":{"image_generator_settings":{"template":"highway","default_image_id":0,"font":"","enabled":false},"version":2}},"categories":[57],"tags":[],"ppma_author":[53],"class_list":["post-1170","post","type-post","status-publish","format-standard","has-post-thumbnail","hentry","category-securite"],"aioseo_notices":[],"jetpack_publicize_connections":[],"jetpack_featured_media_url":"https:\/\/i0.wp.com\/radioecoutefm.com\/wp-content\/uploads\/2025\/03\/WhatsApp-Image-2025-03-03-at-17.07.41.jpeg?fit=1080%2C570&ssl=1","uagb_featured_image_src":{"full":["https:\/\/i0.wp.com\/radioecoutefm.com\/wp-content\/uploads\/2025\/03\/WhatsApp-Image-2025-03-03-at-17.07.41.jpeg?fit=1080%2C570&ssl=1",1080,570,false],"thumbnail":["https:\/\/i0.wp.com\/radioecoutefm.com\/wp-content\/uploads\/2025\/03\/WhatsApp-Image-2025-03-03-at-17.07.41.jpeg?resize=150%2C150&ssl=1",150,150,true],"medium":["https:\/\/i0.wp.com\/radioecoutefm.com\/wp-content\/uploads\/2025\/03\/WhatsApp-Image-2025-03-03-at-17.07.41.jpeg?fit=300%2C158&ssl=1",300,158,true],"medium_large":["https:\/\/i0.wp.com\/radioecoutefm.com\/wp-content\/uploads\/2025\/03\/WhatsApp-Image-2025-03-03-at-17.07.41.jpeg?fit=640%2C338&ssl=1",640,338,true],"large":["https:\/\/i0.wp.com\/radioecoutefm.com\/wp-content\/uploads\/2025\/03\/WhatsApp-Image-2025-03-03-at-17.07.41.jpeg?fit=640%2C338&ssl=1",640,338,true],"1536x1536":["https:\/\/i0.wp.com\/radioecoutefm.com\/wp-content\/uploads\/2025\/03\/WhatsApp-Image-2025-03-03-at-17.07.41.jpeg?fit=1080%2C570&ssl=1",1080,570,true],"2048x2048":["https:\/\/i0.wp.com\/radioecoutefm.com\/wp-content\/uploads\/2025\/03\/WhatsApp-Image-2025-03-03-at-17.07.41.jpeg?fit=1080%2C570&ssl=1",1080,570,true],"newsair-slider-full":["https:\/\/i0.wp.com\/radioecoutefm.com\/wp-content\/uploads\/2025\/03\/WhatsApp-Image-2025-03-03-at-17.07.41.jpeg?resize=1080%2C570&ssl=1",1080,570,true],"newsair-featured":["https:\/\/i0.wp.com\/radioecoutefm.com\/wp-content\/uploads\/2025\/03\/WhatsApp-Image-2025-03-03-at-17.07.41.jpeg?fit=1024%2C540&ssl=1",1024,540,true],"newsair-medium":["https:\/\/i0.wp.com\/radioecoutefm.com\/wp-content\/uploads\/2025\/03\/WhatsApp-Image-2025-03-03-at-17.07.41.jpeg?resize=720%2C380&ssl=1",720,380,true]},"uagb_author_info":{"display_name":"Claude DIEUPHENE","author_link":"https:\/\/radioecoutefm.com\/index.php\/author\/claude-dieuphene\/"},"uagb_comment_info":0,"uagb_excerpt":"Des bandits de la coalition criminelle &#8220;Viv Ansanm&#8221; ont incendi\u00e9, dans la nuit du samedi 1er mars 2025, plusieurs bureaux de l&#8217;Office National d&#8217;Assurance-Vieillesse (ONA) \u00e0 Delmas 17. Le directeur adjoint de cette institution, Jhonson Absolu, a indiqu\u00e9 que plusieurs documents importants ont \u00e9t\u00e9 compl\u00e8tement d\u00e9truits dans les flammes. Il a profit\u00e9 de l&#8217;occasion pour&hellip;","jetpack_sharing_enabled":true,"jetpack_shortlink":"https:\/\/wp.me\/pgoyna-iS","jetpack-related-posts":[{"id":1967,"url":"https:\/\/radioecoutefm.com\/index.php\/2025\/03\/24\/attaque-armee-a-delmas-19\/","url_meta":{"origin":1170,"position":0},"title":"Attaque Arm\u00e9e a Delmas 19","author":"Claude DIEUPHENE","date":"24.03.2025","format":false,"excerpt":"T\u00f4t dans la matinee du lundi 24 Mars 2025, Delmas 19 a \u00e9t\u00e9 le th\u00e9\u00e2tre de nouvelles attaques sanglantes. Des individus arm\u00e9s non identifi\u00e9s ont attaqu\u00e9 les voitures qui franchissent les routes de Bas-Delmas comme Delmas 29, Delmas 19. Au moins un mort et plus d\u2019une vingtaine de bless\u00e9s ont\u2026","rel":"","context":"In &quot;INSECURITE&quot;","block_context":{"text":"INSECURITE","link":"https:\/\/radioecoutefm.com\/index.php\/category\/securite\/"},"img":{"alt_text":"","src":"https:\/\/i0.wp.com\/radioecoutefm.com\/wp-content\/uploads\/2025\/03\/IMG_1467.jpeg?fit=962%2C632&ssl=1&resize=350%2C200","width":350,"height":200,"srcset":"https:\/\/i0.wp.com\/radioecoutefm.com\/wp-content\/uploads\/2025\/03\/IMG_1467.jpeg?fit=962%2C632&ssl=1&resize=350%2C200 1x, https:\/\/i0.wp.com\/radioecoutefm.com\/wp-content\/uploads\/2025\/03\/IMG_1467.jpeg?fit=962%2C632&ssl=1&resize=525%2C300 1.5x, https:\/\/i0.wp.com\/radioecoutefm.com\/wp-content\/uploads\/2025\/03\/IMG_1467.jpeg?fit=962%2C632&ssl=1&resize=700%2C400 2x"},"classes":[]},{"id":1081,"url":"https:\/\/radioecoutefm.com\/index.php\/2025\/03\/02\/operation-policiere-a-delmas-6-plusieurs-bandits-neutralises\/","url_meta":{"origin":1170,"position":1},"title":"Op\u00e9ration polici\u00e8re \u00e0 Delmas 6 : plusieurs bandits neutralis\u00e9s","author":"Ecoute FM","date":"02.03.2025","format":false,"excerpt":"Jimmy Ch\u00e9risier, alias \"Barbecue\", pr\u00e9sident et porte-parole de la coalition de groupes criminels surnomm\u00e9e \"Viv Ansanm\", a \u00e9chapp\u00e9 \u00e0 une op\u00e9ration de police dans le bas de Delmas, le samedi 1er mars 2025. Selon les informations, plusieurs bandits ont \u00e9t\u00e9 arr\u00eat\u00e9s lors de cette op\u00e9ration visant \u00e0 d\u00e9loger les malfrats\u2026","rel":"","context":"In &quot;POLITIQUE&quot;","block_context":{"text":"POLITIQUE","link":"https:\/\/radioecoutefm.com\/index.php\/category\/politique\/"},"img":{"alt_text":"","src":"https:\/\/i0.wp.com\/radioecoutefm.com\/wp-content\/uploads\/2025\/03\/80539609-1788-47CE-8F17-346216EC9031.jpeg?fit=750%2C480&ssl=1&resize=350%2C200","width":350,"height":200,"srcset":"https:\/\/i0.wp.com\/radioecoutefm.com\/wp-content\/uploads\/2025\/03\/80539609-1788-47CE-8F17-346216EC9031.jpeg?fit=750%2C480&ssl=1&resize=350%2C200 1x, https:\/\/i0.wp.com\/radioecoutefm.com\/wp-content\/uploads\/2025\/03\/80539609-1788-47CE-8F17-346216EC9031.jpeg?fit=750%2C480&ssl=1&resize=525%2C300 1.5x, https:\/\/i0.wp.com\/radioecoutefm.com\/wp-content\/uploads\/2025\/03\/80539609-1788-47CE-8F17-346216EC9031.jpeg?fit=750%2C480&ssl=1&resize=700%2C400 2x"},"classes":[]},{"id":4100,"url":"https:\/\/radioecoutefm.com\/index.php\/2025\/05\/10\/tirs-a-delmas-75-le-chanteur-junior-bonheur-et-une-policiere-blesses\/","url_meta":{"origin":1170,"position":2},"title":"Tirs \u00e0 Delmas 75 : le chanteur Junior Bonheur et une polici\u00e8re bless\u00e9s","author":"Ecoute FM","date":"10.05.2025","format":false,"excerpt":"Des coups de feu ont \u00e9clat\u00e9 vendredi soir a Gecko Lounge, situ\u00e9 \u00e0 Delmas 75, semant la panique lors d\u2019une f\u00eate d\u2019anniversaire. L\u2019\u00e9v\u00e9nement priv\u00e9, organis\u00e9 pour Charles Alix, propri\u00e9taire du Flame Lounge Bar & Grill, a \u00e9t\u00e9 marqu\u00e9 par une violente altercation entre plusieurs policiers pr\u00e9sents sur les lieux. Selon\u2026","rel":"","context":"In &quot;CULTURE&quot;","block_context":{"text":"CULTURE","link":"https:\/\/radioecoutefm.com\/index.php\/category\/culture\/"},"img":{"alt_text":"","src":"https:\/\/i0.wp.com\/radioecoutefm.com\/wp-content\/uploads\/2025\/05\/IMG_1988.jpeg?fit=1170%2C973&ssl=1&resize=350%2C200","width":350,"height":200,"srcset":"https:\/\/i0.wp.com\/radioecoutefm.com\/wp-content\/uploads\/2025\/05\/IMG_1988.jpeg?fit=1170%2C973&ssl=1&resize=350%2C200 1x, https:\/\/i0.wp.com\/radioecoutefm.com\/wp-content\/uploads\/2025\/05\/IMG_1988.jpeg?fit=1170%2C973&ssl=1&resize=525%2C300 1.5x, https:\/\/i0.wp.com\/radioecoutefm.com\/wp-content\/uploads\/2025\/05\/IMG_1988.jpeg?fit=1170%2C973&ssl=1&resize=700%2C400 2x, https:\/\/i0.wp.com\/radioecoutefm.com\/wp-content\/uploads\/2025\/05\/IMG_1988.jpeg?fit=1170%2C973&ssl=1&resize=1050%2C600 3x"},"classes":[]},{"id":2970,"url":"https:\/\/radioecoutefm.com\/index.php\/2025\/04\/16\/debut-de-la-manifestation-a-canape-vert-contre-linsecurite-des-barricades-erigees-des-le-matin\/","url_meta":{"origin":1170,"position":3},"title":"D\u00e9but de la manifestation \u00e0 Canap\u00e9-Vert contre l\u2019ins\u00e9curit\u00e9 : des barricades \u00e9rig\u00e9es d\u00e8s le matin","author":"Ecoute FM","date":"16.04.2025","format":false,"excerpt":"Port-au-Prince, 16 avril 2025 \u2014 La journ\u00e9e de ce mercredi a d\u00e9marr\u00e9 sous haute tension dans plusieurs zones de la capitale ha\u00eftienne. Comme annonc\u00e9, un rassemblement contre l\u2019ins\u00e9curit\u00e9 a d\u00e9but\u00e9 dans la matin\u00e9e au niveau \u00a0de Canap\u00e9-Vert, o\u00f9 des barricades ont \u00e9t\u00e9 rapidement \u00e9rig\u00e9es par des manifestants. Pneus enflamm\u00e9s, pierres\u2026","rel":"","context":"In &quot;INSECURITE&quot;","block_context":{"text":"INSECURITE","link":"https:\/\/radioecoutefm.com\/index.php\/category\/securite\/"},"img":{"alt_text":"","src":"https:\/\/i0.wp.com\/radioecoutefm.com\/wp-content\/uploads\/2025\/04\/IMG_1709.jpeg?fit=1077%2C718&ssl=1&resize=350%2C200","width":350,"height":200,"srcset":"https:\/\/i0.wp.com\/radioecoutefm.com\/wp-content\/uploads\/2025\/04\/IMG_1709.jpeg?fit=1077%2C718&ssl=1&resize=350%2C200 1x, https:\/\/i0.wp.com\/radioecoutefm.com\/wp-content\/uploads\/2025\/04\/IMG_1709.jpeg?fit=1077%2C718&ssl=1&resize=525%2C300 1.5x, https:\/\/i0.wp.com\/radioecoutefm.com\/wp-content\/uploads\/2025\/04\/IMG_1709.jpeg?fit=1077%2C718&ssl=1&resize=700%2C400 2x, https:\/\/i0.wp.com\/radioecoutefm.com\/wp-content\/uploads\/2025\/04\/IMG_1709.jpeg?fit=1077%2C718&ssl=1&resize=1050%2C600 3x"},"classes":[]},{"id":2275,"url":"https:\/\/radioecoutefm.com\/index.php\/2025\/04\/03\/le-parti-ede-lance-une-manifestation-pour-ce-jeudi-3-avril\/","url_meta":{"origin":1170,"position":4},"title":"Le parti EDE lance une manifestation pour ce jeudi 3 avril","author":"Ecoute FM","date":"03.04.2025","format":false,"excerpt":"Dans une note portant la signature de son secr\u00e9taire g\u00e9n\u00e9ral, Claude \u00c9douard, le parti politique Les Engag\u00e9s pour le D\u00e9veloppement (EDE) annonce qu'il sera dans les rues pour manifester contre l'ins\u00e9curit\u00e9 et la d\u00e9mission du Conseil pr\u00e9sidentiel de transition. Le mouvement d\u00e9butera \u00e0 Delmas 40 B, \u00e0 partir de 10\u2026","rel":"","context":"In &quot;POLITIQUE&quot;","block_context":{"text":"POLITIQUE","link":"https:\/\/radioecoutefm.com\/index.php\/category\/politique\/"},"img":{"alt_text":"","src":"https:\/\/i0.wp.com\/radioecoutefm.com\/wp-content\/uploads\/2025\/04\/EDE.jpg?fit=1200%2C675&ssl=1&resize=350%2C200","width":350,"height":200,"srcset":"https:\/\/i0.wp.com\/radioecoutefm.com\/wp-content\/uploads\/2025\/04\/EDE.jpg?fit=1200%2C675&ssl=1&resize=350%2C200 1x, https:\/\/i0.wp.com\/radioecoutefm.com\/wp-content\/uploads\/2025\/04\/EDE.jpg?fit=1200%2C675&ssl=1&resize=525%2C300 1.5x, https:\/\/i0.wp.com\/radioecoutefm.com\/wp-content\/uploads\/2025\/04\/EDE.jpg?fit=1200%2C675&ssl=1&resize=700%2C400 2x, https:\/\/i0.wp.com\/radioecoutefm.com\/wp-content\/uploads\/2025\/04\/EDE.jpg?fit=1200%2C675&ssl=1&resize=1050%2C600 3x"},"classes":[]},{"id":284,"url":"https:\/\/radioecoutefm.com\/index.php\/2025\/01\/01\/la-pnh-et-la-force-multinationale-intensifient-leurs-offensives-quel-espoir-pour-haiti\/","url_meta":{"origin":1170,"position":5},"title":"La PNH et la Force multinationale intensifient leurs offensives : quel espoir pour Ha\u00efti ?","author":"Ecoute FM","date":"01.01.2025","format":false,"excerpt":"Depuis plusieurs jours, la Police nationale d\u2019Ha\u00efti (PNH), en collaboration avec la Mission multinationale de S\u00e9curit\u00e9 (MSS), dirig\u00e9e par le Kenya, a intensifi\u00e9 ses op\u00e9rations contre les gangs arm\u00e9s qui s\u00e9vissent dans le pays. Des interventions notables ont eu lieu dans des zones strat\u00e9giques telles :que: Bas-Delmas, Torcel et l\u2019Artibonite,\u2026","rel":"","context":"In &quot;Ecoute FM&quot;","block_context":{"text":"Ecoute FM","link":"https:\/\/radioecoutefm.com\/index.php\/category\/ecoute-fm\/"},"img":{"alt_text":"","src":"https:\/\/i0.wp.com\/radioecoutefm.com\/wp-content\/uploads\/2025\/01\/g-43377.jpg?fit=267%2C200&ssl=1&resize=350%2C200","width":350,"height":200},"classes":[]}],"authors":[{"term_id":53,"user_id":5,"is_guest":0,"slug":"claude-dieuphene","display_name":"Claude DIEUPHENE","avatar_url":"https:\/\/secure.gravatar.com\/avatar\/52a9885f415a42cb79e7e24223a825cc709ae7f51b165028b5dc383e1d8c3c5f?s=96&d=mm&r=g","0":null,"1":"","2":"","3":"","4":"","5":"","6":"","7":"","8":""}],"_links":{"self":[{"href":"https:\/\/radioecoutefm.com\/index.php\/wp-json\/wp\/v2\/posts\/1170","targetHints":{"allow":["GET"]}}],"collection":[{"href":"https:\/\/radioecoutefm.com\/index.php\/wp-json\/wp\/v2\/posts"}],"about":[{"href":"https:\/\/radioecoutefm.com\/index.php\/wp-json\/wp\/v2\/types\/post"}],"author":[{"embeddable":true,"href":"https:\/\/radioecoutefm.com\/index.php\/wp-json\/wp\/v2\/users\/5"}],"replies":[{"embeddable":true,"href":"https:\/\/radioecoutefm.com\/index.php\/wp-json\/wp\/v2\/comments?post=1170"}],"version-history":[{"count":1,"href":"https:\/\/radioecoutefm.com\/index.php\/wp-json\/wp\/v2\/posts\/1170\/revisions"}],"predecessor-version":[{"id":1172,"href":"https:\/\/radioecoutefm.com\/index.php\/wp-json\/wp\/v2\/posts\/1170\/revisions\/1172"}],"wp:featuredmedia":[{"embeddable":true,"href":"https:\/\/radioecoutefm.com\/index.php\/wp-json\/wp\/v2\/media\/1171"}],"wp:attachment":[{"href":"https:\/\/radioecoutefm.com\/index.php\/wp-json\/wp\/v2\/media?parent=1170"}],"wp:term":[{"taxonomy":"category","embeddable":true,"href":"https:\/\/radioecoutefm.com\/index.php\/wp-json\/wp\/v2\/categories?post=1170"},{"taxonomy":"post_tag","embeddable":true,"href":"https:\/\/radioecoutefm.com\/index.php\/wp-json\/wp\/v2\/tags?post=1170"},{"taxonomy":"author","embeddable":true,"href":"https:\/\/radioecoutefm.com\/index.php\/wp-json\/wp\/v2\/ppma_author?post=1170"}],"curies":[{"name":"wp","href":"https:\/\/api.w.org\/{rel}","templated":true}]}}