{"id":1090,"date":"2025-03-02T15:57:02","date_gmt":"2025-03-02T15:57:02","guid":{"rendered":"https:\/\/radioecoutefm.com\/?p=1090"},"modified":"2025-03-02T15:57:02","modified_gmt":"2025-03-02T15:57:02","slug":"apres-une-rencontre-tendue-avec-trump-zelensky-quitte-la-maison-blanche-fragilise","status":"publish","type":"post","link":"https:\/\/radioecoutefm.com\/index.php\/2025\/03\/02\/apres-une-rencontre-tendue-avec-trump-zelensky-quitte-la-maison-blanche-fragilise\/","title":{"rendered":"Apr\u00e8s une rencontre tendue avec Trump, Zelensky quitte la Maison-Blanche fragilis\u00e9"},"content":{"rendered":"<p>La visite du pr\u00e9sident ukrainien Volodymyr Zelensky \u00e0 la Maison-Blanche, vendredi, devait aplanir les tensions des derni\u00e8res semaines avec son homologue am\u00e9ricain Donald Trump et se solder par une entente sur les minerais ukrainiens. Or, la rencontre a tourn\u00e9 \u00e0 l\u2019affrontement, compromettant l&#8217;accord pr\u00e9vu et peut-\u00eatre m\u00eame tout soutien am\u00e9ricain.<\/p>\n<p>Alors que l&#8217;administration de Donald Trump a entam\u00e9 un rapprochement avec la Russie, le pr\u00e9sident et le vice-pr\u00e9sident J.D. Vance se sont emport\u00e9s contre le pr\u00e9sident Zelensky, l&#8217;accusant d&#8217;avoir manqu\u00e9 de respect envers les \u00c9tats-Unis et de ne pas accorder \u00e0 leur pays la gratitude qu&#8217;il m\u00e9rite.<br \/>\nSurvenue devant les cam\u00e9ras de t\u00e9l\u00e9vision, mais transmise en diff\u00e9r\u00e9, l&#8217;altercation n&#8217;a pas de pr\u00e9c\u00e9dent.<\/p>\n<p>Venu express\u00e9ment pour signer l&#8217;accord sur les minerais ukrainiens, le pr\u00e9sident ukrainien a quitt\u00e9 la Maison-Blanche les mains vides et avant la conf\u00e9rence de presse qui aurait d\u00fb avoir lieu plus tard en apr\u00e8s-midi.<\/p>\n<p>Selon plusieurs m\u00e9dias am\u00e9ricains, c&#8217;est la Maison-Blanche qui a demand\u00e9 \u00e0 Volodymyr Zelensky et \u00e0 la d\u00e9l\u00e9gation ukrainienne, qui voulait rester pour les discussions \u00e0 huis clos pr\u00e9vues ensuite, de partir.<br \/>\nNon seulement l&#8217;entretien n&#8217;a pas permis \u00e0 l&#8217;Ukraine d&#8217;obtenir les garanties de s\u00e9curit\u00e9 qu&#8217;elle cherchait \u00e0 obtenir \u2013\u00a0un d\u00e9nouement qui aurait d\u00e9j\u00e0 \u00e9t\u00e9 surprenant vu les fins de non-recevoir d\u00e9j\u00e0 oppos\u00e9es par l&#8217;administration Trump, mais il a carr\u00e9ment vir\u00e9 \u00e0 la catastrophe et laiss\u00e9 ce pays dans une situation encore plus pr\u00e9caire.<\/p>\n<p>&nbsp;<\/p>\n<p>Source: Ici Radio Canada<\/p>\n","protected":false},"excerpt":{"rendered":"<p>La visite du pr\u00e9sident ukrainien Volodymyr Zelensky \u00e0 la Maison-Blanche, vendredi, devait aplanir les tensions des derni\u00e8res semaines avec son homologue am\u00e9ricain Donald Trump et se solder par une entente sur les minerais ukrainiens. Or, la rencontre a tourn\u00e9 \u00e0 l\u2019affrontement, compromettant l&#8217;accord pr\u00e9vu et peut-\u00eatre m\u00eame tout soutien am\u00e9ricain. Alors que l&#8217;administration de Donald [&hellip;]<\/p>\n","protected":false},"author":1,"featured_media":1091,"comment_status":"open","ping_status":"open","sticky":false,"template":"","format":"standard","meta":{"_uag_custom_page_level_css":"","jetpack_post_was_ever_published":false,"_jetpack_newsletter_access":"","_jetpack_dont_email_post_to_subs":false,"_jetpack_newsletter_tier_id":0,"_jetpack_memberships_contains_paywalled_content":false,"_jetpack_memberships_contains_paid_content":false,"footnotes":"","jetpack_publicize_message":"","jetpack_publicize_feature_enabled":true,"jetpack_social_post_already_shared":false,"jetpack_social_options":{"image_generator_settings":{"template":"highway","default_image_id":0,"font":"","enabled":false},"version":2}},"categories":[46],"tags":[],"ppma_author":[15],"class_list":["post-1090","post","type-post","status-publish","format-standard","has-post-thumbnail","hentry","category-international"],"aioseo_notices":[],"jetpack_publicize_connections":[],"jetpack_featured_media_url":"https:\/\/i0.wp.com\/radioecoutefm.com\/wp-content\/uploads\/2025\/03\/58FBB44D-CD24-4BF8-9C70-726F56AA2FAB.jpeg?fit=1200%2C675&ssl=1","uagb_featured_image_src":{"full":["https:\/\/i0.wp.com\/radioecoutefm.com\/wp-content\/uploads\/2025\/03\/58FBB44D-CD24-4BF8-9C70-726F56AA2FAB.jpeg?fit=1200%2C675&ssl=1",1200,675,false],"thumbnail":["https:\/\/i0.wp.com\/radioecoutefm.com\/wp-content\/uploads\/2025\/03\/58FBB44D-CD24-4BF8-9C70-726F56AA2FAB.jpeg?resize=150%2C150&ssl=1",150,150,true],"medium":["https:\/\/i0.wp.com\/radioecoutefm.com\/wp-content\/uploads\/2025\/03\/58FBB44D-CD24-4BF8-9C70-726F56AA2FAB.jpeg?fit=300%2C169&ssl=1",300,169,true],"medium_large":["https:\/\/i0.wp.com\/radioecoutefm.com\/wp-content\/uploads\/2025\/03\/58FBB44D-CD24-4BF8-9C70-726F56AA2FAB.jpeg?fit=640%2C360&ssl=1",640,360,true],"large":["https:\/\/i0.wp.com\/radioecoutefm.com\/wp-content\/uploads\/2025\/03\/58FBB44D-CD24-4BF8-9C70-726F56AA2FAB.jpeg?fit=640%2C360&ssl=1",640,360,true],"1536x1536":["https:\/\/i0.wp.com\/radioecoutefm.com\/wp-content\/uploads\/2025\/03\/58FBB44D-CD24-4BF8-9C70-726F56AA2FAB.jpeg?fit=1200%2C675&ssl=1",1200,675,true],"2048x2048":["https:\/\/i0.wp.com\/radioecoutefm.com\/wp-content\/uploads\/2025\/03\/58FBB44D-CD24-4BF8-9C70-726F56AA2FAB.jpeg?fit=1200%2C675&ssl=1",1200,675,true],"newsair-slider-full":["https:\/\/i0.wp.com\/radioecoutefm.com\/wp-content\/uploads\/2025\/03\/58FBB44D-CD24-4BF8-9C70-726F56AA2FAB.jpeg?resize=1200%2C675&ssl=1",1200,675,true],"newsair-featured":["https:\/\/i0.wp.com\/radioecoutefm.com\/wp-content\/uploads\/2025\/03\/58FBB44D-CD24-4BF8-9C70-726F56AA2FAB.jpeg?fit=1024%2C576&ssl=1",1024,576,true],"newsair-medium":["https:\/\/i0.wp.com\/radioecoutefm.com\/wp-content\/uploads\/2025\/03\/58FBB44D-CD24-4BF8-9C70-726F56AA2FAB.jpeg?resize=720%2C380&ssl=1",720,380,true]},"uagb_author_info":{"display_name":"Ecoute FM","author_link":"https:\/\/radioecoutefm.com\/index.php\/author\/borgellaattis\/"},"uagb_comment_info":0,"uagb_excerpt":"La visite du pr\u00e9sident ukrainien Volodymyr Zelensky \u00e0 la Maison-Blanche, vendredi, devait aplanir les tensions des derni\u00e8res semaines avec son homologue am\u00e9ricain Donald Trump et se solder par une entente sur les minerais ukrainiens. Or, la rencontre a tourn\u00e9 \u00e0 l\u2019affrontement, compromettant l&#8217;accord pr\u00e9vu et peut-\u00eatre m\u00eame tout soutien am\u00e9ricain. Alors que l&#8217;administration de Donald&hellip;","jetpack_sharing_enabled":true,"jetpack_shortlink":"https:\/\/wp.me\/pgoyna-hA","jetpack-related-posts":[],"authors":[{"term_id":15,"user_id":1,"is_guest":0,"slug":"borgellaattis","display_name":"Ecoute FM","avatar_url":"https:\/\/secure.gravatar.com\/avatar\/a5369629745bf29c5deb65198d5e38aed1dc2c880c04b3b630ab3f6e8c623b70?s=96&d=mm&r=g","0":null,"1":"","2":"","3":"","4":"","5":"","6":"","7":"","8":""}],"_links":{"self":[{"href":"https:\/\/radioecoutefm.com\/index.php\/wp-json\/wp\/v2\/posts\/1090","targetHints":{"allow":["GET"]}}],"collection":[{"href":"https:\/\/radioecoutefm.com\/index.php\/wp-json\/wp\/v2\/posts"}],"about":[{"href":"https:\/\/radioecoutefm.com\/index.php\/wp-json\/wp\/v2\/types\/post"}],"author":[{"embeddable":true,"href":"https:\/\/radioecoutefm.com\/index.php\/wp-json\/wp\/v2\/users\/1"}],"replies":[{"embeddable":true,"href":"https:\/\/radioecoutefm.com\/index.php\/wp-json\/wp\/v2\/comments?post=1090"}],"version-history":[{"count":1,"href":"https:\/\/radioecoutefm.com\/index.php\/wp-json\/wp\/v2\/posts\/1090\/revisions"}],"predecessor-version":[{"id":1092,"href":"https:\/\/radioecoutefm.com\/index.php\/wp-json\/wp\/v2\/posts\/1090\/revisions\/1092"}],"wp:featuredmedia":[{"embeddable":true,"href":"https:\/\/radioecoutefm.com\/index.php\/wp-json\/wp\/v2\/media\/1091"}],"wp:attachment":[{"href":"https:\/\/radioecoutefm.com\/index.php\/wp-json\/wp\/v2\/media?parent=1090"}],"wp:term":[{"taxonomy":"category","embeddable":true,"href":"https:\/\/radioecoutefm.com\/index.php\/wp-json\/wp\/v2\/categories?post=1090"},{"taxonomy":"post_tag","embeddable":true,"href":"https:\/\/radioecoutefm.com\/index.php\/wp-json\/wp\/v2\/tags?post=1090"},{"taxonomy":"author","embeddable":true,"href":"https:\/\/radioecoutefm.com\/index.php\/wp-json\/wp\/v2\/ppma_author?post=1090"}],"curies":[{"name":"wp","href":"https:\/\/api.w.org\/{rel}","templated":true}]}}